{"id":2254,"date":"2014-06-27T10:00:54","date_gmt":"2014-06-27T08:00:54","guid":{"rendered":"https:\/\/www.fotocasa.es\/fotocasa-life\/?p=2254"},"modified":"2020-11-27T11:34:09","modified_gmt":"2020-11-27T10:34:09","slug":"los-registradores-de-la-propiedad-reaccionan-ante-la-imposicion-de-la-llevanza-del-registro-civil","status":"publish","type":"post","link":"https:\/\/www.fotocasa.es\/fotocasa-life\/compraventa\/los-registradores-de-la-propiedad-reaccionan-ante-la-imposicion-de-la-llevanza-del-registro-civil\/","title":{"rendered":"Los registradores de la propiedad reaccionan ante la imposici\u00f3n de la llevanza del Registro Civil"},"content":{"rendered":"<p>El <a title=\"Colegio de Registradores\" href=\"http:\/\/www.registradores.org\/\" target=\"_blank\" rel=\"noopener noreferrer\"><strong>Colegio de Registradores de la Propiedad y Mercantiles de Espa\u00f1a<\/strong><\/a> ha vuelto a mostrar su absoluta disconformidad con la decisi\u00f3n del Ministerio de Justicia de asignar a los registradores mercantiles la llevanza del Registro Civil. Una oposici\u00f3n que ya hicieron manifiesta en abril de 2013 y en otras reuniones mantenidas con el Gobierno.<\/p>\n<p>Durante este tiempo, el Colegio ha presentado distintas propuestas que, a juicio de la instituci\u00f3n, responden a las verdaderas demandas de los ciudadanos para un eficaz funcionamiento del Registro Civil. Adem\u00e1s, los registradores hablan del desconocimiento por parte del Ministerio de la estructura del cuerpo de registradores.<\/p>\n<p>Precisamente, es este desconocimiento el que consideran que puede originar problemas jur\u00eddicos, de organizaci\u00f3n y de funcionamiento, adem\u00e1s de entrar en colisi\u00f3n con normas del Derecho Comunitario y su jurisprudencia.<\/p>\n<p>El Colegio lamenta que la decisi\u00f3n no se haya adoptado con el mismo consenso jur\u00eddico y pol\u00edtico con el que se aprob\u00f3 la ley del Registro Civil en 2011, cuya entrada en vigor ahora se aplaza, y expresa su preocupaci\u00f3n y malestar por esta forma de proceder por parte del Ministerio.<\/p>\n<p>Por \u00faltimo, desde el Colegio aseguran que, una vez se tenga conocimiento completo y detallado de esta decisi\u00f3n, estudiar\u00e1 y, en su caso, adoptar\u00e1 las medidas que estime m\u00e1s adecuadas para la defensa de los intereses profesionales de los registradores, sin detrimento del inter\u00e9s general.<\/p>\n<p>&nbsp;<\/p>\n","protected":false},"excerpt":{"rendered":"<p>El Colegio de Registradores de la Propiedad y Mercantiles de Espa\u00f1a ha vuelto a mostrar su absoluta disconformidad con la decisi\u00f3n del Ministerio de Justicia de asignar a los registradores mercantiles la llevanza del Registro Civil. Una oposici\u00f3n que ya hicieron manifiesta en abril de 2013 y en otras reuniones mantenidas con el Gobierno. Durante&#8230;<\/p>\n","protected":false},"author":3,"featured_media":2255,"comment_status":"open","ping_status":"open","sticky":false,"template":"","format":"standard","meta":{"_lmt_disableupdate":"yes","_lmt_disable":"","footnotes":""},"categories":[3],"tags":[304,449],"class_list":["post-2254","post","type-post","status-publish","format-standard","has-post-thumbnail","hentry","category-compraventa","tag-colegio-de-registradores","tag-gobierno-de-espana"],"modified_by":"Administrador","_links":{"self":[{"href":"https:\/\/www.fotocasa.es\/fotocasa-life\/wp-json\/wp\/v2\/posts\/2254","targetHints":{"allow":["GET"]}}],"collection":[{"href":"https:\/\/www.fotocasa.es\/fotocasa-life\/wp-json\/wp\/v2\/posts"}],"about":[{"href":"https:\/\/www.fotocasa.es\/fotocasa-life\/wp-json\/wp\/v2\/types\/post"}],"author":[{"embeddable":true,"href":"https:\/\/www.fotocasa.es\/fotocasa-life\/wp-json\/wp\/v2\/users\/3"}],"replies":[{"embeddable":true,"href":"https:\/\/www.fotocasa.es\/fotocasa-life\/wp-json\/wp\/v2\/comments?post=2254"}],"version-history":[{"count":0,"href":"https:\/\/www.fotocasa.es\/fotocasa-life\/wp-json\/wp\/v2\/posts\/2254\/revisions"}],"wp:featuredmedia":[{"embeddable":true,"href":"https:\/\/www.fotocasa.es\/fotocasa-life\/wp-json\/wp\/v2\/media\/2255"}],"wp:attachment":[{"href":"https:\/\/www.fotocasa.es\/fotocasa-life\/wp-json\/wp\/v2\/media?parent=2254"}],"wp:term":[{"taxonomy":"category","embeddable":true,"href":"https:\/\/www.fotocasa.es\/fotocasa-life\/wp-json\/wp\/v2\/categories?post=2254"},{"taxonomy":"post_tag","embeddable":true,"href":"https:\/\/www.fotocasa.es\/fotocasa-life\/wp-json\/wp\/v2\/tags?post=2254"}],"curies":[{"name":"wp","href":"https:\/\/api.w.org\/{rel}","templated":true}]}}