{"id":22503,"date":"2017-07-06T12:01:49","date_gmt":"2017-07-06T10:01:49","guid":{"rendered":"https:\/\/www.fotocasa.es\/fotocasa-life\/?p=22503"},"modified":"2020-11-27T13:41:51","modified_gmt":"2020-11-27T12:41:51","slug":"los-registradores-recalcan-su-papel-en-la-prevencion-del-blanqueo-de-capitales","status":"publish","type":"post","link":"https:\/\/www.fotocasa.es\/fotocasa-life\/sector\/los-registradores-recalcan-su-papel-en-la-prevencion-del-blanqueo-de-capitales\/","title":{"rendered":"Los registradores recalcan su papel en la prevenci\u00f3n del blanqueo de capitales"},"content":{"rendered":"<p>El decano-presidente del Colegio de Registradores de la Propiedad y Mercantiles de Espa\u00f1a, Gonzalo Aguilera, ha destacado <strong>el papel \u00abfundamental\u00bb de los registradores ante el blanqueo de capitales<\/strong>, durante el discurso de apertura de un curso de verano de esta materia en El Escorial (Madrid), este mi\u00e9rcoles.<\/p>\n<p>El decano tambi\u00e9n ha recalcado que los <a href=\"https:\/\/www.fotocasa.es\/fotocasa-life\/hipotecas-finanzas\/los-registradores-responde-los-aranceles-cuestionados-fueron-supervisados-por-justicia\/\">registradores<\/a> \u00abest\u00e1n luchando para contribuir a la<strong> transparencia del mercado y a la seguridad de los ciudadanos<\/strong> en sus transacciones dentro y fuera de nuestras fronteras\u00bb.<\/p>\n<p>Enmarcado en la XXX edici\u00f3n de los Cursos de Verano de El Escorial, este curso sobre<strong> prevenci\u00f3n de blanqueo de capitales en materia de cr\u00e9ditos inmobiliarios<\/strong> profundizar\u00e1 en el papel que desempe\u00f1ar\u00e1n los registradores en la legislaci\u00f3n resultante de la transposici\u00f3n de las Directivas europeas correspondientes al derecho espa\u00f1ol.<\/p>\n<p>La primera jornada se dedicar\u00e1 al estudio de la adaptaci\u00f3n del derecho espa\u00f1ol a la<strong> legislaci\u00f3n y jurisprudencia europea en materia de cr\u00e9dito inmobiliario<\/strong>, con especial atenci\u00f3n a los problemas que plantea la financiaci\u00f3n del mercado hipotecario, especialmente con los consumidores.<\/p>\n<p>La segunda sesi\u00f3n versar\u00e1 sobre la<strong> necesaria adaptaci\u00f3n del derecho espa\u00f1ol<\/strong> a la IV Directiva en materia de prevenci\u00f3n de blanqueo de capitales con especial atenci\u00f3n al tratamiento de acciones y participaciones sociales.<\/p>\n","protected":false},"excerpt":{"rendered":"<p>Los registradores de la propiedad explican su papel en la prevenci\u00f3n del blanqueo de capitales en el curso de verano en El Escorial (Madrid). <\/p>\n","protected":false},"author":3,"featured_media":22505,"comment_status":"open","ping_status":"closed","sticky":false,"template":"","format":"standard","meta":{"_lmt_disableupdate":"yes","_lmt_disable":"","footnotes":""},"categories":[2327],"tags":[304],"class_list":["post-22503","post","type-post","status-publish","format-standard","has-post-thumbnail","hentry","category-sector","tag-colegio-de-registradores"],"modified_by":"Albert PC","_links":{"self":[{"href":"https:\/\/www.fotocasa.es\/fotocasa-life\/wp-json\/wp\/v2\/posts\/22503","targetHints":{"allow":["GET"]}}],"collection":[{"href":"https:\/\/www.fotocasa.es\/fotocasa-life\/wp-json\/wp\/v2\/posts"}],"about":[{"href":"https:\/\/www.fotocasa.es\/fotocasa-life\/wp-json\/wp\/v2\/types\/post"}],"author":[{"embeddable":true,"href":"https:\/\/www.fotocasa.es\/fotocasa-life\/wp-json\/wp\/v2\/users\/3"}],"replies":[{"embeddable":true,"href":"https:\/\/www.fotocasa.es\/fotocasa-life\/wp-json\/wp\/v2\/comments?post=22503"}],"version-history":[{"count":0,"href":"https:\/\/www.fotocasa.es\/fotocasa-life\/wp-json\/wp\/v2\/posts\/22503\/revisions"}],"wp:featuredmedia":[{"embeddable":true,"href":"https:\/\/www.fotocasa.es\/fotocasa-life\/wp-json\/wp\/v2\/media\/22505"}],"wp:attachment":[{"href":"https:\/\/www.fotocasa.es\/fotocasa-life\/wp-json\/wp\/v2\/media?parent=22503"}],"wp:term":[{"taxonomy":"category","embeddable":true,"href":"https:\/\/www.fotocasa.es\/fotocasa-life\/wp-json\/wp\/v2\/categories?post=22503"},{"taxonomy":"post_tag","embeddable":true,"href":"https:\/\/www.fotocasa.es\/fotocasa-life\/wp-json\/wp\/v2\/tags?post=22503"}],"curies":[{"name":"wp","href":"https:\/\/api.w.org\/{rel}","templated":true}]}}