{"id":2233,"date":"2014-06-26T10:01:38","date_gmt":"2014-06-26T08:01:38","guid":{"rendered":"https:\/\/www.fotocasa.es\/fotocasa-life\/?p=2233"},"modified":"2020-11-27T11:34:10","modified_gmt":"2020-11-27T10:34:10","slug":"bruselas-critica-la-reforma-fiscal-por-poner-en-riesgo-el-cumplimiento-del-deficit","status":"publish","type":"post","link":"https:\/\/www.fotocasa.es\/fotocasa-life\/hipotecas-finanzas\/bruselas-critica-la-reforma-fiscal-por-poner-en-riesgo-el-cumplimiento-del-deficit\/","title":{"rendered":"Bruselas critica la reforma fiscal por poner en riesgo el cumplimiento del d\u00e9ficit"},"content":{"rendered":"<p>La Comisi\u00f3n Europea ha criticado <a title=\"\u00bfC\u00f3mo afecta la nueva reforma fiscal a la vivienda?\" href=\"https:\/\/www.fotocasa.es\/fotocasa-life\/alquiler\/como-afecta-la-nueva-reforma-fiscal-la-vivienda\/\"><strong>la reforma fiscal<\/strong><\/a> aprobada por el Gobierno espa\u00f1ol por no incluir una rebaja de las cotizaciones sociales y una subida del IVA y de los impuestos medioambientales, que impulsen la creaci\u00f3n de empleo, y por mantener y ampliar las deducciones en el impuesto sobre la renta.<\/p>\n<p>El Ejecutivo comunitario ha expresado adem\u00e1s su preocupaci\u00f3n por la posibilidad de que la <strong>rebaja del IRPF provoque que Espa\u00f1a incumpla los objetivos de reducci\u00f3n de d\u00e9ficit<\/strong> pactados con la UE, que se sit\u00faan en el 5,5% en 2014, el 4,2% en 2015 y el 2,8% en 2016.<\/p>\n<p>El portavoz de Asuntos Econ\u00f3micos, Simon O&#8217;Connor, ha admitido que en la reforma hay \u00abalgunos elementos positivos\u00bb. En particular, \u00ablas reducciones en el impuesto sobre la renta reducir\u00e1n la carga fiscal sobre los trabajadores y hay un esfuerzo para ampliar la base del impuesto de sociedades\u00bb.<\/p>\n<p>\u00abPor otro lado, el Gobierno no ha anunciado ning\u00fan traslado en la carga fiscal desde las contribuciones a la Seguridad Social de los empresarios hacia los impuestos indirectos, como <a title=\"Bruselas pide al Gobierno de Rajoy que aumente la carga fiscal a la vivienda\" href=\"https:\/\/www.fotocasa.es\/fotocasa-life\/hipotecas-finanzas\/bruselas-pide-al-gobierno-de-rajoy-que-aumente-la-carga-fiscal-la-vivienda\/\"><strong>el IVA<\/strong><\/a> o las tasas medioambientales, como ha recomendado el Ecofin como receta para impulsar la creaci\u00f3n de empleo\u00bb, ha lamentado el portavoz.<\/p>\n<p>\u00abAdem\u00e1s, sigue habiendo una serie de deducciones en el impuesto sobre la renta y algunas de ellas se ampliar\u00e1n con la reforma, lo que no parece ir en la direcci\u00f3n del objetivo declarado de simplificar el sistema\u00bb, ha resaltado O&#8217;Connor.<\/p>\n<p>Finalmente, el Ejecutivo comunitario \u00abtiene algunas preocupaciones de que las medidas anunciadas pueden hacer <strong>m\u00e1s dif\u00edcil para Espa\u00f1a cumplir sus compromisos de consolidaci\u00f3n fiscal<\/strong>\u00ab. \u00abEs algo que tendremos que analizar cuidadosamente una vez que est\u00e9n disponibles todos los detalles de las medidas propuestas\u00bb, ha apuntado el portavoz.<\/p>\n<p>El vicepresidente de la Comisi\u00f3n y responsable de Asuntos Econ\u00f3micos, Olli Rehn, ya dijo el pasado viernes que <strong>no hab\u00eda sido \u00abconsultado intensivamente\u00bb sobre la reforma fiscal<\/strong> espa\u00f1ola, aunque evit\u00f3 entonces cualquier cr\u00edtica.<\/p>\n<p>Su portavoz ha vuelto a lamentar que \u00abtodav\u00eda no tenemos datos suficientes\u00bb que permitan hacer una evaluaci\u00f3n a fondo. \u00abAlgunas de las medidas anunciadas a\u00fan no se han definido completamente y su impacto presupuestario no se ha especificado\u00bb, ha se\u00f1alado.<\/p>\n<p>&nbsp;<\/p>\n","protected":false},"excerpt":{"rendered":"<p>La Comisi\u00f3n Europea ha criticado la reforma fiscal aprobada por el Gobierno espa\u00f1ol por no incluir una rebaja de las cotizaciones sociales y una subida del IVA y de los impuestos medioambientales, que impulsen la creaci\u00f3n de empleo, y por mantener y ampliar las deducciones en el impuesto sobre la renta. El Ejecutivo comunitario ha&#8230;<\/p>\n","protected":false},"author":3,"featured_media":1901,"comment_status":"open","ping_status":"open","sticky":false,"template":"","format":"standard","meta":{"_lmt_disableupdate":"yes","_lmt_disable":"","footnotes":""},"categories":[6],"tags":[444,524,520,446,118,447,286],"class_list":["post-2233","post","type-post","status-publish","format-standard","has-post-thumbnail","hentry","category-hipotecas-finanzas","tag-comision-europea","tag-creacion-de-empleo","tag-deduccion-por-alquiler","tag-deduccion-por-compra-de-vivienda","tag-economia","tag-reforma-fiscal","tag-union-europea"],"modified_by":"Albert PC","_links":{"self":[{"href":"https:\/\/www.fotocasa.es\/fotocasa-life\/wp-json\/wp\/v2\/posts\/2233","targetHints":{"allow":["GET"]}}],"collection":[{"href":"https:\/\/www.fotocasa.es\/fotocasa-life\/wp-json\/wp\/v2\/posts"}],"about":[{"href":"https:\/\/www.fotocasa.es\/fotocasa-life\/wp-json\/wp\/v2\/types\/post"}],"author":[{"embeddable":true,"href":"https:\/\/www.fotocasa.es\/fotocasa-life\/wp-json\/wp\/v2\/users\/3"}],"replies":[{"embeddable":true,"href":"https:\/\/www.fotocasa.es\/fotocasa-life\/wp-json\/wp\/v2\/comments?post=2233"}],"version-history":[{"count":0,"href":"https:\/\/www.fotocasa.es\/fotocasa-life\/wp-json\/wp\/v2\/posts\/2233\/revisions"}],"wp:featuredmedia":[{"embeddable":true,"href":"https:\/\/www.fotocasa.es\/fotocasa-life\/wp-json\/wp\/v2\/media\/1901"}],"wp:attachment":[{"href":"https:\/\/www.fotocasa.es\/fotocasa-life\/wp-json\/wp\/v2\/media?parent=2233"}],"wp:term":[{"taxonomy":"category","embeddable":true,"href":"https:\/\/www.fotocasa.es\/fotocasa-life\/wp-json\/wp\/v2\/categories?post=2233"},{"taxonomy":"post_tag","embeddable":true,"href":"https:\/\/www.fotocasa.es\/fotocasa-life\/wp-json\/wp\/v2\/tags?post=2233"}],"curies":[{"name":"wp","href":"https:\/\/api.w.org\/{rel}","templated":true}]}}