{"id":22148,"date":"2017-06-14T11:14:06","date_gmt":"2017-06-14T09:14:06","guid":{"rendered":"https:\/\/www.fotocasa.es\/fotocasa-life\/?p=22148"},"modified":"2020-11-27T13:42:12","modified_gmt":"2020-11-27T12:42:12","slug":"ideas-decorar-terraza-primavera","status":"publish","type":"post","link":"https:\/\/www.fotocasa.es\/fotocasa-life\/hogar\/decoracion\/ideas-decorar-terraza-primavera\/","title":{"rendered":"Ideas primaverales para decorar terrazas"},"content":{"rendered":"<p>\u00a1Se acab\u00f3 el fr\u00edo! Y con la llegada del calor la terraza vuelve a convertirse en la estancia preferida de una casa. Ahora s\u00f3lo nos apetece estar al aire libre y disfrutar de cenas y comidas con nuestros amigos y familiares. Por eso ha llegado el momento de ponernos manos a la obra en nuestras terrazas, quitar el polvo de nuestro mobiliario exterior y volver a darle vida aquel espacio abandonado durante tantos meses.<br \/>\nNosotros os proponemos varias opciones que pueden resucitar a tu terraza y darle aquel toque perfecto para disfrutar de las noches m\u00e1gicas de verano.<\/p>\n<h3>Guirnaldas<\/h3>\n<p><img loading=\"lazy\" decoding=\"async\" class=\"aligncenter wp-image-22152 size-full\" src=\"https:\/\/www.fotocasa.es\/fotocasa-life\/wp-content\/uploads\/2017\/06\/guirnalda-terraza.jpg\" alt=\"Guirnalda terraza\" width=\"550\" height=\"550\" title=\"-\" srcset=\"https:\/\/www.fotocasa.es\/fotocasa-life\/wp-content\/uploads\/2017\/06\/guirnalda-terraza.jpg 550w, https:\/\/www.fotocasa.es\/fotocasa-life\/wp-content\/uploads\/2017\/06\/guirnalda-terraza-300x300.jpg 300w, https:\/\/www.fotocasa.es\/fotocasa-life\/wp-content\/uploads\/2017\/06\/guirnalda-terraza-150x150.jpg 150w\" sizes=\"auto, (max-width: 550px) 100vw, 550px\" \/><\/p>\n<p>Solemos darle mucha importancia a la elecci\u00f3n de los muebles para la terraza, y s\u00ed, son muy importantes. No obstante, si solo pusieras los muebles, sin nada m\u00e1s, tendr\u00edas esa sensaci\u00f3n de que est\u00e1 desangelada. Eso demuestra la importancia que tienen los detalles y los accesorios a la hora de completar ese espacio tan deseado de la casa. Por ello, desde habitissimo apostamos por los elementos decorativos como las \u00a0guirnaldas, que tienen un coste econ\u00f3mico bajo y nos permiten dar \u00a0dar \u201cese toque verbenero\u201d de alegr\u00eda y buen rollito veraniego que necesitan nuestra terraza. Con esto no nos estamos refiriendo a los banderines baratos de pl\u00e1stico, sino que hablamos de guirnaldas con estilo. Puedes comprarlas en cualquier tienda o bien hacerlas tu mismo con telas, papel scrapbooking, materiales reciclables\u2026\u00a1como tu quieras!<\/p>\n<h3>Luces<\/h3>\n<p><img loading=\"lazy\" decoding=\"async\" class=\"aligncenter size-full wp-image-22153\" src=\"https:\/\/www.fotocasa.es\/fotocasa-life\/wp-content\/uploads\/2017\/06\/ideas-decoracion-terraza.jpg\" alt=\"- - - -\" width=\"400\" height=\"400\" title=\"-\" srcset=\"https:\/\/www.fotocasa.es\/fotocasa-life\/wp-content\/uploads\/2017\/06\/ideas-decoracion-terraza.jpg 400w, https:\/\/www.fotocasa.es\/fotocasa-life\/wp-content\/uploads\/2017\/06\/ideas-decoracion-terraza-300x300.jpg 300w, https:\/\/www.fotocasa.es\/fotocasa-life\/wp-content\/uploads\/2017\/06\/ideas-decoracion-terraza-150x150.jpg 150w\" sizes=\"auto, (max-width: 400px) 100vw, 400px\" \/><\/p>\n<p>Las terrazas no s\u00f3lo se viven y disfrutan de d\u00eda, tambi\u00e9n de noche. Eso significa que deber\u00e1s prever un sistema de iluminaci\u00f3n que se adec\u00fae a tus necesidades y espacio para crear un ambiente m\u00e1s acogedor, \u00edntimo y rom\u00e1ntico. Por ello <strong>las guirnaldas de luces son un recurso ideal para crearlo<\/strong>. Es un m\u00e9todo econ\u00f3mico, r\u00e1pido y con un resultado incre\u00edble.<br \/>\nPuedes comprar unas nuevas o bien aprovechar las luces de navidad y transformarlas. Hacerlo es m\u00e1s f\u00e1cil de lo que parece con vasitos desechables de colores o con el papel que recubre las magdalenas. Tan solo haz un agujerito para pasar la lucecita y tendr\u00e1s una guirnalda DIY de lo m\u00e1s veraniega.<\/p>\n<h3>Mobiliario con pal\u00e9ts<\/h3>\n<p><img loading=\"lazy\" decoding=\"async\" class=\"aligncenter size-full wp-image-22150\" src=\"https:\/\/www.fotocasa.es\/fotocasa-life\/wp-content\/uploads\/2017\/06\/decorar-terraza-palets.jpg\" alt=\"Decorar terraza con palets\" width=\"364\" height=\"400\" title=\"-\" srcset=\"https:\/\/www.fotocasa.es\/fotocasa-life\/wp-content\/uploads\/2017\/06\/decorar-terraza-palets.jpg 364w, https:\/\/www.fotocasa.es\/fotocasa-life\/wp-content\/uploads\/2017\/06\/decorar-terraza-palets-273x300.jpg 273w, https:\/\/www.fotocasa.es\/fotocasa-life\/wp-content\/uploads\/2017\/06\/decorar-terraza-palets-137x150.jpg 137w\" sizes=\"auto, (max-width: 364px) 100vw, 364px\" \/><\/p>\n<p>El tema del \u2018sello personal\u2019 a la hora de decorar un espacio es algo que impulsamos mucho en habitissimo. Por ello crear un conjunto de terraza hecho con palets es lo que puede marcar la diferencia en tu terraza. Es una genial idea original para amueblar el exterior de tu casa y con un coste muy inferior al coste del mobiliario de terraza que puedes comprar en tiendas. <strong>Dada la resistencia de este material y el aire r\u00fastico que le aporta a los muebles<\/strong>, no tendr\u00e1s problema para que resistan vientos y otras inclemencias meteorol\u00f3gicas.<\/p>\n<h3>Sistema de sombreado<\/h3>\n<p><img loading=\"lazy\" decoding=\"async\" class=\"aligncenter size-large wp-image-22151\" src=\"https:\/\/www.fotocasa.es\/fotocasa-life\/wp-content\/uploads\/2017\/06\/decorar-terraza-verano-450x676.jpg\" alt=\"Decorar terraza verano\" width=\"450\" height=\"676\" title=\"-\"><\/p>\n<p>Tomar el sol en casa y c\u00f3modamente es uno de los principales lujos y objetivos de quien tiene una terraza, pero no hay que olvidarse de que la sombra es igual de necesaria. <strong>Hay sistemas de sombreado para todos los gustos y para todos los bolsillos<\/strong>. Desde una sencilla sombrilla de pie a una p\u00e9rgola, pasando por los techos de ca\u00f1izo o los toldos de toda la vida. Lo importante es que cuentes con alg\u00fan sistema que te permita refugiarte del sol y poder seguir disfrutando de tu terraza, aunque puedas fre\u00edr un huevo en la baldosa de delante.<\/p>\n<h3>Detalles que marcan la diferencia<\/h3>\n<p><img loading=\"lazy\" decoding=\"async\" class=\"aligncenter size-full wp-image-22149\" src=\"https:\/\/www.fotocasa.es\/fotocasa-life\/wp-content\/uploads\/2017\/06\/decoracion-terraza-verano.jpg\" alt=\"Decoraci\u00f3n terraza en verano\" width=\"439\" height=\"658\" title=\"-\" srcset=\"https:\/\/www.fotocasa.es\/fotocasa-life\/wp-content\/uploads\/2017\/06\/decoracion-terraza-verano.jpg 439w, https:\/\/www.fotocasa.es\/fotocasa-life\/wp-content\/uploads\/2017\/06\/decoracion-terraza-verano-200x300.jpg 200w, https:\/\/www.fotocasa.es\/fotocasa-life\/wp-content\/uploads\/2017\/06\/decoracion-terraza-verano-100x150.jpg 100w\" sizes=\"auto, (max-width: 439px) 100vw, 439px\" \/><\/p>\n<p>Mesas decoradas: La clave para decorarla reside en tener un mantel o un camino de mesa bien alegres. Aunque si prefieres optar por tonos m\u00e1s neutros, entonces <strong>puedes aportar color con flores frescas y poniendo vasos de colores<\/strong>. Pon pizarritas con el nombre de cada invitado, es un detalle que seguro que les encantar\u00e1<\/p>\n","protected":false},"excerpt":{"rendered":"<p>con la llegada del calor la terraza vuelve a convertirse en la estancia preferida de una casa. Con estos consejos, le sacar\u00e1s el mayor provecho.<\/p>\n","protected":false},"author":24,"featured_media":22155,"comment_status":"open","ping_status":"closed","sticky":false,"template":"","format":"standard","meta":{"_lmt_disableupdate":"yes","_lmt_disable":"","footnotes":""},"categories":[4],"tags":[],"class_list":["post-22148","post","type-post","status-publish","format-standard","has-post-thumbnail","hentry","category-decoracion"],"modified_by":null,"_links":{"self":[{"href":"https:\/\/www.fotocasa.es\/fotocasa-life\/wp-json\/wp\/v2\/posts\/22148","targetHints":{"allow":["GET"]}}],"collection":[{"href":"https:\/\/www.fotocasa.es\/fotocasa-life\/wp-json\/wp\/v2\/posts"}],"about":[{"href":"https:\/\/www.fotocasa.es\/fotocasa-life\/wp-json\/wp\/v2\/types\/post"}],"author":[{"embeddable":true,"href":"https:\/\/www.fotocasa.es\/fotocasa-life\/wp-json\/wp\/v2\/users\/24"}],"replies":[{"embeddable":true,"href":"https:\/\/www.fotocasa.es\/fotocasa-life\/wp-json\/wp\/v2\/comments?post=22148"}],"version-history":[{"count":0,"href":"https:\/\/www.fotocasa.es\/fotocasa-life\/wp-json\/wp\/v2\/posts\/22148\/revisions"}],"wp:featuredmedia":[{"embeddable":true,"href":"https:\/\/www.fotocasa.es\/fotocasa-life\/wp-json\/wp\/v2\/media\/22155"}],"wp:attachment":[{"href":"https:\/\/www.fotocasa.es\/fotocasa-life\/wp-json\/wp\/v2\/media?parent=22148"}],"wp:term":[{"taxonomy":"category","embeddable":true,"href":"https:\/\/www.fotocasa.es\/fotocasa-life\/wp-json\/wp\/v2\/categories?post=22148"},{"taxonomy":"post_tag","embeddable":true,"href":"https:\/\/www.fotocasa.es\/fotocasa-life\/wp-json\/wp\/v2\/tags?post=22148"}],"curies":[{"name":"wp","href":"https:\/\/api.w.org\/{rel}","templated":true}]}}