{"id":21939,"date":"2017-06-02T15:06:10","date_gmt":"2017-06-02T13:06:10","guid":{"rendered":"https:\/\/www.fotocasa.es\/fotocasa-life\/?p=21939"},"modified":"2021-02-09T18:40:25","modified_gmt":"2021-02-09T17:40:25","slug":"pueblos-encanto-espana","status":"publish","type":"post","link":"https:\/\/www.fotocasa.es\/fotocasa-life\/hogar\/pueblos-encanto-espana\/","title":{"rendered":"Los pueblos m\u00e1s bonitos de Espa\u00f1a"},"content":{"rendered":"<h2>Los pueblos con m\u00e1s encanto de Espa\u00f1a<\/h2>\n<p>Los 57 pueblos m\u00e1s bonitos de Espa\u00f1a participar\u00e1n el pr\u00f3ximo 24 de junio en \u201cLa noche rom\u00e1ntica\u201d. <strong>Un evento que se organizar\u00e1 en m\u00e1s de 300 pueblos de toda Europa coincidiendo con el solsticio de verano<\/strong>. Durante la noche, se celebrar\u00e1n conciertos y degustaciones gastron\u00f3micas con comida t\u00edpica de cada pa\u00eds. Tambi\u00e9n se representar\u00e1n espect\u00e1culos, pasacalles, bailes populares y mucho m\u00e1s.<\/p>\n<p>Y a las 24:00 horas, la noche culminar\u00e1 con el Gran Beso.\u00a0 <strong>Miles de personas se besar\u00e1n en toda Europa para entrar en el libro Guinness de los r\u00e9cords<\/strong> como la mayor cantidad de personas bes\u00e1ndose simult\u00e1neamente. El paso del solsticio de verano ser\u00e1 con el \u201cbeso m\u00e1s bonito del mundo\u201d.<\/p>\n<h3>Asociaci\u00f3n de los Pueblos m\u00e1s Bonitos de Espa\u00f1a<\/h3>\n<p>Esta asociaci\u00f3n promueve el turismo cultural y los pueblos con encanto de nuestro pa\u00eds. Se cre\u00f3 en 2011 inspir\u00e1ndose en asociaciones similares que han sido un \u00e9xito en todo el mundo. <strong>Para poder entrar en la lista, los pueblos deben inscribirse para una auditoria<\/strong>. S\u00f3lo el 20% de los pueblos que se apuntan llegan a obtener el sello de pueblo m\u00e1s bonito de Espa\u00f1a.<\/p>\n<p>La asociaci\u00f3n de los Pueblos m\u00e1s Bonitos de Espa\u00f1a tambi\u00e9n ha lanzado la Gu\u00eda Oficial de este a\u00f1o con informaci\u00f3n tur\u00edstica de todos los pueblos que participan. A parte de <strong>promocionar el turismo rural, la lista de los pueblos con encanto de Espa\u00f1a<\/strong>, tambi\u00e9n pretende luchar contra la despoblaci\u00f3n progresiva de las zonas rurales y fomentar la <strong><a href=\"https:\/\/www.fotocasa.es\/es\/comprar\/viviendas\/espana\/todas-las-zonas\/l?text=de-pueblo\">compra de casas de pueblo<\/a><\/strong>.<\/p>\n<p>La Asociaci\u00f3n de los Pueblos m\u00e1s Bonitos de Espa\u00f1a constata que desde su fundaci\u00f3n y promoci\u00f3n, <strong>la afluencia de turismo en estos pueblos ha aumentado entre un 30%-50%<\/strong>. Aseguran que est\u00e1n orgullosos de poder contribuir a descubrir a los espa\u00f1oles pueblos con encanto que desconoc\u00edan.<\/p>\n<h2>Lista de los principales pueblos con m\u00e1s encanto de Espa\u00f1a 2017<\/h2>\n<p>Como se dice muchas veces, los sitios m\u00e1s bonitos los tenemos al lado de casa. \u00a1Pero muchas veces no lo sabemos! Por eso, hemos hecho una <strong>lista con algunos de los pueblos con encanto m\u00e1s bonitos de Espa\u00f1a<\/strong>.<\/p>\n<h4>Morella (Castell\u00f3n, Comunidad Valenciana)<\/h4>\n<p><img loading=\"lazy\" decoding=\"async\" class=\"size-large wp-image-21943 aligncenter\" src=\"https:\/\/www.fotocasa.es\/fotocasa-life\/wp-content\/uploads\/2017\/06\/morella-676x382.jpg\" alt=\"Morella\" width=\"676\" height=\"382\" title=\"-\"><\/p>\n<p>\u00bfTe gustar\u00eda <a href=\"http:\/\/www.fotocasa.es\/es\/comprar\/casas\/morella\/todas-las-zonas\/\" target=\"_blank\" rel=\"noopener noreferrer\">vivir en Morella<\/a>?<\/p>\n<h4>Yanguas (Soria, Castilla y Le\u00f3n)<\/h4>\n<p><img loading=\"lazy\" decoding=\"async\" class=\"size-large wp-image-21944 aligncenter\" src=\"https:\/\/www.fotocasa.es\/fotocasa-life\/wp-content\/uploads\/2017\/06\/yanguas-676x382.jpg\" alt=\"Yanguas\" width=\"676\" height=\"382\" title=\"-\"><\/p>\n<p>\u00bfTe gustar\u00eda <a href=\"http:\/\/www.fotocasa.es\/es\/comprar\/casas\/villar-del-rio\/todas-las-zonas\/\" target=\"_blank\" rel=\"noopener noreferrer\">vivir\u00a0cerca de\u00a0Yanguas<\/a>?<\/p>\n<h4>Torazu (Asturias, Principado de Asturias)<\/h4>\n<p><\/p>\n<div id=\"attachment_21945\" style=\"width: 686px\" class=\"wp-caption aligncenter\"><img loading=\"lazy\" decoding=\"async\" aria-describedby=\"caption-attachment-21945\" class=\"size-large wp-image-21945\" src=\"https:\/\/www.fotocasa.es\/fotocasa-life\/wp-content\/uploads\/2017\/06\/torazu-676x451.jpg\" alt=\"Torazu\" width=\"676\" height=\"451\" title=\"-\"><p id=\"caption-attachment-21945\" class=\"wp-caption-text\">https:\/\/www.flickr.com\/photos\/urugallu\/<\/p><\/div>\n<p>\u00bfTe gustar\u00eda <a href=\"http:\/\/www.fotocasa.es\/es\/comprar\/casas\/villaviciosa\/todas-las-zonas\/\" target=\"_blank\" rel=\"noopener noreferrer\">vivir cerca de Torazu<\/a>?<\/p>\n<h4>Frigiliana (M\u00e1laga, Andaluc\u00eda)<\/h4>\n<p><img loading=\"lazy\" decoding=\"async\" class=\"size-large wp-image-21946 aligncenter\" src=\"https:\/\/www.fotocasa.es\/fotocasa-life\/wp-content\/uploads\/2017\/06\/Frigiliana-676x382.jpg\" alt=\"Frigiliana\" width=\"676\" height=\"382\" title=\"-\"><\/p>\n<p>\u00bfTe gustar\u00eda <a href=\"http:\/\/www.fotocasa.es\/es\/comprar\/casas\/frigiliana\/todas-las-zonas\/\" target=\"_blank\" rel=\"noopener noreferrer\">vivir en Frigiliana<\/a>?<\/p>\n<h4>Zuheros (C\u00f3rdoba, Andaluc\u00eda)<\/h4>\n<p><img loading=\"lazy\" decoding=\"async\" class=\"size-large wp-image-21947 aligncenter\" src=\"https:\/\/www.fotocasa.es\/fotocasa-life\/wp-content\/uploads\/2017\/06\/Zuheros-676x382.jpg\" alt=\"Zuheros\" width=\"676\" height=\"382\" title=\"-\"><br \/>\n\u00bfTe gustar\u00eda <a href=\"http:\/\/www.fotocasa.es\/es\/alquiler\/casas\/baena\/todas-las-zonas\/\" target=\"_blank\" rel=\"noopener noreferrer\">vivir cerca de\u00a0Zuheros<\/a>?<\/p>\n<h4>Anento (Zaragoza, Arag\u00f3n)<\/h4>\n<p><\/p>\n<div id=\"attachment_21948\" style=\"width: 686px\" class=\"wp-caption aligncenter\"><img loading=\"lazy\" decoding=\"async\" aria-describedby=\"caption-attachment-21948\" class=\"size-large wp-image-21948\" src=\"https:\/\/www.fotocasa.es\/fotocasa-life\/wp-content\/uploads\/2017\/06\/Anento-676x382.jpg\" alt=\"Anento\" width=\"676\" height=\"382\" title=\"-\"><p id=\"caption-attachment-21948\" class=\"wp-caption-text\">http:\/\/www.redrural.es<\/p><\/div>\n<p>\u00bfTe gustar\u00eda <a href=\"http:\/\/www.fotocasa.es\/es\/alquiler\/casas\/calatayud\/todas-las-zonas\/\" target=\"_blank\" rel=\"noopener noreferrer\">vivir en Anento<\/a>?<\/p>\n<h4>Ayll\u00f3n (Segovia, Castilla y Le\u00f3n)<\/h4>\n<p><\/p>\n<div id=\"attachment_21949\" style=\"width: 686px\" class=\"wp-caption aligncenter\"><img loading=\"lazy\" decoding=\"async\" aria-describedby=\"caption-attachment-21949\" class=\"size-large wp-image-21949\" src=\"https:\/\/www.fotocasa.es\/fotocasa-life\/wp-content\/uploads\/2017\/06\/Ayll\u00f3n-676x382.jpg\" alt=\"Ayll\u00f3n\" width=\"676\" height=\"382\" title=\"-\"><p id=\"caption-attachment-21949\" class=\"wp-caption-text\">http:\/\/www.lospueblosmasbonitosdeespana.org\/<\/p><\/div>\n<p>\u00bfTe gustar\u00eda <a href=\"http:\/\/www.fotocasa.es\/es\/comprar\/casas\/ayllon\/todas-las-zonas\/\" target=\"_blank\" rel=\"noopener noreferrer\">vivir en Ayll\u00f3n<\/a>?<\/p>\n<h4>El Castell de Guadalest (Alicante, Comunidad Valenciana)<\/h4>\n<p><\/p>\n<div id=\"attachment_21951\" style=\"width: 626px\" class=\"wp-caption aligncenter\"><img loading=\"lazy\" decoding=\"async\" aria-describedby=\"caption-attachment-21951\" class=\"size-large wp-image-21951\" src=\"https:\/\/www.fotocasa.es\/fotocasa-life\/wp-content\/uploads\/2017\/06\/Castell-de-Guadalest-616x676.jpg\" alt=\"Castell de Guadalest\" width=\"616\" height=\"676\" title=\"-\"><p id=\"caption-attachment-21951\" class=\"wp-caption-text\">http:\/\/agendadeisa.com\/<\/p><\/div>\n<p>\u00bfTe gustar\u00eda <a href=\"http:\/\/www.fotocasa.es\/es\/comprar\/casas\/el-castell-de-guadalest\/todas-las-zonas\/\" target=\"_blank\" rel=\"noopener noreferrer\">vivir en\u00a0El Castell de Guadalest<\/a>?<\/p>\n<h4>Albarrac\u00edn (Teruel, Arag\u00f3n)<\/h4>\n<p><img loading=\"lazy\" decoding=\"async\" class=\"aligncenter size-large wp-image-21952\" src=\"https:\/\/www.fotocasa.es\/fotocasa-life\/wp-content\/uploads\/2017\/06\/Albarrac\u00edn-676x382.jpg\" alt=\"Albarrac\u00edn\" width=\"676\" height=\"382\" title=\"-\"><\/p>\n<p>\u00bfTe gustar\u00eda <a href=\"http:\/\/www.fotocasa.es\/es\/comprar\/casas\/albarracin\/todas-las-zonas\/\" target=\"_blank\" rel=\"noopener noreferrer\">vivir en\u00a0Albarrac\u00edn<\/a>?<\/p>\n<h4>Rubielos de Mora (Teruel, Arag\u00f3n)<\/h4>\n<p><\/p>\n<div id=\"attachment_21953\" style=\"width: 686px\" class=\"wp-caption aligncenter\"><img loading=\"lazy\" decoding=\"async\" aria-describedby=\"caption-attachment-21953\" class=\"size-large wp-image-21953\" src=\"https:\/\/www.fotocasa.es\/fotocasa-life\/wp-content\/uploads\/2017\/06\/Rubielos-de-Mora-676x462.jpg\" alt=\"Rubielos de Mora\" width=\"676\" height=\"462\" title=\"-\"><p id=\"caption-attachment-21953\" class=\"wp-caption-text\">http:\/\/apartamentoselsalobral.com\/<\/p><\/div>\n<p>\u00bfTe gustar\u00eda <a href=\"http:\/\/www.fotocasa.es\/es\/comprar\/casas\/rubielos-de-mora\/todas-las-zonas\/\" target=\"_blank\" rel=\"noopener noreferrer\">vivir en Rubielos de Mora<\/a>?<\/p>\n<h4>Calaceite (Teruel, Arag\u00f3n)<\/h4>\n<p><\/p>\n<div id=\"attachment_21954\" style=\"width: 686px\" class=\"wp-caption aligncenter\"><img loading=\"lazy\" decoding=\"async\" aria-describedby=\"caption-attachment-21954\" class=\"size-large wp-image-21954\" src=\"https:\/\/www.fotocasa.es\/fotocasa-life\/wp-content\/uploads\/2017\/06\/Calaceite-676x382.jpg\" alt=\"Calaceite\" width=\"676\" height=\"382\" title=\"-\"><p id=\"caption-attachment-21954\" class=\"wp-caption-text\">http:\/\/valderrobres-candida.com\/<\/p><\/div>\n<p>\u00bfTe gustar\u00eda <a href=\"http:\/\/www.fotocasa.es\/es\/comprar\/casas\/calaceite\/todas-las-zonas\/\" target=\"_blank\" rel=\"noopener noreferrer\">vivir en Calaceite<\/a>?<\/p>\n","protected":false},"excerpt":{"rendered":"<p>Como se dice muchas veces, los sitios m\u00e1s bonitos los tenemos al lado de casa y no lo sabemos. Aqu\u00ed ten\u00e9is una lista con los pueblos m\u00e1s bonitos de Espa\u00f1a.<\/p>\n","protected":false},"author":3,"featured_media":21957,"comment_status":"open","ping_status":"closed","sticky":false,"template":"","format":"standard","meta":{"_lmt_disableupdate":"yes","_lmt_disable":"","footnotes":""},"categories":[2285],"tags":[],"class_list":["post-21939","post","type-post","status-publish","format-standard","has-post-thumbnail","hentry","category-hogar"],"modified_by":"isabel.nebot@adevinta.com","_links":{"self":[{"href":"https:\/\/www.fotocasa.es\/fotocasa-life\/wp-json\/wp\/v2\/posts\/21939","targetHints":{"allow":["GET"]}}],"collection":[{"href":"https:\/\/www.fotocasa.es\/fotocasa-life\/wp-json\/wp\/v2\/posts"}],"about":[{"href":"https:\/\/www.fotocasa.es\/fotocasa-life\/wp-json\/wp\/v2\/types\/post"}],"author":[{"embeddable":true,"href":"https:\/\/www.fotocasa.es\/fotocasa-life\/wp-json\/wp\/v2\/users\/3"}],"replies":[{"embeddable":true,"href":"https:\/\/www.fotocasa.es\/fotocasa-life\/wp-json\/wp\/v2\/comments?post=21939"}],"version-history":[{"count":0,"href":"https:\/\/www.fotocasa.es\/fotocasa-life\/wp-json\/wp\/v2\/posts\/21939\/revisions"}],"wp:featuredmedia":[{"embeddable":true,"href":"https:\/\/www.fotocasa.es\/fotocasa-life\/wp-json\/wp\/v2\/media\/21957"}],"wp:attachment":[{"href":"https:\/\/www.fotocasa.es\/fotocasa-life\/wp-json\/wp\/v2\/media?parent=21939"}],"wp:term":[{"taxonomy":"category","embeddable":true,"href":"https:\/\/www.fotocasa.es\/fotocasa-life\/wp-json\/wp\/v2\/categories?post=21939"},{"taxonomy":"post_tag","embeddable":true,"href":"https:\/\/www.fotocasa.es\/fotocasa-life\/wp-json\/wp\/v2\/tags?post=21939"}],"curies":[{"name":"wp","href":"https:\/\/api.w.org\/{rel}","templated":true}]}}