{"id":2157,"date":"2014-06-18T14:00:58","date_gmt":"2014-06-18T12:00:58","guid":{"rendered":"https:\/\/www.fotocasa.es\/fotocasa-life\/?p=2157"},"modified":"2016-10-06T11:58:40","modified_gmt":"2016-10-06T09:58:40","slug":"casa-madrid-norte-presenta-la-mayor-oferta-de-vivienda-de-la-zona-del-20-al-22-de-junio","status":"publish","type":"post","link":"https:\/\/www.fotocasa.es\/fotocasa-life\/compraventa\/casa-madrid-norte-presenta-la-mayor-oferta-de-vivienda-de-la-zona-del-20-al-22-de-junio\/","title":{"rendered":"Casa Madrid Norte presenta la mayor oferta de vivienda de la zona, del 20 al 22 de junio"},"content":{"rendered":"<p>La Feria Casa Madrid Norte nace para ofrecer a comprador final <strong>la mayor oferta de vivienda de los municipios de la zona norte y noreste de la capital<\/strong>, como San Sebasti\u00e1n de los Reyes, Alcobendas, Tres Cantos, Colmenar Viejo, entre otros.<\/p>\n<p>Esta primera edici\u00f3n se celebrar\u00e1 del 20 al 22 de junio, en el Centro Log\u00edstico Municipal de San Sebasti\u00e1n de los Reyes, situado en la Avenida Matapi\u00f1onera, 38, junto al Complejo Deportivo Municipal Campos de F\u00fatbol Matapi\u00f1onera y en una de las rotondas de entrada del Parque Comercial Megapark.<\/p>\n<p>La Feria busca acercar la vivienda de la zona al comprador final y concentrar la oferta en un \u00fanico espacio. As\u00ed, los visitantes encontrar\u00e1n el producto de promotoras, gestoras de cooperativas, comercializadoras de vivienda, as\u00ed como de la Administraci\u00f3n P\u00fablica. Entre las empresas se encuentran Grupo Ferrocarril, Level, CP Grupo, Gesarqus, Woss, Roan Asesoramiento Inmobiliario, Ingescasa, Factory Casas, la Empresa Municipal del Suelo y la Vivienda de San Sebasti\u00e1n de los Reyes&#8230;<\/p>\n<p>Los d\u00edas 20 y 21 de junio, <strong>Casa Madrid Norte<\/strong> se podr\u00e1 visitar de 11 a 20 horas y, el 22 de junio, de 11 a 15 horas.<\/p>\n<p>&nbsp;<\/p>\n","protected":false},"excerpt":{"rendered":"<p>La Feria Casa Madrid Norte nace para ofrecer a comprador final la mayor oferta de vivienda de los municipios de la zona norte y noreste de la capital, como San Sebasti\u00e1n de los Reyes, Alcobendas, Tres Cantos, Colmenar Viejo, entre otros. Esta primera edici\u00f3n se celebrar\u00e1 del 20 al 22 de junio, en el Centro&#8230;<\/p>\n","protected":false},"author":3,"featured_media":2161,"comment_status":"open","ping_status":"open","sticky":false,"template":"","format":"standard","meta":{"_lmt_disableupdate":"yes","_lmt_disable":"","footnotes":""},"categories":[3],"tags":[509,507,245,508],"class_list":["post-2157","post","type-post","status-publish","format-standard","has-post-thumbnail","hentry","category-compraventa","tag-compra-de-vivienda-en-madrid","tag-comunidad-de-madrid","tag-sector-inmobiliario","tag-viviendas-en-madrid"],"modified_by":"Administrador","_links":{"self":[{"href":"https:\/\/www.fotocasa.es\/fotocasa-life\/wp-json\/wp\/v2\/posts\/2157","targetHints":{"allow":["GET"]}}],"collection":[{"href":"https:\/\/www.fotocasa.es\/fotocasa-life\/wp-json\/wp\/v2\/posts"}],"about":[{"href":"https:\/\/www.fotocasa.es\/fotocasa-life\/wp-json\/wp\/v2\/types\/post"}],"author":[{"embeddable":true,"href":"https:\/\/www.fotocasa.es\/fotocasa-life\/wp-json\/wp\/v2\/users\/3"}],"replies":[{"embeddable":true,"href":"https:\/\/www.fotocasa.es\/fotocasa-life\/wp-json\/wp\/v2\/comments?post=2157"}],"version-history":[{"count":0,"href":"https:\/\/www.fotocasa.es\/fotocasa-life\/wp-json\/wp\/v2\/posts\/2157\/revisions"}],"wp:featuredmedia":[{"embeddable":true,"href":"https:\/\/www.fotocasa.es\/fotocasa-life\/wp-json\/wp\/v2\/media\/2161"}],"wp:attachment":[{"href":"https:\/\/www.fotocasa.es\/fotocasa-life\/wp-json\/wp\/v2\/media?parent=2157"}],"wp:term":[{"taxonomy":"category","embeddable":true,"href":"https:\/\/www.fotocasa.es\/fotocasa-life\/wp-json\/wp\/v2\/categories?post=2157"},{"taxonomy":"post_tag","embeddable":true,"href":"https:\/\/www.fotocasa.es\/fotocasa-life\/wp-json\/wp\/v2\/tags?post=2157"}],"curies":[{"name":"wp","href":"https:\/\/api.w.org\/{rel}","templated":true}]}}