{"id":1910,"date":"2014-06-05T08:07:24","date_gmt":"2014-06-05T06:07:24","guid":{"rendered":"https:\/\/www.fotocasa.es\/fotocasa-life\/?p=1910"},"modified":"2020-11-27T11:34:23","modified_gmt":"2020-11-27T10:34:23","slug":"casa-decor-2014-la-gran-cita-con-el-interiorismo","status":"publish","type":"post","link":"https:\/\/www.fotocasa.es\/fotocasa-life\/hogar\/decoracion\/casa-decor-2014-la-gran-cita-con-el-interiorismo\/","title":{"rendered":"Casa Decor 2014: la gran cita con el interiorismo"},"content":{"rendered":"<p>Madrid acoge, hasta el pr\u00f3ximo 22 de junio, la 49\u00aa edici\u00f3n de <a title=\"Casa Decor\" href=\"https:\/\/casadecor.es\/\" target=\"_blank\" rel=\"noopener noreferrer\"><strong>Casa Decor<\/strong><\/a>, la gran cita con el mundo de la decoraci\u00f3n. Este a\u00f1o, el evento se celebra en el edificio donde, durante 60 a\u00f1os, se ubic\u00f3 el Colegio Oficial de Arquitectos de Madrid (COAM).<\/p>\n<p>El edificio, un cl\u00e1sico de la <strong>arquitectura decimon\u00f3nica<\/strong>, fue construido en 1875 por el arquitecto Jos\u00e9 N\u00fa\u00f1ez Cort\u00e9s. Ubicado en la calle del Barquillo n\u00famero 12, del madrile\u00f1o barrio de Chueca, cuenta con <strong>4.400 m2<\/strong> distribuidos en 4 pisos con balcones y una quinta planta retranqueada.<\/p>\n<p>M\u00e1s de 80 profesionales, entre <strong>interioristas, <a title=\"Factores a tener en cuenta para elegir arquitecto\" href=\"https:\/\/www.fotocasa.es\/fotocasa-life\/hogar\/reformas\/factores-tener-en-cuenta-para-elegir-arquitecto\/\">arquitectos<\/a>, dise\u00f1adores y artistas<\/strong>, se re\u00fanen en este evento para plasmar en los <strong>54 espacios<\/strong> que componen la exposici\u00f3n las \u00faltimas tendencias en decoraci\u00f3n.<\/p>\n<p>Un a\u00f1o m\u00e1s, el objetivo principal de Casa Decor es <strong>transformar, rehabilitar y reformar los interiores<\/strong> de las viviendas para mostrar nuevas soluciones habitacionales, materiales de vanguardia y la evoluci\u00f3n permanente del h\u00e1bitat en tiempos permeados por la tecnolog\u00eda.<\/p>\n<p><a title=\"fotocasa\" href=\"https:\/\/www.fotocasa.es\"><strong>Fotocasa<\/strong><\/a>, un a\u00f1o m\u00e1s patrocinador de la exposici\u00f3n, se adentra en algunos de los espacios para conocer, de la mano de los m\u00e1s importantes profesionales, lo \u00faltimo en decoraci\u00f3n\u2026<\/p>\n<p>&nbsp;<\/p>\n<p><\/p>\n<div id=\"attachment_1922\" style=\"width: 686px\" class=\"wp-caption aligncenter\"><a href=\"https:\/\/www.fotocasa.es\/fotocasa-life\/wp-content\/uploads\/2014\/06\/casadecor_11.jpg\"><img loading=\"lazy\" decoding=\"async\" aria-describedby=\"caption-attachment-1922\" class=\"wp-image-1922 size-full\" src=\"https:\/\/www.fotocasa.es\/fotocasa-life\/wp-content\/uploads\/2014\/06\/casadecor_11.jpg\" alt=\"casa decor\" width=\"676\" height=\"376\" title=\"-\" srcset=\"https:\/\/www.fotocasa.es\/fotocasa-life\/wp-content\/uploads\/2014\/06\/casadecor_11.jpg 676w, https:\/\/www.fotocasa.es\/fotocasa-life\/wp-content\/uploads\/2014\/06\/casadecor_11-300x167.jpg 300w, https:\/\/www.fotocasa.es\/fotocasa-life\/wp-content\/uploads\/2014\/06\/casadecor_11-150x83.jpg 150w\" sizes=\"auto, (max-width: 676px) 100vw, 676px\" \/><\/a><p id=\"caption-attachment-1922\" class=\"wp-caption-text\">Espacio \u00abEstudio de lectura y pintura\u00bb. Casa Decor 2014.<\/p><\/div>\n<p>Mariles Cervera mezcla los libros, la pintura y los colores, la m\u00fasica y el arte, para crear un lugar en el que disfrutar con los 5 sentidos, combinando <strong>armon\u00eda, belleza y comodidad<\/strong>. Todo el mundo necesita un rinc\u00f3n, un espacio \u00fanico y personal donde sentirse a gusto y dar rienda suelta a la imaginaci\u00f3n.<\/p>\n<p>&nbsp;<\/p>\n<p><\/p>\n<div id=\"attachment_1914\" style=\"width: 686px\" class=\"wp-caption aligncenter\"><a href=\"https:\/\/www.fotocasa.es\/fotocasa-life\/wp-content\/uploads\/2014\/06\/casadecor_3.jpg\"><img loading=\"lazy\" decoding=\"async\" aria-describedby=\"caption-attachment-1914\" class=\"wp-image-1914 size-full\" src=\"https:\/\/www.fotocasa.es\/fotocasa-life\/wp-content\/uploads\/2014\/06\/casadecor_3.jpg\" alt=\"casa decor\" width=\"676\" height=\"376\" title=\"-\" srcset=\"https:\/\/www.fotocasa.es\/fotocasa-life\/wp-content\/uploads\/2014\/06\/casadecor_3.jpg 676w, https:\/\/www.fotocasa.es\/fotocasa-life\/wp-content\/uploads\/2014\/06\/casadecor_3-300x167.jpg 300w, https:\/\/www.fotocasa.es\/fotocasa-life\/wp-content\/uploads\/2014\/06\/casadecor_3-150x83.jpg 150w\" sizes=\"auto, (max-width: 676px) 100vw, 676px\" \/><\/a><p id=\"caption-attachment-1914\" class=\"wp-caption-text\">Espacio \u00abClassic and chic living\u00bb. Casa Decor 2014.<\/p><\/div>\n<p>Un sal\u00f3n actual dotado de una <strong>atm\u00f3sfera cl\u00e1sica con tintes del glamour europeo<\/strong> que aportan piezas de grandes dise\u00f1adores del siglo XX. Con este proyecto, Beatriz Silveira quiere armonizar distintos estilos de forma que se cree un todo est\u00e9tico, donde las obras de artistas contempor\u00e1neos espa\u00f1oles encuentran un contexto de estilo y elegancia en un espacio pensado para vivir y disfrutar.<\/p>\n<p>&nbsp;<\/p>\n<p><\/p>\n<div id=\"attachment_1912\" style=\"width: 686px\" class=\"wp-caption aligncenter\"><a href=\"https:\/\/www.fotocasa.es\/fotocasa-life\/wp-content\/uploads\/2014\/06\/casadecor_1.jpg\"><img loading=\"lazy\" decoding=\"async\" aria-describedby=\"caption-attachment-1912\" class=\"wp-image-1912 size-full\" src=\"https:\/\/www.fotocasa.es\/fotocasa-life\/wp-content\/uploads\/2014\/06\/casadecor_1.jpg\" alt=\"casa decor\" width=\"676\" height=\"376\" title=\"-\" srcset=\"https:\/\/www.fotocasa.es\/fotocasa-life\/wp-content\/uploads\/2014\/06\/casadecor_1.jpg 676w, https:\/\/www.fotocasa.es\/fotocasa-life\/wp-content\/uploads\/2014\/06\/casadecor_1-300x167.jpg 300w, https:\/\/www.fotocasa.es\/fotocasa-life\/wp-content\/uploads\/2014\/06\/casadecor_1-150x83.jpg 150w\" sizes=\"auto, (max-width: 676px) 100vw, 676px\" \/><\/a><p id=\"caption-attachment-1912\" class=\"wp-caption-text\">Espacio\u00a0\u00abCaza\u00f1a Design\u00bb. Casa Decor 2014.<\/p><\/div>\n<p>La base de este proyecto de Cynthia Rom\u00e1n son los lavabos de Caza\u00f1a Design, piezas \u00fanicas, perdurables en el tiempo y la memoria; el <strong>espacio refleja fuerza, elegancia, energ\u00eda y belleza<\/strong> gracias al m\u00e1rmol natural, que refleja simb\u00f3licamente la imagen del lavabo escogido, y el conjunto de vol\u00famenes, que genera sensaci\u00f3n de perspectiva, dinamismo y amplitud. El resto de los elementos son m\u00e1s delicados y amables.<\/p>\n<p>&nbsp;<\/p>\n<p><\/p>\n<div id=\"attachment_1918\" style=\"width: 686px\" class=\"wp-caption aligncenter\"><a href=\"https:\/\/www.fotocasa.es\/fotocasa-life\/wp-content\/uploads\/2014\/06\/casadecor_7.jpg\"><img loading=\"lazy\" decoding=\"async\" aria-describedby=\"caption-attachment-1918\" class=\"wp-image-1918 size-full\" src=\"https:\/\/www.fotocasa.es\/fotocasa-life\/wp-content\/uploads\/2014\/06\/casadecor_7.jpg\" alt=\"casa decor\" width=\"676\" height=\"376\" title=\"-\" srcset=\"https:\/\/www.fotocasa.es\/fotocasa-life\/wp-content\/uploads\/2014\/06\/casadecor_7.jpg 676w, https:\/\/www.fotocasa.es\/fotocasa-life\/wp-content\/uploads\/2014\/06\/casadecor_7-300x167.jpg 300w, https:\/\/www.fotocasa.es\/fotocasa-life\/wp-content\/uploads\/2014\/06\/casadecor_7-150x83.jpg 150w\" sizes=\"auto, (max-width: 676px) 100vw, 676px\" \/><\/a><p id=\"caption-attachment-1918\" class=\"wp-caption-text\">Espacio\u00a0\u00abEl jard\u00edn de los sue\u00f1os\u00bb. Casa Decor 2014.<\/p><\/div>\n<p>Ana Riestra Pardo de Santayana, Roc\u00edo Riestra Pardo de Santayana y Carlota Cillero Li\u00f1ares han dise\u00f1ado este <strong>espacio para so\u00f1ar<\/strong>: la geometr\u00eda y la viveza de sus colores se unen con elementos y texturas de la naturaleza para lograr sumergir al habitante de la casa en una realidad fant\u00e1stica.<\/p>\n<p>&nbsp;<\/p>\n<p><\/p>\n<div id=\"attachment_1920\" style=\"width: 686px\" class=\"wp-caption aligncenter\"><a href=\"https:\/\/www.fotocasa.es\/fotocasa-life\/wp-content\/uploads\/2014\/06\/casadecor_9.jpg\"><img loading=\"lazy\" decoding=\"async\" aria-describedby=\"caption-attachment-1920\" class=\"wp-image-1920 size-full\" src=\"https:\/\/www.fotocasa.es\/fotocasa-life\/wp-content\/uploads\/2014\/06\/casadecor_9.jpg\" alt=\"casa decor\" width=\"676\" height=\"376\" title=\"-\" srcset=\"https:\/\/www.fotocasa.es\/fotocasa-life\/wp-content\/uploads\/2014\/06\/casadecor_9.jpg 676w, https:\/\/www.fotocasa.es\/fotocasa-life\/wp-content\/uploads\/2014\/06\/casadecor_9-300x167.jpg 300w, https:\/\/www.fotocasa.es\/fotocasa-life\/wp-content\/uploads\/2014\/06\/casadecor_9-150x83.jpg 150w\" sizes=\"auto, (max-width: 676px) 100vw, 676px\" \/><\/a><p id=\"caption-attachment-1920\" class=\"wp-caption-text\">Espacio \u00abA Kitchen to Enjoy\u00bb. Casa Decor 2014.<\/p><\/div>\n<p>La armon\u00eda entre belleza y utilidad se hace evidente en este espacio, creado por Steven Littlehales, al combinar elementos naturales con la tecnolog\u00eda de los electrodom\u00e9sticos especializados. En \u00e9l se pueden ver tambi\u00e9n piezas polivalentes, como la l\u00e1mpara que cumple la doble funci\u00f3n de campana extractora. En resumen: una <strong>cocina funcional, original y sin pretensiones, para gente real<\/strong>.<\/p>\n<p>&nbsp;<\/p>\n<p><\/p>\n<div id=\"attachment_1919\" style=\"width: 686px\" class=\"wp-caption aligncenter\"><a href=\"https:\/\/www.fotocasa.es\/fotocasa-life\/wp-content\/uploads\/2014\/06\/casadecor_8.jpg\"><img loading=\"lazy\" decoding=\"async\" aria-describedby=\"caption-attachment-1919\" class=\"wp-image-1919 size-full\" src=\"https:\/\/www.fotocasa.es\/fotocasa-life\/wp-content\/uploads\/2014\/06\/casadecor_8.jpg\" alt=\"casa decor\" width=\"676\" height=\"376\" title=\"-\" srcset=\"https:\/\/www.fotocasa.es\/fotocasa-life\/wp-content\/uploads\/2014\/06\/casadecor_8.jpg 676w, https:\/\/www.fotocasa.es\/fotocasa-life\/wp-content\/uploads\/2014\/06\/casadecor_8-300x167.jpg 300w, https:\/\/www.fotocasa.es\/fotocasa-life\/wp-content\/uploads\/2014\/06\/casadecor_8-150x83.jpg 150w\" sizes=\"auto, (max-width: 676px) 100vw, 676px\" \/><\/a><p id=\"caption-attachment-1919\" class=\"wp-caption-text\">Espacio \u00abEmociones divergentes\u00bb. Casa Decor 2014.<\/p><\/div>\n<p>Marisa Guti\u00e9rrez ha dise\u00f1ado una estancia en la que <strong>las emociones afloran, embargan y divergen<\/strong>. Donde las texturas, de la mano de los revestimientos cer\u00e1micos y los textiles, entre otros, cobran protagonismo y los tonos marrones y grises inundan el espacio.<\/p>\n<p>&nbsp;<\/p>\n<p><\/p>\n<div id=\"attachment_1915\" style=\"width: 686px\" class=\"wp-caption aligncenter\"><a href=\"https:\/\/www.fotocasa.es\/fotocasa-life\/wp-content\/uploads\/2014\/06\/casadecor_4.jpg\"><img loading=\"lazy\" decoding=\"async\" aria-describedby=\"caption-attachment-1915\" class=\"wp-image-1915 size-full\" src=\"https:\/\/www.fotocasa.es\/fotocasa-life\/wp-content\/uploads\/2014\/06\/casadecor_4.jpg\" alt=\"casa decor\" width=\"676\" height=\"376\" title=\"-\" srcset=\"https:\/\/www.fotocasa.es\/fotocasa-life\/wp-content\/uploads\/2014\/06\/casadecor_4.jpg 676w, https:\/\/www.fotocasa.es\/fotocasa-life\/wp-content\/uploads\/2014\/06\/casadecor_4-300x167.jpg 300w, https:\/\/www.fotocasa.es\/fotocasa-life\/wp-content\/uploads\/2014\/06\/casadecor_4-150x83.jpg 150w\" sizes=\"auto, (max-width: 676px) 100vw, 676px\" \/><\/a><p id=\"caption-attachment-1915\" class=\"wp-caption-text\">Espacio \u00abDespertares\u00bb. Casa Decor 2014.<\/p><\/div>\n<p>Alfons Tost crea un lugar perfecto para un poeta, m\u00fasico y fil\u00f3sofo, que pasa las horas meditando en su despacho, tomando conciencia de su propia existencia. Un <strong>espacio sin fronteras entre el trabajo y el descanso<\/strong>, entre lo bello y lo \u00fatil, entre el d\u00eda y la noche.<\/p>\n<p>&nbsp;<\/p>\n<p><\/p>\n<div id=\"attachment_1917\" style=\"width: 686px\" class=\"wp-caption aligncenter\"><a href=\"https:\/\/www.fotocasa.es\/fotocasa-life\/wp-content\/uploads\/2014\/06\/casadecor_6.jpg\"><img loading=\"lazy\" decoding=\"async\" aria-describedby=\"caption-attachment-1917\" class=\"wp-image-1917 size-full\" src=\"https:\/\/www.fotocasa.es\/fotocasa-life\/wp-content\/uploads\/2014\/06\/casadecor_6.jpg\" alt=\"casa decor\" width=\"676\" height=\"376\" title=\"-\" srcset=\"https:\/\/www.fotocasa.es\/fotocasa-life\/wp-content\/uploads\/2014\/06\/casadecor_6.jpg 676w, https:\/\/www.fotocasa.es\/fotocasa-life\/wp-content\/uploads\/2014\/06\/casadecor_6-300x167.jpg 300w, https:\/\/www.fotocasa.es\/fotocasa-life\/wp-content\/uploads\/2014\/06\/casadecor_6-150x83.jpg 150w\" sizes=\"auto, (max-width: 676px) 100vw, 676px\" \/><\/a><p id=\"caption-attachment-1917\" class=\"wp-caption-text\">Espacio \u00abGabinete de dibujo\u00bb. Casa Decor 2014.<\/p><\/div>\n<p>Los gabinetes eran esos espacios de las casas donde uno reun\u00eda sus m\u00e1s preciados tesoros. Este, dise\u00f1ado por Jean Porsche, consiste en una sala de estar donde el color, la iluminaci\u00f3n y las texturas forman un entorno singular. Una <strong>mezcla de estudio, sal\u00f3n de juegos y bar<\/strong> donde los ni\u00f1os se sienten grandes y los grandes tienen sus &#8216;juguetes&#8217; para sentirse ni\u00f1os.<\/p>\n<p>&nbsp;<\/p>\n<p><\/p>\n<div id=\"attachment_1916\" style=\"width: 686px\" class=\"wp-caption aligncenter\"><a href=\"https:\/\/www.fotocasa.es\/fotocasa-life\/wp-content\/uploads\/2014\/06\/casadecor_5.jpg\"><img loading=\"lazy\" decoding=\"async\" aria-describedby=\"caption-attachment-1916\" class=\"wp-image-1916 size-full\" src=\"https:\/\/www.fotocasa.es\/fotocasa-life\/wp-content\/uploads\/2014\/06\/casadecor_5.jpg\" alt=\"casa decor\" width=\"676\" height=\"376\" title=\"-\" srcset=\"https:\/\/www.fotocasa.es\/fotocasa-life\/wp-content\/uploads\/2014\/06\/casadecor_5.jpg 676w, https:\/\/www.fotocasa.es\/fotocasa-life\/wp-content\/uploads\/2014\/06\/casadecor_5-300x167.jpg 300w, https:\/\/www.fotocasa.es\/fotocasa-life\/wp-content\/uploads\/2014\/06\/casadecor_5-150x83.jpg 150w\" sizes=\"auto, (max-width: 676px) 100vw, 676px\" \/><\/a><p id=\"caption-attachment-1916\" class=\"wp-caption-text\">Espacio \u00abFondos y Texturas\u00bb. Casa Decor 2014.<\/p><\/div>\n<p>El fin \u00faltimo que buscaba Diego Rodr\u00edguez a la hora de desarrollar este proyecto era <strong>destacar las proporciones del espacio<\/strong>. Para ello, se han creado piezas de mobiliario especiales y se ha apostado por una cuidada iluminaci\u00f3n, adem\u00e1s de jugar con materiales, texturas y acabados en su origen natural.<\/p>\n<p>&nbsp;<\/p>\n<p><\/p>\n<div id=\"attachment_1913\" style=\"width: 686px\" class=\"wp-caption aligncenter\"><a href=\"https:\/\/www.fotocasa.es\/fotocasa-life\/wp-content\/uploads\/2014\/06\/casadecor_2.jpg\"><img loading=\"lazy\" decoding=\"async\" aria-describedby=\"caption-attachment-1913\" class=\"wp-image-1913 size-full\" src=\"https:\/\/www.fotocasa.es\/fotocasa-life\/wp-content\/uploads\/2014\/06\/casadecor_2.jpg\" alt=\"casa decor\" width=\"676\" height=\"376\" title=\"-\" srcset=\"https:\/\/www.fotocasa.es\/fotocasa-life\/wp-content\/uploads\/2014\/06\/casadecor_2.jpg 676w, https:\/\/www.fotocasa.es\/fotocasa-life\/wp-content\/uploads\/2014\/06\/casadecor_2-300x167.jpg 300w, https:\/\/www.fotocasa.es\/fotocasa-life\/wp-content\/uploads\/2014\/06\/casadecor_2-150x83.jpg 150w\" sizes=\"auto, (max-width: 676px) 100vw, 676px\" \/><\/a><p id=\"caption-attachment-1913\" class=\"wp-caption-text\">Espacio \u00abGran Mongol\u00bb. Casa Decor 2014.<\/p><\/div>\n<p>Gran Mogol recrea un taller de ideas, un espacio de trabajo, un <strong>lugar de encuentro entre Oriente y Occidente<\/strong>, donde creadores y artesanos hacen que todo sea posible. Aromas a madera, a b\u00fasqueda incansable de belleza y perfecci\u00f3n en la que dejan su huella el trabajo, la complicidad y el equipo formado por Lola Carrillo, Carmen Carrillo, Victoria Carrillo y Laura Carrillo.<\/p>\n<p><\/p>\n","protected":false},"excerpt":{"rendered":"<p>Madrid acoge, hasta el pr\u00f3ximo 22 de junio, la 49\u00aa edici\u00f3n de Casa Decor, la gran cita con el mundo de la decoraci\u00f3n. Este a\u00f1o, el evento se celebra en el edificio donde, durante 60 a\u00f1os, se ubic\u00f3 el Colegio Oficial de Arquitectos de Madrid (COAM). El edificio, un cl\u00e1sico de la arquitectura decimon\u00f3nica, fue&#8230;<\/p>\n","protected":false},"author":3,"featured_media":1911,"comment_status":"open","ping_status":"open","sticky":false,"template":"","format":"standard","meta":{"_lmt_disableupdate":"yes","_lmt_disable":"","footnotes":""},"categories":[4],"tags":[161,173],"class_list":["post-1910","post","type-post","status-publish","format-standard","has-post-thumbnail","hentry","category-decoracion","tag-interiorismo","tag-materiales"],"modified_by":"Albert PC","_links":{"self":[{"href":"https:\/\/www.fotocasa.es\/fotocasa-life\/wp-json\/wp\/v2\/posts\/1910","targetHints":{"allow":["GET"]}}],"collection":[{"href":"https:\/\/www.fotocasa.es\/fotocasa-life\/wp-json\/wp\/v2\/posts"}],"about":[{"href":"https:\/\/www.fotocasa.es\/fotocasa-life\/wp-json\/wp\/v2\/types\/post"}],"author":[{"embeddable":true,"href":"https:\/\/www.fotocasa.es\/fotocasa-life\/wp-json\/wp\/v2\/users\/3"}],"replies":[{"embeddable":true,"href":"https:\/\/www.fotocasa.es\/fotocasa-life\/wp-json\/wp\/v2\/comments?post=1910"}],"version-history":[{"count":0,"href":"https:\/\/www.fotocasa.es\/fotocasa-life\/wp-json\/wp\/v2\/posts\/1910\/revisions"}],"wp:featuredmedia":[{"embeddable":true,"href":"https:\/\/www.fotocasa.es\/fotocasa-life\/wp-json\/wp\/v2\/media\/1911"}],"wp:attachment":[{"href":"https:\/\/www.fotocasa.es\/fotocasa-life\/wp-json\/wp\/v2\/media?parent=1910"}],"wp:term":[{"taxonomy":"category","embeddable":true,"href":"https:\/\/www.fotocasa.es\/fotocasa-life\/wp-json\/wp\/v2\/categories?post=1910"},{"taxonomy":"post_tag","embeddable":true,"href":"https:\/\/www.fotocasa.es\/fotocasa-life\/wp-json\/wp\/v2\/tags?post=1910"}],"curies":[{"name":"wp","href":"https:\/\/api.w.org\/{rel}","templated":true}]}}