{"id":1851,"date":"2014-06-02T13:32:50","date_gmt":"2014-06-02T11:32:50","guid":{"rendered":"https:\/\/www.fotocasa.es\/fotocasa-life\/?p=1851"},"modified":"2020-11-27T11:34:29","modified_gmt":"2020-11-27T10:34:29","slug":"el-sima-2014-cierra-sus-puertas-con-un-optimismo-moderado-sobre-la-evolucion-del-sector","status":"publish","type":"post","link":"https:\/\/www.fotocasa.es\/fotocasa-life\/compraventa\/el-sima-2014-cierra-sus-puertas-con-un-optimismo-moderado-sobre-la-evolucion-del-sector\/","title":{"rendered":"El SIMA 2014 cierra sus puertas con un optimismo moderado sobre la evoluci\u00f3n del sector"},"content":{"rendered":"<p>El Sal\u00f3n Inmobiliario Internacional de Madrid, SIMA 2014, concluy\u00f3 el pasado domingo con la sensaci\u00f3n de que el principio de la recuperaci\u00f3n del sector inmobiliario espa\u00f1ol comienza a tomar forma.<\/p>\n<p>La clara orientaci\u00f3n a la compra por parte de la mayor\u00eda de los visitantes ha sido una de las caracter\u00edsticas predominantes de esta edici\u00f3n de la feria. Los expositores han coincidido en se\u00f1alar que se ha notado la presencia de menos curiosos y m\u00e1s visitantes con las decisiones tomadas sobre la tipolog\u00eda, ubicaci\u00f3n y precio de la vivienda que buscan. \u201cSi bien en muchas ocasiones la compra se materializa despu\u00e9s de SIMA, s\u00ed se producen durante estos d\u00edas numerosas reservas para cerrar posteriormente la operaci\u00f3n\u201d, apuntan.<\/p>\n<p>La <a title=\"SIMA toma el pulso al sector inmobiliario espa\u00f1ol en su 16\u00aa edici\u00f3n\" href=\"https:\/\/www.fotocasa.es\/fotocasa-life\/compraventa\/sima-toma-el-pulso-al-sector-inmobiliario-espanol-en-su-16a-edicion\/\"><strong>16\u00aa edici\u00f3n de SIMA<\/strong><\/a> ha registrado un incrementado de la presencia de familias j\u00f3venes que buscan su primera vivienda y que creen que este es un buen momento para la compra. \u201cSin pecar de un optimismo excesivo, s\u00ed podemos decir que hay se\u00f1ales de que la confianza aumenta moderadamente y este es un factor decisivo en este sector\u201d, coincidieron muchos de los expositores consultados.<\/p>\n<p>El perfil del visitante ha sido, como en ediciones anteriores, muy variado. Se ha detectado una leve recuperaci\u00f3n del visitante de perfil m\u00e1s joven que busca su primera vivienda en compra o en alquiler y tambi\u00e9n se mantiene el perfil de inversor particular interesado en distintas oportunidades.<\/p>\n<p>Para Eloy Boh\u00faa, director general de Planner Exhibitions, empresa promotora y organizadora de SIMA, \u201chemos podido detectar una mayor predisposici\u00f3n al cierre de las operaciones, que nosotros atribuimos a la mejora de la confianza, a la percepci\u00f3n creciente entre los compradores de que los precios tocan fondo en algunas zonas y a la mejora incipiente del cr\u00e9dito\u201d.<\/p>\n<p>Las empresas expositoras, cerca de 150, han hecho una vez m\u00e1s un esfuerzo para presentar ofertas atractivas: descuentos sobre el precio de venta, cheques regalo en mobiliario, personalizaci\u00f3n gratuita de la vivienda, amueblamiento de la cocina gratuito o visitas virtuales han sido algunas de estas iniciativas.<\/p>\n<p>&nbsp;<\/p>\n<p><strong>Programa de conferencias<\/strong><\/p>\n<p>El Sal\u00f3n ha sido tambi\u00e9n un importante punto de encuentro para los profesionales del sector. S\u00f3lo en el programa de conferencias de SIMA han participado cerca de 100 ponentes y m\u00e1s de 1.000 asistentes, con una agenda que ha incluido la decimoquinta <a title=\"El Programa de conferencias de SIMA 2014 aportar\u00e1 un valor a\u00f1adido a la feria\" href=\"https:\/\/www.fotocasa.es\/fotocasa-life\/compraventa\/el-programa-de-conferencias-de-sima-2014-aportara-un-valor-anadido-la-feria\/\"><strong>Conferencia Inmobiliaria Madrid 2014<\/strong><\/a>, el primer foro Fondos Internacionales en el Mercado Inmobiliario Espa\u00f1ol y la segunda edici\u00f3n de inmonext.<\/p>\n<p>\u201cEl sentir general entre los profesionales participantes en el programa de conferencias es que el sector se encuentra en una senda de estabilizaci\u00f3n. La incipiente mejora de los indicadores macroecon\u00f3micos, la mayor predisposici\u00f3n a facilitar el cr\u00e9dito por parte de las entidades financieras, el escenario de bajos tipos de inter\u00e9s y el inter\u00e9s inversor, entre otros factores, hacen ver con m\u00e1s optimismo la evoluci\u00f3n del mercado en los pr\u00f3ximos meses\u201d, ha a\u00f1adido Boh\u00faa.<\/p>\n<p>&nbsp;<\/p>\n","protected":false},"excerpt":{"rendered":"<p>El Sal\u00f3n Inmobiliario Internacional de Madrid, SIMA 2014, concluy\u00f3 el pasado domingo con la sensaci\u00f3n de que el principio de la recuperaci\u00f3n del sector inmobiliario espa\u00f1ol comienza a tomar forma. La clara orientaci\u00f3n a la compra por parte de la mayor\u00eda de los visitantes ha sido una de las caracter\u00edsticas predominantes de esta edici\u00f3n de&#8230;<\/p>\n","protected":false},"author":3,"featured_media":1853,"comment_status":"open","ping_status":"open","sticky":false,"template":"","format":"standard","meta":{"_lmt_disableupdate":"yes","_lmt_disable":"","footnotes":""},"categories":[3],"tags":[433,70,348,347,164,245,428,345],"class_list":["post-1851","post","type-post","status-publish","format-standard","has-post-thumbnail","hentry","category-compraventa","tag-compradores","tag-comprar-una-vivienda","tag-conferencia-inmobiliaria-de-madrid","tag-feria-de-madrid","tag-inversores","tag-sector-inmobiliario","tag-sima","tag-sima-2014"],"modified_by":"Albert PC","_links":{"self":[{"href":"https:\/\/www.fotocasa.es\/fotocasa-life\/wp-json\/wp\/v2\/posts\/1851","targetHints":{"allow":["GET"]}}],"collection":[{"href":"https:\/\/www.fotocasa.es\/fotocasa-life\/wp-json\/wp\/v2\/posts"}],"about":[{"href":"https:\/\/www.fotocasa.es\/fotocasa-life\/wp-json\/wp\/v2\/types\/post"}],"author":[{"embeddable":true,"href":"https:\/\/www.fotocasa.es\/fotocasa-life\/wp-json\/wp\/v2\/users\/3"}],"replies":[{"embeddable":true,"href":"https:\/\/www.fotocasa.es\/fotocasa-life\/wp-json\/wp\/v2\/comments?post=1851"}],"version-history":[{"count":0,"href":"https:\/\/www.fotocasa.es\/fotocasa-life\/wp-json\/wp\/v2\/posts\/1851\/revisions"}],"wp:featuredmedia":[{"embeddable":true,"href":"https:\/\/www.fotocasa.es\/fotocasa-life\/wp-json\/wp\/v2\/media\/1853"}],"wp:attachment":[{"href":"https:\/\/www.fotocasa.es\/fotocasa-life\/wp-json\/wp\/v2\/media?parent=1851"}],"wp:term":[{"taxonomy":"category","embeddable":true,"href":"https:\/\/www.fotocasa.es\/fotocasa-life\/wp-json\/wp\/v2\/categories?post=1851"},{"taxonomy":"post_tag","embeddable":true,"href":"https:\/\/www.fotocasa.es\/fotocasa-life\/wp-json\/wp\/v2\/tags?post=1851"}],"curies":[{"name":"wp","href":"https:\/\/api.w.org\/{rel}","templated":true}]}}