{"id":1724,"date":"2014-05-23T12:12:38","date_gmt":"2014-05-23T10:12:38","guid":{"rendered":"https:\/\/www.fotocasa.es\/fotocasa-life\/?p=1724"},"modified":"2020-11-27T11:34:34","modified_gmt":"2020-11-27T10:34:34","slug":"standard-poors-mejora-el-rating-de-la-deuda-bbb-con-perspectiva-estable","status":"publish","type":"post","link":"https:\/\/www.fotocasa.es\/fotocasa-life\/hipotecas-finanzas\/standard-poors-mejora-el-rating-de-la-deuda-bbb-con-perspectiva-estable\/","title":{"rendered":"Standard &#038; Poor&#8217;s mejora el rating de la deuda a &#8216;BBB&#8217; con perspectiva &#8216;estable&#8217;"},"content":{"rendered":"<p>La agencia de calificaci\u00f3n crediticia Standard &amp; Poor&#8217;s (S&amp;P) ha elevado este viernes en un escal\u00f3n el rating de la deuda soberana de Espa\u00f1a, desde &#8216;BBB-&#8216; a &#8216;BBB&#8217; con perspectiva &#8216;estable&#8217;, debido a una mejor expectativa en la recuperaci\u00f3n de la econom\u00eda del pa\u00eds.<\/p>\n<p>\u00abLa subida de la calificaci\u00f3n refleja la mejora de nuestras estimaciones de crecimiento econ\u00f3mico y competitividad de Espa\u00f1a como resultado de los esfuerzos realizados en materia de reformas estructurales desde 2010, incluyendo la reforma laboral de 2012\u00bb, explica S&amp;P en un comunicado.<\/p>\n<p>Como consecuencia de estas reformas, y ante la previsi\u00f3n de que la pol\u00edtica monetaria en la eurozona siga siendo altamente acomodaticia, la agencia ha revisado su previsi\u00f3n de crecimiento medio del PIB para la econom\u00eda espa\u00f1ola durante el periodo 2014-2016 del 1,2% al 1,6%. En concreto, prev\u00e9 que crezca un 1,3% este a\u00f1o y un 1,8% en 2015 y 2016.<\/p>\n<p>En esta l\u00ednea, Stantard &amp; Poor&#8217;s espera que la recuperaci\u00f3n del empleo tambi\u00e9n contribuya en la mejora de la posici\u00f3n fiscal del pa\u00eds y a la estabilizaci\u00f3n del sistema financiero y de la calidad de sus activos.<br \/>\nCon esta mejora del rating de Espa\u00f1a, S&amp;P ha seguido los pasos de <a title=\"Moody's: el ajuste del precio de la vivienda en Espa\u00f1a a\u00fan no ha terminado\" href=\"https:\/\/www.fotocasa.es\/fotocasa-life\/compraventa\/moodys-el-ajuste-del-precio-de-la-vivienda-en-espana-aun-ha-terminado\/\"><strong>Moody&#8217;s<\/strong><\/a> y Fitch, las otras dos grandes agencias de calificaci\u00f3n, que en sus \u00faltimas revisiones han elevado la nota de Espa\u00f1a en un escal\u00f3n.<\/p>\n<p>&nbsp;<\/p>\n","protected":false},"excerpt":{"rendered":"<p>La agencia de calificaci\u00f3n crediticia Standard &amp; Poor&#8217;s (S&amp;P) ha elevado este viernes en un escal\u00f3n el rating de la deuda soberana de Espa\u00f1a, desde &#8216;BBB-&#8216; a &#8216;BBB&#8217; con perspectiva &#8216;estable&#8217;, debido a una mejor expectativa en la recuperaci\u00f3n de la econom\u00eda del pa\u00eds. \u00abLa subida de la calificaci\u00f3n refleja la mejora de nuestras estimaciones&#8230;<\/p>\n","protected":false},"author":3,"featured_media":837,"comment_status":"open","ping_status":"open","sticky":false,"template":"","format":"standard","meta":{"_lmt_disableupdate":"yes","_lmt_disable":"","footnotes":""},"categories":[6],"tags":[118,316],"class_list":["post-1724","post","type-post","status-publish","format-standard","has-post-thumbnail","hentry","category-hipotecas-finanzas","tag-economia","tag-sp"],"modified_by":"Albert PC","_links":{"self":[{"href":"https:\/\/www.fotocasa.es\/fotocasa-life\/wp-json\/wp\/v2\/posts\/1724","targetHints":{"allow":["GET"]}}],"collection":[{"href":"https:\/\/www.fotocasa.es\/fotocasa-life\/wp-json\/wp\/v2\/posts"}],"about":[{"href":"https:\/\/www.fotocasa.es\/fotocasa-life\/wp-json\/wp\/v2\/types\/post"}],"author":[{"embeddable":true,"href":"https:\/\/www.fotocasa.es\/fotocasa-life\/wp-json\/wp\/v2\/users\/3"}],"replies":[{"embeddable":true,"href":"https:\/\/www.fotocasa.es\/fotocasa-life\/wp-json\/wp\/v2\/comments?post=1724"}],"version-history":[{"count":0,"href":"https:\/\/www.fotocasa.es\/fotocasa-life\/wp-json\/wp\/v2\/posts\/1724\/revisions"}],"wp:featuredmedia":[{"embeddable":true,"href":"https:\/\/www.fotocasa.es\/fotocasa-life\/wp-json\/wp\/v2\/media\/837"}],"wp:attachment":[{"href":"https:\/\/www.fotocasa.es\/fotocasa-life\/wp-json\/wp\/v2\/media?parent=1724"}],"wp:term":[{"taxonomy":"category","embeddable":true,"href":"https:\/\/www.fotocasa.es\/fotocasa-life\/wp-json\/wp\/v2\/categories?post=1724"},{"taxonomy":"post_tag","embeddable":true,"href":"https:\/\/www.fotocasa.es\/fotocasa-life\/wp-json\/wp\/v2\/tags?post=1724"}],"curies":[{"name":"wp","href":"https:\/\/api.w.org\/{rel}","templated":true}]}}