{"id":16838,"date":"2016-10-20T11:53:33","date_gmt":"2016-10-20T09:53:33","guid":{"rendered":"https:\/\/www.fotocasa.es\/fotocasa-life\/?p=16838"},"modified":"2020-11-27T11:25:10","modified_gmt":"2020-11-27T10:25:10","slug":"construccion-100-000-empleos-ano","status":"publish","type":"post","link":"https:\/\/www.fotocasa.es\/fotocasa-life\/seguridad\/construccion-100-000-empleos-ano\/","title":{"rendered":"CC.OO. afirma que la construcci\u00f3n podr\u00eda crear hasta 100.000 empleos por a\u00f1o en 2020"},"content":{"rendered":"<p><strong>CC.OO.<\/strong> ha afirmado que se podr\u00edan alcanzar los <strong>100.000 puestos de trabajo por a\u00f1o<\/strong> si el sector de la construcci\u00f3n alcanza el <strong>3% del PIB en 2020<\/strong>, con lo que se recuperar\u00edan cifras de un mill\u00f3n de asalariados en el sector en los pr\u00f3ximos cuatro a\u00f1os, seg\u00fan ha informado el sindicato en una rueda de prensa a los medios. El dato casa con las <a href=\"https:\/\/www.fotocasa.es\/fotocasa-life\/wp-admin\/post.php?post=13424&amp;action=edit\"><strong>predicciones optimistas que apuestan por la recuperaci\u00f3n<\/strong><\/a>,\u00a0aunque estas alturas sigue habiendo muchos cabos desatados.<\/p>\n<p>El objetivo del sindicato es solicitar al Gobierno que <strong>tome las medidas necesarias para que el peso de la construcci\u00f3n en el PIB se incremente medio punto hasta el 1,5%<\/strong> en 2017 y para que se mantenga estable hasta conseguir el objetivo de 2020.\u00a0De suceder, la construcci\u00f3n volver\u00eda a ser un sector dinamizador de la econom\u00eda, pero, seg\u00fan el sindicato, no en la parte que provoc\u00f3 el &#8216;boom inmobiliario&#8217;, sino en el \u00e1mbito de las infraestructuras o la rehabilitaci\u00f3n.<\/p>\n<p><strong>Se necesita inversi\u00f3n p\u00fablica<\/strong><\/p>\n<p>El secretario general de CC.OO. construcci\u00f3n y servicios, Vicente S\u00e1nchez, ha apuntado que el sector <strong>no est\u00e1 generando empleo suficiente para recuperar lo que se hab\u00eda perdido<\/strong>. As\u00ed, ha recordado que este a\u00f1o \u00ab\u00fanicamente\u00bb se ha recuperado un 4% del empleo y en el \u00faltimo mes ha habido una bajada del 1,7%.\u00a0S\u00e1nchez ha se\u00f1alado que las cifras <strong>se van a mantener en menos de 700.000 trabajadores para este a\u00f1o<\/strong> y ha recordado que si no hay inversi\u00f3n en obra p\u00fablica por parte del Ministerio de Fomento, las cifras de asalariados y aut\u00f3nomos en este sector se mantendr\u00e1n como hasta ahora.<\/p>\n<p>Con motivo del d\u00e9cimo aniversario de la ley de subcontrataci\u00f3n en el sector de la construcci\u00f3n, el secretario general de CC.OO. construcci\u00f3n y servicios ha se\u00f1alado que <strong>el sector sigue \u00abcompletamente\u00bb paralizado, aunque se ha reactivado algo en la parte privada<\/strong>.<\/p>\n<p>En lo que respecta a la aplicaci\u00f3n de la ley, S\u00e1nchez ha afirmado que en el sector hay una dualidad. Por una parte est\u00e1n las empresas y las grandes obras de ingenier\u00eda y edificaci\u00f3n donde se cumple con la ley, por lo menos en la parte formal, y las peque\u00f1as empresas o centros de trabajo donde es m\u00e1s dif\u00edcil la presencia del sindicato para controlar la aplicaci\u00f3n.<\/p>\n<p>Para el sindicato, el principal problema que se crea<strong> si no se cumple la ley es que puede incrementarse la siniestralidad laboral en este sector<\/strong>.\u00a0Por ello, CC.OO. va a iniciar una campa\u00f1a de vigilancia de las obras para controlar que se cumple con la ley de subcontrataci\u00f3n. Asimismo, pide \u00abm\u00e1s medios\u00bb por parte de la inspecci\u00f3n de trabajo para que se atiendan todas las denuncias que el sindicato ponga a obras que no cumplan con la ley.<\/p>\n<p><strong>Las peque\u00f1as obras generar\u00e1n incrementos en el sector<\/strong><\/p>\n<p>De cara a los pr\u00f3ximos a\u00f1os, desde el sindicato se apunta a que habr\u00e1 un incremento en el sector de la construcci\u00f3n por parte de las peque\u00f1as obras.\u00a0\u00abEl sector va a seguir paralizado en los grandes n\u00fameros\u00bb, seg\u00fan el sindicato. Adem\u00e1s, han recordado,<strong> \u00abhay una desregularizaci\u00f3n en el sector de la vivienda y la construcci\u00f3n\u00bb<\/strong>. Antes de la crisis el 80% de la contrataci\u00f3n eran asalariados con respecto a los aut\u00f3nomos y en la actualidad s\u00f3lo un 65% son asalariados, frente al 35% de trabajdores aut\u00f3nomos.<\/p>\n<p>En lo que respecta a la inversi\u00f3n por parte del Gobierno, desde CC.OO. se considera que las perspectivas son \u00abbastante preocupantes\u00bb, puesto que creen que no va a haber inversi\u00f3n en infraestructuras.<\/p>\n","protected":false},"excerpt":{"rendered":"<p>CC.OO. ha afirmado que se podr\u00edan alcanzar los 100.000 puestos de trabajo por a\u00f1o si el sector de la construcci\u00f3n alcanza el 3% del PIB en 2020, con lo que se recuperar\u00edan cifras de un mill\u00f3n de asalariados en el sector en los pr\u00f3ximos cuatro a\u00f1os, seg\u00fan ha informado el sindicato en una rueda de&#8230;<\/p>\n","protected":false},"author":3,"featured_media":1452,"comment_status":"open","ping_status":"closed","sticky":false,"template":"","format":"standard","meta":{"_lmt_disableupdate":"yes","_lmt_disable":"","footnotes":""},"categories":[1445],"tags":[2206,1072,524,333,985,245,2207],"class_list":["post-16838","post","type-post","status-publish","format-standard","has-post-thumbnail","hentry","category-seguridad","tag-ccoo","tag-construccion-de-viviendas","tag-creacion-de-empleo","tag-empleo","tag-futuro-del-sector-inmobiliario","tag-sector-inmobiliario","tag-sindicatos"],"modified_by":"Fotocasa","_links":{"self":[{"href":"https:\/\/www.fotocasa.es\/fotocasa-life\/wp-json\/wp\/v2\/posts\/16838","targetHints":{"allow":["GET"]}}],"collection":[{"href":"https:\/\/www.fotocasa.es\/fotocasa-life\/wp-json\/wp\/v2\/posts"}],"about":[{"href":"https:\/\/www.fotocasa.es\/fotocasa-life\/wp-json\/wp\/v2\/types\/post"}],"author":[{"embeddable":true,"href":"https:\/\/www.fotocasa.es\/fotocasa-life\/wp-json\/wp\/v2\/users\/3"}],"replies":[{"embeddable":true,"href":"https:\/\/www.fotocasa.es\/fotocasa-life\/wp-json\/wp\/v2\/comments?post=16838"}],"version-history":[{"count":0,"href":"https:\/\/www.fotocasa.es\/fotocasa-life\/wp-json\/wp\/v2\/posts\/16838\/revisions"}],"wp:featuredmedia":[{"embeddable":true,"href":"https:\/\/www.fotocasa.es\/fotocasa-life\/wp-json\/wp\/v2\/media\/1452"}],"wp:attachment":[{"href":"https:\/\/www.fotocasa.es\/fotocasa-life\/wp-json\/wp\/v2\/media?parent=16838"}],"wp:term":[{"taxonomy":"category","embeddable":true,"href":"https:\/\/www.fotocasa.es\/fotocasa-life\/wp-json\/wp\/v2\/categories?post=16838"},{"taxonomy":"post_tag","embeddable":true,"href":"https:\/\/www.fotocasa.es\/fotocasa-life\/wp-json\/wp\/v2\/tags?post=16838"}],"curies":[{"name":"wp","href":"https:\/\/api.w.org\/{rel}","templated":true}]}}