{"id":1678,"date":"2014-05-26T09:00:27","date_gmt":"2014-05-26T07:00:27","guid":{"rendered":"https:\/\/www.fotocasa.es\/fotocasa-life\/?p=1678"},"modified":"2020-11-27T11:34:33","modified_gmt":"2020-11-27T10:34:33","slug":"el-programa-de-conferencias-de-sima-2014-aportara-un-valor-anadido-la-feria","status":"publish","type":"post","link":"https:\/\/www.fotocasa.es\/fotocasa-life\/compraventa\/el-programa-de-conferencias-de-sima-2014-aportara-un-valor-anadido-la-feria\/","title":{"rendered":"El Programa de conferencias de SIMA 2014 aportar\u00e1 un valor a\u00f1adido a la feria"},"content":{"rendered":"<p>PUBLIRREPORTAJE<\/p>\n<p>&nbsp;<\/p>\n<p>El Sal\u00f3n Inmobiliario Internacional de Madrid, que se celebrar\u00e1 este a\u00f1o <a title=\"El Sal\u00f3n Inmobiliario Internacional de Madrid calienta motores\" href=\"https:\/\/www.fotocasa.es\/fotocasa-life\/compraventa\/el-salon-inmobiliario-internacional-de-madrid-calienta-motores\/\"><strong>desde el 29 de mayo al 1 de junio<\/strong><\/a>, presenta un interesante programa de actividades que abarca conferencias, foros de debate y ponencias dirigidas a las empresas y profesionales del sector inmobiliario.<\/p>\n<p>El programa de conferencias de SIMA 2014 incluir\u00e1 ponencias, coloquios, reuniones y actos sociales dise\u00f1ados para convocar a los actores m\u00e1s relevantes del sector. Tambi\u00e9n incluir\u00e1 una agenda de actividades dirigidas tanto a profesionales como al gran p\u00fablico. Las actividades dirigidas al gran p\u00fablico se centrar\u00e1n en temas de inter\u00e9s para toda la audiencia del sal\u00f3n, con especial \u00e9nfasis en inversores particulares, compradores de viviendas y propietarios de peque\u00f1as carteras de inmuebles.<\/p>\n<p>La sensaci\u00f3n de que los precios han tocado fondo ha favorecido unas condiciones \u00f3ptimas para que los inversores recuperen la confianza. Todo parece indicar a que este a\u00f1o el sector inmobiliario seguir\u00e1 atrayendo a un n\u00famero muy alto de inversores y que el mercado podr\u00eda entrar, ya a finales de este a\u00f1o, en una din\u00e1mica de moderada recuperaci\u00f3n.<\/p>\n<p>La <strong><a title=\"Conferencia Inmobiliaria de Madrid\" href=\"https:\/\/simaexpo.com\/programa-sima-2014\/conferencia-inmobiliaria-madrid-2014\/\" target=\"_blank\" rel=\"noopener noreferrer\">Conferencia Inmobiliaria de Madrid<\/a>\u00a0<\/strong>contar\u00e1 con los expertos m\u00e1s cualificados de nuestro pa\u00eds para analizar la situaci\u00f3n actual y el futuro del sector inmobiliario en Espa\u00f1a. Organizada conjuntamente con ASPRIMA (Asociaci\u00f3n de Promotores Inmobiliarios de Madrid), la Conferencia Inmobiliaria, que tendr\u00e1 lugar el d\u00eda 27 de mayo en el Hotel Eurobuilding, se posiciona como el punto de reflexi\u00f3n anual sobre la industria inmobiliaria.<\/p>\n<p>Su programa se estructurar\u00e1 en tres bloques. El primer bloque, que tratar\u00e1 del peso del sector inmobiliario en el conjunto de la econom\u00eda, incluye como principal novedad la presentaci\u00f3n en primicia de un informe al respecto elaborado por el Instituto de Estudios Econ\u00f3micos. El segundo bloque analizar\u00e1 los costes que intervienen en la formaci\u00f3n del precio de la vivienda, con propuestas encaminadas a producir viviendas m\u00e1s asequibles; mientras que el tercero nos ofrecer\u00e1 una proyecci\u00f3n del comportamiento de la demanda, la oferta y los precios, trazando los posibles escenarios y plazos para el cambio de ciclo.<\/p>\n<p>Por otra parte, una de las mayores novedades de SIMA 2014 respecto a ediciones anteriores ser\u00e1 la presentaci\u00f3n del primer <a title=\"Foro Fondos Internacionales\" href=\"https:\/\/simaexpo.com\/programa-sima-2014\/foro-fondos-internacionales\/\" target=\"_blank\" rel=\"noopener noreferrer\"><strong>Foro de Fondos Internacionales<\/strong><\/a> en el mercado inmobiliario espa\u00f1ol. El Foro, que tendr\u00e1 lugar por primera vez en Espa\u00f1a, ser\u00e1 organizado en colaboraci\u00f3n con Information Management Network (IMN), compa\u00f1\u00eda norteamericana especializada en conferencias y otros eventos dirigidos a fondos de inversi\u00f3n.<\/p>\n<p>La agenda del Foro contar\u00e1 con la presencia de los m\u00e1s importantes fondos de inversi\u00f3n internacionales y de los principales operadores nacionales para identificar oportunidades en un escenario de progresiva estabilizaci\u00f3n del sector inmobiliario en Espa\u00f1a. El Foro se dirige a fondos y gestores de fondos de inversi\u00f3n, entidades financieras, promotores, administraciones p\u00fablicas, gestores de activos y, en general, a todas aquellas empresas o profesionales que se vinculan directa o indirectamente con la inversi\u00f3n inmobiliaria en Espa\u00f1a.<\/p>\n<p>El Foro pretende mostrar una visi\u00f3n general del mercado inmobiliario espa\u00f1ol y de las oportunidades concretas en los segmentos de residencial y no residencial. El Foro tambi\u00e9n incidir\u00e1 en aspectos relacionados con los procesos de inversi\u00f3n, tales como la financiaci\u00f3n, la fiscalidad, la valoraci\u00f3n de activos o la necesidad de los fondos de contar con partners locales. El programa pretende tambi\u00e9n servir para tener un mayor conocimiento de los objetivos y necesidades tanto de los propietarios, como de los inversores internacionales.<\/p>\n<p>El programa del Foro cuenta con m\u00e1s de 50 ponentes, entre los que se encuentran importantes fondos internacionales como Apollo, Axa, Broome Capital, Colony Capital, , H.I.G. Capital, Kennedy Wilson, Patrizia Immobilien, Starwood Waypoint Residential Trust, Talus Real Estate o TIAA Henderson, entre otros.<\/p>\n<p>El evento tendr\u00e1 lugar en el Centro de Convenciones Sur de Feria de Madrid, comenzando el jueves 28 de mayo y finalizando al d\u00eda siguiente en torno al mediod\u00eda, coincidiendo con la inauguraci\u00f3n de la 16\u00aa edici\u00f3n de SIMA en el pabell\u00f3n 6 de Feria de Madrid.<\/p>\n<p>SIMA 2014 tambi\u00e9n incluir\u00e1 en su programa la 2\u00aa edici\u00f3n de <a title=\"INMONEXT\" href=\"https:\/\/simaexpo.com\/programa-sima-2014\/inmonext-14-el-ano-de-la-recuperacion\/\" target=\"_blank\" rel=\"noopener noreferrer\"><strong>Inmonext<\/strong><\/a>, el d\u00eda 30 de mayo. Inmonext, cuyo programa se dirige principalmente al colectivo de agencias inmobiliarias, se postula como un inmejorable punto de encuentro entre profesionales para debatir y descubrir el futuro del sector inmobiliario a medio plazo.<\/p>\n<p>&nbsp;<\/p>\n","protected":false},"excerpt":{"rendered":"<p>PUBLIRREPORTAJE &nbsp; El Sal\u00f3n Inmobiliario Internacional de Madrid, que se celebrar\u00e1 este a\u00f1o desde el 29 de mayo al 1 de junio, presenta un interesante programa de actividades que abarca conferencias, foros de debate y ponencias dirigidas a las empresas y profesionales del sector inmobiliario. El programa de conferencias de SIMA 2014 incluir\u00e1 ponencias, coloquios,&#8230;<\/p>\n","protected":false},"author":3,"featured_media":1679,"comment_status":"open","ping_status":"open","sticky":false,"template":"","format":"standard","meta":{"_lmt_disableupdate":"yes","_lmt_disable":"","footnotes":""},"categories":[3],"tags":[348,347,164,165,245,345],"class_list":["post-1678","post","type-post","status-publish","format-standard","has-post-thumbnail","hentry","category-compraventa","tag-conferencia-inmobiliaria-de-madrid","tag-feria-de-madrid","tag-inversores","tag-inversores-internacionales","tag-sector-inmobiliario","tag-sima-2014"],"modified_by":"Albert PC","_links":{"self":[{"href":"https:\/\/www.fotocasa.es\/fotocasa-life\/wp-json\/wp\/v2\/posts\/1678","targetHints":{"allow":["GET"]}}],"collection":[{"href":"https:\/\/www.fotocasa.es\/fotocasa-life\/wp-json\/wp\/v2\/posts"}],"about":[{"href":"https:\/\/www.fotocasa.es\/fotocasa-life\/wp-json\/wp\/v2\/types\/post"}],"author":[{"embeddable":true,"href":"https:\/\/www.fotocasa.es\/fotocasa-life\/wp-json\/wp\/v2\/users\/3"}],"replies":[{"embeddable":true,"href":"https:\/\/www.fotocasa.es\/fotocasa-life\/wp-json\/wp\/v2\/comments?post=1678"}],"version-history":[{"count":0,"href":"https:\/\/www.fotocasa.es\/fotocasa-life\/wp-json\/wp\/v2\/posts\/1678\/revisions"}],"wp:featuredmedia":[{"embeddable":true,"href":"https:\/\/www.fotocasa.es\/fotocasa-life\/wp-json\/wp\/v2\/media\/1679"}],"wp:attachment":[{"href":"https:\/\/www.fotocasa.es\/fotocasa-life\/wp-json\/wp\/v2\/media?parent=1678"}],"wp:term":[{"taxonomy":"category","embeddable":true,"href":"https:\/\/www.fotocasa.es\/fotocasa-life\/wp-json\/wp\/v2\/categories?post=1678"},{"taxonomy":"post_tag","embeddable":true,"href":"https:\/\/www.fotocasa.es\/fotocasa-life\/wp-json\/wp\/v2\/tags?post=1678"}],"curies":[{"name":"wp","href":"https:\/\/api.w.org\/{rel}","templated":true}]}}