{"id":1673,"date":"2014-05-23T09:27:00","date_gmt":"2014-05-23T07:27:00","guid":{"rendered":"https:\/\/www.fotocasa.es\/fotocasa-life\/?p=1673"},"modified":"2020-11-27T11:34:34","modified_gmt":"2020-11-27T10:34:34","slug":"sima-toma-el-pulso-al-sector-inmobiliario-espanol-en-su-16a-edicion","status":"publish","type":"post","link":"https:\/\/www.fotocasa.es\/fotocasa-life\/compraventa\/sima-toma-el-pulso-al-sector-inmobiliario-espanol-en-su-16a-edicion\/","title":{"rendered":"SIMA toma el pulso al sector inmobiliario espa\u00f1ol en su 16\u00aa edici\u00f3n"},"content":{"rendered":"<p>PUBLIRREPORTAJE<\/p>\n<p>&nbsp;<\/p>\n<p>El <a title=\"SIMA 2014\" href=\"https:\/\/simaexpo.com\/\" target=\"_blank\" rel=\"noopener noreferrer\"><strong>Sal\u00f3n Inmobiliario Internacional de Madrid (SIMA)<\/strong><\/a> se convertir\u00e1 en la \u00faltima semana de mayo en una importante cita para empresas y profesionales del sector inmobiliario y p\u00fablico interesado en la compra o el alquiler de vivienda. La 16\u00aa edici\u00f3n de esta feria, que se celebrar\u00e1 del 29 de mayo al 1 de junio, en el pabell\u00f3n 6 de Feria de Madrid, permitir\u00e1 comprobar si los primeros s\u00edntomas de estabilizaci\u00f3n del mercado, en parte debido al gran inter\u00e9s suscitado por fondos de inversi\u00f3n nacionales e internacionales, se empiezan a trasladar a la demanda residencial.<\/p>\n<p>La incipiente mejora de algunos indicadores econ\u00f3micos, la percepci\u00f3n de que los precios est\u00e1n tocando fondo y la ligera mejora de la facilidad de cr\u00e9dito est\u00e1n favoreciendo que poco a poco compradores y peque\u00f1os inversores recuperen la confianza en el sector inmobiliario. De hecho, tras los \u00faltimos <a title=\"La compraventa de viviendas se dispara un 22,8% en marzo tras diez meses de fuertes ca\u00eddas\" href=\"https:\/\/www.fotocasa.es\/fotocasa-life\/compraventa\/la-compraventa-de-viviendas-se-dispara-un-228-en-marzo-tras-diez-meses-de-fuertes-caidas\/\"><strong>datos publicados por el INE<\/strong><\/a> en relaci\u00f3n con la venta de viviendas en marzo de este a\u00f1o (+22,8% sobre marzo de 2013), algunos analistas estiman que el 2014 podr\u00eda finalizar con tasas de crecimiento positivas en el n\u00famero de unidades vendidas, tras varios a\u00f1os de ca\u00eddas ininterrumpidas. Estos datos sugieren que el mercado de vivienda podr\u00eda empezar a estabilizarse a lo largo de este a\u00f1o 2014 en un escenario de contenci\u00f3n de precios.<\/p>\n<p>En este contexto, SIMA 2014 contar\u00e1 en esta cita con la participaci\u00f3n de cerca de 150 empresas expositoras que mostrar\u00e1n una amplia oferta de vivienda nueva (seg\u00fan c\u00e1lculos de la organizaci\u00f3n, m\u00e1s de 400 promociones) y de segunda mano. Aunque la mayor\u00eda de las promociones de centran en la Comunidad de Aut\u00f3noma de Madrid y provincias lim\u00edtrofes, en el Sal\u00f3n podr\u00e1n encontrarse ofertas ubicadas en buena parte de la geograf\u00eda espa\u00f1ola, destacando las viviendas situadas en destinos tur\u00edsticos y enclaves costeros. Los precios de las promociones que podr\u00e1n encontrarse en SIMA oscilan entre menos de 50.000 y m\u00e1s de un mill\u00f3n de euros.<\/p>\n<p>El alquiler de vivienda como alternativa a la compra tambi\u00e9n se ver\u00e1 reflejado en esta edici\u00f3n de SIMA. Por otra parte, y siguiendo la tendencia de las \u00faltimas ediciones del Sal\u00f3n, la oferta residencial, mayoritaria en SIMA, se ver\u00e1 complementada por una significativa presencia de productos no residenciales, incluidos suelo, oficinas, comercial, log\u00edstico\/industrial y hoteles.<\/p>\n<p>La 16\u00aa edici\u00f3n de SIMA contar\u00e1 tambi\u00e9n con un extenso programa de actividades profesionales, que comenzar\u00e1 el 27 de mayo con la 11\u00aa edici\u00f3n de la <a title=\"Conferencia Inmobiliaria de Madrid\" href=\"http:\/\/simaexpo.com\/programa-sima-2014\/conferencia-inmobiliaria-madrid-2014\/\" target=\"_blank\" rel=\"noopener noreferrer\"><strong>Conferencia Inmobiliaria de Madrid<\/strong><\/a>. Posteriormente, los d\u00edas 28 y 29 tendr\u00e1 lugar el I Foro de Fondos Internacionales del mercado inmobiliario espa\u00f1ol y, por \u00faltimo, el d\u00eda 30 se celebrar\u00e1 la segunda edici\u00f3n de <a title=\"INMONEXT\" href=\"https:\/\/simaexpo.com\/programa-sima-2014\/inmonext-14-el-ano-de-la-recuperacion\/\" target=\"_blank\" rel=\"noopener noreferrer\"><strong>Inmonext<\/strong><\/a>.<\/p>\n","protected":false},"excerpt":{"rendered":"<p>PUBLIRREPORTAJE &nbsp; El Sal\u00f3n Inmobiliario Internacional de Madrid (SIMA) se convertir\u00e1 en la \u00faltima semana de mayo en una importante cita para empresas y profesionales del sector inmobiliario y p\u00fablico interesado en la compra o el alquiler de vivienda. La 16\u00aa edici\u00f3n de esta feria, que se celebrar\u00e1 del 29 de mayo al 1 de&#8230;<\/p>\n","protected":false},"author":3,"featured_media":1675,"comment_status":"open","ping_status":"open","sticky":false,"template":"","format":"standard","meta":{"_lmt_disableupdate":"yes","_lmt_disable":"","footnotes":""},"categories":[3],"tags":[348,347,164,165,245,345],"class_list":["post-1673","post","type-post","status-publish","format-standard","has-post-thumbnail","hentry","category-compraventa","tag-conferencia-inmobiliaria-de-madrid","tag-feria-de-madrid","tag-inversores","tag-inversores-internacionales","tag-sector-inmobiliario","tag-sima-2014"],"modified_by":"Albert PC","_links":{"self":[{"href":"https:\/\/www.fotocasa.es\/fotocasa-life\/wp-json\/wp\/v2\/posts\/1673","targetHints":{"allow":["GET"]}}],"collection":[{"href":"https:\/\/www.fotocasa.es\/fotocasa-life\/wp-json\/wp\/v2\/posts"}],"about":[{"href":"https:\/\/www.fotocasa.es\/fotocasa-life\/wp-json\/wp\/v2\/types\/post"}],"author":[{"embeddable":true,"href":"https:\/\/www.fotocasa.es\/fotocasa-life\/wp-json\/wp\/v2\/users\/3"}],"replies":[{"embeddable":true,"href":"https:\/\/www.fotocasa.es\/fotocasa-life\/wp-json\/wp\/v2\/comments?post=1673"}],"version-history":[{"count":0,"href":"https:\/\/www.fotocasa.es\/fotocasa-life\/wp-json\/wp\/v2\/posts\/1673\/revisions"}],"wp:featuredmedia":[{"embeddable":true,"href":"https:\/\/www.fotocasa.es\/fotocasa-life\/wp-json\/wp\/v2\/media\/1675"}],"wp:attachment":[{"href":"https:\/\/www.fotocasa.es\/fotocasa-life\/wp-json\/wp\/v2\/media?parent=1673"}],"wp:term":[{"taxonomy":"category","embeddable":true,"href":"https:\/\/www.fotocasa.es\/fotocasa-life\/wp-json\/wp\/v2\/categories?post=1673"},{"taxonomy":"post_tag","embeddable":true,"href":"https:\/\/www.fotocasa.es\/fotocasa-life\/wp-json\/wp\/v2\/tags?post=1673"}],"curies":[{"name":"wp","href":"https:\/\/api.w.org\/{rel}","templated":true}]}}