{"id":1551,"date":"2014-05-09T11:25:00","date_gmt":"2014-05-09T09:25:00","guid":{"rendered":"https:\/\/www.fotocasa.es\/fotocasa-life\/?p=1551"},"modified":"2020-11-27T11:34:42","modified_gmt":"2020-11-27T10:34:42","slug":"el-salon-inmobiliario-internacional-de-madrid-calienta-motores","status":"publish","type":"post","link":"https:\/\/www.fotocasa.es\/fotocasa-life\/compraventa\/el-salon-inmobiliario-internacional-de-madrid-calienta-motores\/","title":{"rendered":"El Sal\u00f3n Inmobiliario Internacional de Madrid calienta motores"},"content":{"rendered":"<p>M\u00e1s de 100 empresas e instituciones han confirmado ya su presencia en la nueva edici\u00f3n del <a title=\"SIMA 2014\" href=\"http:\/\/simaexpo.com\/\" target=\"_blank\" rel=\"noopener noreferrer\"><strong>Sal\u00f3n Inmobiliario Internacional de Madrid<\/strong><\/a> (SIMA 2014), que se celebrar\u00e1 del 29 de mayo al 1 de junio en Feria de Madrid.<\/p>\n<p>Los asistentes a la feria podr\u00e1n encontrar una amplia oferta de vivienda nueva y de segunda mano, as\u00ed como de producto no residencial, de toda la geograf\u00eda espa\u00f1ola pero principalmente de Madrid, provincias lim\u00edtrofes y destinos tur\u00edsticos.<\/p>\n<p>El sal\u00f3n se celebrar\u00e1 en un escenario marcado por la incipiente mejora de los indicadores econ\u00f3micos y de la concesi\u00f3n de cr\u00e9dito hipotecario para adquisici\u00f3n de vivienda, de manera que la cita servir\u00e1 para ver hasta qu\u00e9 punto el mercado inmobiliario comienza a mostrar s\u00edntomas de recuperaci\u00f3n.<\/p>\n<p>Adem\u00e1s de la oferta de vivienda, esta edici\u00f3n destaca por la celebraci\u00f3n del primer Foro \u201cFondos Internacionales en el mercado inmobiliario espa\u00f1ol\u201d, los d\u00edas 28 y 29 de mayo, que incluir\u00e1 numerosos debates en los que participar\u00e1n m\u00e1s 50 ponentes. El objetivo de este foro es ser un punto de encuentro para todos los actores involucrados en el mercado de inversi\u00f3n inmobiliaria, en un escenario de progresiva estabilizaci\u00f3n del sector en Espa\u00f1a.<\/p>\n<p>La Conferencia Inmobiliaria Madrid 2014, adem\u00e1s, dar\u00e1 el pistoletazo de salida a un amplio programa de actividades profesionales de SIMA 2014. Organizada junto a la Asociaci\u00f3n de Promotores Inmobiliarios de Madrid (ASPRIMA), cuenta como principal novedad para este a\u00f1o la presentaci\u00f3n del informe \u201cLa relevancia del sector inmobiliario en el conjunto de la econom\u00eda\u201d elaborado por el Instituto de Estudios Econ\u00f3micos y presentado durante la Conferencia por su presidente, Jos\u00e9 Luis Feito.<\/p>\n<p>Por otra parte, la und\u00e9cima edici\u00f3n de los Premios Inmobiliarios ASPRIMA-SIMA, con cerca de 40 candidaturas, premiar\u00e1 a los mejores en las categor\u00edas de Mejor actuaci\u00f3n inmobiliaria residencial, Mejor actuaci\u00f3n inmobiliaria no residencial, Mejor actuaci\u00f3n urban\u00edstica o de remodelaci\u00f3n urbana, Mejor actuaci\u00f3n en rehabilitaci\u00f3n o remodelaci\u00f3n integral de edificios, Mejor proyecto inmobiliario internacional y Mejor iniciativa en rehabilitaci\u00f3n energ\u00e9tica de edificios. El acto de entrega de los premios tendr\u00e1 lugar el pr\u00f3ximo d\u00eda 28 de mayo.<\/p>\n<p>SIMA 2014 ser\u00e1 la primera de las dos citas inmobiliarias que organizar\u00e1 Planner Exhibitions este a\u00f1o. La segunda ser\u00e1 SIMA Oto\u00f1o 2014, del 24 al 26 de octubre, tambi\u00e9n en Feria de Madrid.<\/p>\n<p>&nbsp;<\/p>\n","protected":false},"excerpt":{"rendered":"<p>M\u00e1s de 100 empresas e instituciones han confirmado ya su presencia en la nueva edici\u00f3n del Sal\u00f3n Inmobiliario Internacional de Madrid (SIMA 2014), que se celebrar\u00e1 del 29 de mayo al 1 de junio en Feria de Madrid. Los asistentes a la feria podr\u00e1n encontrar una amplia oferta de vivienda nueva y de segunda mano,&#8230;<\/p>\n","protected":false},"author":3,"featured_media":1554,"comment_status":"open","ping_status":"open","sticky":false,"template":"","format":"standard","meta":{"_lmt_disableupdate":"yes","_lmt_disable":"","footnotes":""},"categories":[3],"tags":[348,347,164,225,245,345],"class_list":["post-1551","post","type-post","status-publish","format-standard","has-post-thumbnail","hentry","category-compraventa","tag-conferencia-inmobiliaria-de-madrid","tag-feria-de-madrid","tag-inversores","tag-profesionales","tag-sector-inmobiliario","tag-sima-2014"],"modified_by":"Administrador","_links":{"self":[{"href":"https:\/\/www.fotocasa.es\/fotocasa-life\/wp-json\/wp\/v2\/posts\/1551","targetHints":{"allow":["GET"]}}],"collection":[{"href":"https:\/\/www.fotocasa.es\/fotocasa-life\/wp-json\/wp\/v2\/posts"}],"about":[{"href":"https:\/\/www.fotocasa.es\/fotocasa-life\/wp-json\/wp\/v2\/types\/post"}],"author":[{"embeddable":true,"href":"https:\/\/www.fotocasa.es\/fotocasa-life\/wp-json\/wp\/v2\/users\/3"}],"replies":[{"embeddable":true,"href":"https:\/\/www.fotocasa.es\/fotocasa-life\/wp-json\/wp\/v2\/comments?post=1551"}],"version-history":[{"count":0,"href":"https:\/\/www.fotocasa.es\/fotocasa-life\/wp-json\/wp\/v2\/posts\/1551\/revisions"}],"wp:featuredmedia":[{"embeddable":true,"href":"https:\/\/www.fotocasa.es\/fotocasa-life\/wp-json\/wp\/v2\/media\/1554"}],"wp:attachment":[{"href":"https:\/\/www.fotocasa.es\/fotocasa-life\/wp-json\/wp\/v2\/media?parent=1551"}],"wp:term":[{"taxonomy":"category","embeddable":true,"href":"https:\/\/www.fotocasa.es\/fotocasa-life\/wp-json\/wp\/v2\/categories?post=1551"},{"taxonomy":"post_tag","embeddable":true,"href":"https:\/\/www.fotocasa.es\/fotocasa-life\/wp-json\/wp\/v2\/tags?post=1551"}],"curies":[{"name":"wp","href":"https:\/\/api.w.org\/{rel}","templated":true}]}}