{"id":1417,"date":"2014-04-30T13:04:14","date_gmt":"2014-04-30T12:04:14","guid":{"rendered":"https:\/\/www.fotocasa.es\/fotocasa-life\/?p=1417"},"modified":"2020-11-27T11:34:44","modified_gmt":"2020-11-27T10:34:44","slug":"solo-el-21-de-los-jovenes-espanoles-estan-emancipados","status":"publish","type":"post","link":"https:\/\/www.fotocasa.es\/fotocasa-life\/hipotecas-finanzas\/solo-el-21-de-los-jovenes-espanoles-estan-emancipados\/","title":{"rendered":"S\u00f3lo el 21% de los j\u00f3venes espa\u00f1oles est\u00e1n emancipados"},"content":{"rendered":"<p>La tasa de emancipaci\u00f3n de la poblaci\u00f3n joven en Espa\u00f1a ha ca\u00eddo bruscamente en los \u00faltimos tres a\u00f1os, pasando del 24,7% de 2010 al 20,9% de finales de 2013, seg\u00fan datos del <a title=\"Observatorio de Emancipaci\u00f3n\" href=\"http:\/\/www.cje.org\/es\/publicaciones\/novedades\/observatorio-de-emancipacion-n-4-cuarto-trimestre-2013\/\" target=\"_blank\" rel=\"noopener noreferrer\"><strong>Observatorio de Emancipaci\u00f3n del Consejo de la Juventud de Espa\u00f1a (CJE)<\/strong><\/a>, correspondiente al \u00faltimo trimestre de 2013. Esto se debe, principalmente, a la exclusi\u00f3n de los y las j\u00f3venes del mercado laboral y a la precarizaci\u00f3n de los empleos que ocupan.<\/p>\n<p>En relaci\u00f3n al acceso a la vivienda por parte de los j\u00f3venes, los datos son igual de alarmantes: una persona joven deber\u00eda destinar el 55,9% de su salario para poder adquirir una vivienda en propiedad; deber\u00eda percibir un sueldo un 86,38% mayor que el actual y la superficie m\u00e1xima a la que puede aspirar actualmente es de 53,7 metros cuadrados.<\/p>\n<p>El estudio, que hace un seguimiento peri\u00f3dico de las condiciones socio-laborales y los procesos de transici\u00f3n a la vida adulta de los j\u00f3venes, tambi\u00e9n analiza el empleo entre este sector de la poblaci\u00f3n. As\u00ed, se expone que la tasa de paro de las personas menores de 25 a\u00f1os alcanza el 55,1%. Otro dato revelador es que el 50,6% de la poblaci\u00f3n asalariada menor de 30 a\u00f1os tiene contratos temporales, de los cuales, casi la mitad, un 46,4% son de menos de un a\u00f1o de duraci\u00f3n.<\/p>\n<p>Por otra parte, la ocupaci\u00f3n a tiempo parcial tambi\u00e9n ha ido ganando terreno en el \u00faltimo a\u00f1o, alcanzando el 27,8% de esta parte de la poblaci\u00f3n. Los colectivos m\u00e1s afectados por este tipo de contratos son las personas de 16 a 24 y las mujeres j\u00f3venes. La sobrecualificaci\u00f3n tambi\u00e9n se ha convertido en una caracter\u00edstica de la poblaci\u00f3n joven asalariada: el 52,7% est\u00e1 realizando un trabajo que requiere un nivel inferior de cualificaci\u00f3n al que tiene.<\/p>\n<p>A juicio de Ricardo Ibarra, presidente del Consejo de la Juventud de Espa\u00f1a, estos datos \u201cponen sobre la mesa la dram\u00e1tica situaci\u00f3n que vive la juventud espa\u00f1ola en paro y demuestran que la precariedad y la explotaci\u00f3n son las notas predominantes de las condiciones laborales de los j\u00f3venes que est\u00e1n trabajando, lo que dibuja un futuro incierto y carente de esperanza\u201d. Asimismo, Ibarra denuncia que hasta ahora el Gobierno \u201cse ha limitado a esperar que la recuperaci\u00f3n llegue por si sola y a parchear con medidas y pol\u00edticas vac\u00edas e ineficaces\u201d.<\/p>\n<p>As\u00ed, el presidente del CJE, hace un llamamiento al Ejecutivo para que \u201casuma su responsabilidad, invierta y ponga en marcha una reforma laboral que garantice derechos, calidad y condiciones dignas para el empleo de las personas j\u00f3venes\u201d.<\/p>\n<p>&nbsp;<\/p>\n","protected":false},"excerpt":{"rendered":"<p>La tasa de emancipaci\u00f3n de la poblaci\u00f3n joven en Espa\u00f1a ha ca\u00eddo bruscamente en los \u00faltimos tres a\u00f1os, pasando del 24,7% de 2010 al 20,9% de finales de 2013, seg\u00fan datos del Observatorio de Emancipaci\u00f3n del Consejo de la Juventud de Espa\u00f1a (CJE), correspondiente al \u00faltimo trimestre de 2013. Esto se debe, principalmente, a la&#8230;<\/p>\n","protected":false},"author":3,"featured_media":1464,"comment_status":"open","ping_status":"open","sticky":false,"template":"","format":"standard","meta":{"_lmt_disableupdate":"yes","_lmt_disable":"","footnotes":""},"categories":[6],"tags":[118,135,313],"class_list":["post-1417","post","type-post","status-publish","format-standard","has-post-thumbnail","hentry","category-hipotecas-finanzas","tag-economia","tag-estudios","tag-jovenes-emancipados"],"modified_by":"Administrador","_links":{"self":[{"href":"https:\/\/www.fotocasa.es\/fotocasa-life\/wp-json\/wp\/v2\/posts\/1417","targetHints":{"allow":["GET"]}}],"collection":[{"href":"https:\/\/www.fotocasa.es\/fotocasa-life\/wp-json\/wp\/v2\/posts"}],"about":[{"href":"https:\/\/www.fotocasa.es\/fotocasa-life\/wp-json\/wp\/v2\/types\/post"}],"author":[{"embeddable":true,"href":"https:\/\/www.fotocasa.es\/fotocasa-life\/wp-json\/wp\/v2\/users\/3"}],"replies":[{"embeddable":true,"href":"https:\/\/www.fotocasa.es\/fotocasa-life\/wp-json\/wp\/v2\/comments?post=1417"}],"version-history":[{"count":0,"href":"https:\/\/www.fotocasa.es\/fotocasa-life\/wp-json\/wp\/v2\/posts\/1417\/revisions"}],"wp:featuredmedia":[{"embeddable":true,"href":"https:\/\/www.fotocasa.es\/fotocasa-life\/wp-json\/wp\/v2\/media\/1464"}],"wp:attachment":[{"href":"https:\/\/www.fotocasa.es\/fotocasa-life\/wp-json\/wp\/v2\/media?parent=1417"}],"wp:term":[{"taxonomy":"category","embeddable":true,"href":"https:\/\/www.fotocasa.es\/fotocasa-life\/wp-json\/wp\/v2\/categories?post=1417"},{"taxonomy":"post_tag","embeddable":true,"href":"https:\/\/www.fotocasa.es\/fotocasa-life\/wp-json\/wp\/v2\/tags?post=1417"}],"curies":[{"name":"wp","href":"https:\/\/api.w.org\/{rel}","templated":true}]}}