{"id":13974,"date":"2016-05-30T17:15:10","date_gmt":"2016-05-30T15:15:10","guid":{"rendered":"https:\/\/www.fotocasa.es\/fotocasa-life\/?p=13974"},"modified":"2022-11-07T16:44:20","modified_gmt":"2022-11-07T15:44:20","slug":"el-ipc-interanual-sube-una-decima-en-mayo-por-la-luz-y-los-viajes","status":"publish","type":"post","link":"https:\/\/www.fotocasa.es\/fotocasa-life\/hipotecas-finanzas\/el-ipc-interanual-sube-una-decima-en-mayo-por-la-luz-y-los-viajes\/","title":{"rendered":"El IPC interanual sube una d\u00e9cima en mayo por la luz y los viajes"},"content":{"rendered":"<p>El \u00cdndice de Precios de Consumo (<strong>IPC) subi\u00f3 un 0,6% en mayo respecto al<a href=\"https:\/\/www.fotocasa.es\/fotocasa-life\/finanzas\/el-ipc-interanual-se-hunde-hasta-el-11-en-abril-por-la-bajada-del-precio-de-la-luz\/\"> mes anterior<\/a><\/strong> y elev\u00f3 una d\u00e9cima su tasa interanual, hasta el -1%, debido al <strong><a href=\"https:\/\/www.fotocasa.es\/fotocasa-life\/energia\/el-recibo-de-la-luz-en-espana-el-quinto-mas-caro-de-la-ue\/\">encarecimiento de la electricidad<\/a> y a que los precios de los viajes organizados bajaron menos<\/strong> que en mayo de 2015, seg\u00fan el indicador adelantado publicado por el Instituto Nacional de Estad\u00edstica (INE).<\/p>\n<p>De este modo, el IPC interanual sube ligeramente despu\u00e9s de haber registrado en abril su tasa m\u00e1s negativa desde febrero de 2015 (-1,1%).<\/p>\n<p>Con el dato de mayo, el IPC interanual <strong>encadena cinco meses de tasas negativas<\/strong> despu\u00e9s de arrancar el a\u00f1o en el -0,3% y registrar en febrero y marzo una tasa del -0,8%.<\/p>\n<p>El \u00faltimo mes en el que los precios registraron una tasa m\u00e1s habitual para la econom\u00eda espa\u00f1ola fue el de agosto de 2013, cuando el IPC se situ\u00f3 en el 1,5%. A partir de ah\u00ed, en parte por el &#8216;efecto escal\u00f3n&#8217; de la subida del IVA aplicada en 2012, el IPC dio un importante baj\u00f3n.<\/p>\n<p>Por su parte, el \u00cdndice de Precios de Consumo Armonizado (IPCA) increment\u00f3 una d\u00e9cima su tasa interanual en mayo, hasta el -1,1%, y subi\u00f3 un 0,5% respecto al mes de abril.<\/p>\n<p>En t\u00e9rminos mensuales, <strong>el IPC repunt\u00f3 un 0,6% en mayo respecto al mes anterior<\/strong>, su mayor alza en este mes desde 2008, cuando los precios se incrementaron un 0,7%.<\/p>\n<p>Los datos adelantados por el INE son orientativos. Las cifras definitivas de abril se conocer\u00e1n el pr\u00f3ximo 14 de junio.<\/p>\n","protected":false},"excerpt":{"rendered":"<p>El \u00cdndice de Precios de Consumo (IPC) subi\u00f3 un 0,6% en mayo respecto al mes anterior y elev\u00f3 una d\u00e9cima su tasa interanual, hasta el -1%, debido al encarecimiento de la electricidad y a que los precios de los viajes organizados bajaron menos que en mayo de 2015, seg\u00fan el indicador adelantado publicado por el&#8230;<\/p>\n","protected":false},"author":3,"featured_media":13977,"comment_status":"open","ping_status":"open","sticky":false,"template":"","format":"standard","meta":{"_lmt_disableupdate":"yes","_lmt_disable":"","footnotes":""},"categories":[6],"tags":[78,1373,157,538],"class_list":["post-13974","post","type-post","status-publish","format-standard","has-post-thumbnail","hentry","category-hipotecas-finanzas","tag-consumo","tag-indice-de-precios-de-consumo","tag-ine","tag-ipc"],"modified_by":"Agustina Battioli","_links":{"self":[{"href":"https:\/\/www.fotocasa.es\/fotocasa-life\/wp-json\/wp\/v2\/posts\/13974","targetHints":{"allow":["GET"]}}],"collection":[{"href":"https:\/\/www.fotocasa.es\/fotocasa-life\/wp-json\/wp\/v2\/posts"}],"about":[{"href":"https:\/\/www.fotocasa.es\/fotocasa-life\/wp-json\/wp\/v2\/types\/post"}],"author":[{"embeddable":true,"href":"https:\/\/www.fotocasa.es\/fotocasa-life\/wp-json\/wp\/v2\/users\/3"}],"replies":[{"embeddable":true,"href":"https:\/\/www.fotocasa.es\/fotocasa-life\/wp-json\/wp\/v2\/comments?post=13974"}],"version-history":[{"count":0,"href":"https:\/\/www.fotocasa.es\/fotocasa-life\/wp-json\/wp\/v2\/posts\/13974\/revisions"}],"wp:featuredmedia":[{"embeddable":true,"href":"https:\/\/www.fotocasa.es\/fotocasa-life\/wp-json\/wp\/v2\/media\/13977"}],"wp:attachment":[{"href":"https:\/\/www.fotocasa.es\/fotocasa-life\/wp-json\/wp\/v2\/media?parent=13974"}],"wp:term":[{"taxonomy":"category","embeddable":true,"href":"https:\/\/www.fotocasa.es\/fotocasa-life\/wp-json\/wp\/v2\/categories?post=13974"},{"taxonomy":"post_tag","embeddable":true,"href":"https:\/\/www.fotocasa.es\/fotocasa-life\/wp-json\/wp\/v2\/tags?post=13974"}],"curies":[{"name":"wp","href":"https:\/\/api.w.org\/{rel}","templated":true}]}}