{"id":13914,"date":"2016-05-26T15:50:47","date_gmt":"2016-05-26T13:50:47","guid":{"rendered":"https:\/\/www.fotocasa.es\/fotocasa-life\/?p=13914"},"modified":"2020-11-27T11:26:29","modified_gmt":"2020-11-27T10:26:29","slug":"la-confianza-de-los-europeos-en-la-recuperacion-alcanza-niveles-precrisis","status":"publish","type":"post","link":"https:\/\/www.fotocasa.es\/fotocasa-life\/hipotecas-finanzas\/la-confianza-de-los-europeos-en-la-recuperacion-alcanza-niveles-precrisis\/","title":{"rendered":"La confianza de los europeos en la recuperaci\u00f3n alcanza niveles precrisis"},"content":{"rendered":"<p>La nota media de los consumidores europeos respecto a su confianza en el entorno econ\u00f3mico y social\u00a0\u00a0general de su pa\u00eds alcanza este a\u00f1o el 4,7, s\u00f3lo una d\u00e9cima menos que el dato de 2008, seg\u00fan el Observatorio Cetelem sobre Consumo Europa. Espa\u00f1a presenta una nota del 4,1, frente al 4,2 de antes de la crisis econ\u00f3mica.<\/p>\n<p>Tanto <strong>Espa\u00f1a como Italia registran una buena evoluci\u00f3n<\/strong>, con cerca de un punto ganado desde el a\u00f1o pasado que les sit\u00faa en 4,1, aunque permanecen suspensos. El director de Marca, Comunicaci\u00f3n y Publicidad de Cetelem, Joaqu\u00edn Mouriz, ha recordado en una rueda de prensa que, aunque las cosas van a mejor, \u00abhay que tener paciencia\u00bb, ya que \u00ab<strong><em>la ca\u00edda por la crisis fue brutal<\/em><\/strong>\u00bb y la <strong>recuperaci\u00f3n es \u00ab<em>una cuesta arriba muy lenta<\/em>\u00ab<\/strong>.<\/p>\n<p>A pesar de la subida, la <strong>incertidumbre pol\u00edtica de Espa\u00f1a se ha hecho notar<\/strong>, pues la tendencia al alza ha reducido su ritmo desde las pasadas elecciones de diciembre. Mouriz ha asegurado que, a partir de junio, \u00abtodo puede pasar\u00bb, ya que \u00abla tendencia est\u00e1 plana a la espera de los resultados de las pr\u00f3ximas elecciones\u00bb.<\/p>\n<p><strong>Los m\u00e1s optimistas<\/strong> entre los 13 pa\u00edses en los que se ha realizado el estudio son <strong>los daneses<\/strong>, con 5,9 puntos. Les siguen los alemanes, con 5,7 puntos, la peor nota registrada desde hace seis a\u00f1os. El tercer puesto lo ocupa Reino Unido, que se mantiene en los 5,4 puntos. El r\u00e1nking lo cierran Portugal (3,5 puntos) y Hungr\u00eda (3,9), aunque registran progresiones significativas en comparaci\u00f3n con el a\u00f1o anterior, donde registraron 3,2 y 3,3 puntos respectivamente.<\/p>\n<p><img loading=\"lazy\" decoding=\"async\" class=\"aligncenter size-full wp-image-13916\" src=\"https:\/\/www.fotocasa.es\/fotocasa-life\/wp-content\/uploads\/2016\/05\/Consumidor.jpg\" alt=\"Consumidor\" width=\"676\" height=\"450\" title=\"-\" srcset=\"https:\/\/www.fotocasa.es\/fotocasa-life\/wp-content\/uploads\/2016\/05\/Consumidor.jpg 676w, https:\/\/www.fotocasa.es\/fotocasa-life\/wp-content\/uploads\/2016\/05\/Consumidor-300x200.jpg 300w, https:\/\/www.fotocasa.es\/fotocasa-life\/wp-content\/uploads\/2016\/05\/Consumidor-150x100.jpg 150w\" sizes=\"auto, (max-width: 676px) 100vw, 676px\" \/><\/p>\n<p>A nivel personal, la confianza es mayor y tambi\u00e9n ha aumentado en la mayor\u00eda de pa\u00edses. <strong>Espa\u00f1a presenta una puntuaci\u00f3n de 5,2<\/strong>, mientras que el a\u00f1o pasado fue de 4,9. La media europea es de 5,6.<\/p>\n<p>El estudio tambi\u00e9n refleja que el <strong>poder de compra del 45% de espa\u00f1oles ha permanecido estable<\/strong>, frente a un 16% que opinan que ha aumentado y un 39% que ha disminuido, unas cifras acordes a las del resto de Europa.<\/p>\n<p>La responsable del observatorio, Liliana Mars\u00e1n, ha se\u00f1alado que \u00ab<strong><em>la situaci\u00f3n va a mejor y se empieza a consumir m\u00e1s<\/em><\/strong>\u00ab, pero \u00abtodav\u00eda hay un segmento muy fuerte de la poblaci\u00f3n que se encuentra en nivel de pobreza\u00bb.<\/p>\n<p><strong>En Espa\u00f1a<\/strong>, el Top-3 de intenciones de compra son <strong>viajes (55%)<\/strong>, <strong>electro gama blanca (41%)<\/strong> y <strong>smartphones (40%)<\/strong>. El 22% de los encuestados espa\u00f1oles manifest\u00f3 su intenci\u00f3n de aumentar su ahorro en los pr\u00f3ximos 12 meses y un <strong>41% la de aumentar su gasto<\/strong>. Esto supone una variaci\u00f3n de -15 y +3 puntos respectivamente en comparaci\u00f3n con los datos de 2015.<\/p>\n<p>Sin embargo, Mars\u00e1n advierte que el descenso en el ahorro puede interpretarse tanto como una intenci\u00f3n exagerada de consumir como una falta de presupuesto para ahorrar.<\/p>\n<p><strong>Los senior, motor del consumo<br \/>\n<\/strong><br \/>\nLa segunda parte del estudio refleja qu<strong>e los mayores de 50 a\u00f1os, que representan el 38,5% de la poblaci\u00f3n<\/strong> de los pa\u00edses estudiados, son el mo<strong>tor del desarrollo econ\u00f3mico y social<\/strong> del viejo continente. Estos aspiran a tener una buena salud, rodearse de sus allegados y una buena situaci\u00f3n financiera.<\/p>\n<p>Cabe destacar que casi el <strong>80% de los senior europeos ayuda financieramente a sus hijos<\/strong> con los gastos corrientes, las compras de equipamiento, el ahorro o <strong>la vivienda<\/strong>; y el 32% de ellos tiene, al menos, un hijo viviendo en su hogar.<\/p>\n","protected":false},"excerpt":{"rendered":"<p>La nota media de los consumidores europeos respecto a su confianza en el entorno econ\u00f3mico y social\u00a0\u00a0general de su pa\u00eds alcanza este a\u00f1o el 4,7, s\u00f3lo una d\u00e9cima menos que el dato de 2008, seg\u00fan el Observatorio Cetelem sobre Consumo Europa. Espa\u00f1a presenta una nota del 4,1, frente al 4,2 de antes de la crisis&#8230;<\/p>\n","protected":false},"author":3,"featured_media":11825,"comment_status":"open","ping_status":"open","sticky":false,"template":"","format":"standard","meta":{"_lmt_disableupdate":"yes","_lmt_disable":"","footnotes":""},"categories":[6],"tags":[993,445],"class_list":["post-13914","post","type-post","status-publish","format-standard","has-post-thumbnail","hentry","category-hipotecas-finanzas","tag-confianza-del-consumidor","tag-ue"],"modified_by":"Fotocasa","_links":{"self":[{"href":"https:\/\/www.fotocasa.es\/fotocasa-life\/wp-json\/wp\/v2\/posts\/13914","targetHints":{"allow":["GET"]}}],"collection":[{"href":"https:\/\/www.fotocasa.es\/fotocasa-life\/wp-json\/wp\/v2\/posts"}],"about":[{"href":"https:\/\/www.fotocasa.es\/fotocasa-life\/wp-json\/wp\/v2\/types\/post"}],"author":[{"embeddable":true,"href":"https:\/\/www.fotocasa.es\/fotocasa-life\/wp-json\/wp\/v2\/users\/3"}],"replies":[{"embeddable":true,"href":"https:\/\/www.fotocasa.es\/fotocasa-life\/wp-json\/wp\/v2\/comments?post=13914"}],"version-history":[{"count":0,"href":"https:\/\/www.fotocasa.es\/fotocasa-life\/wp-json\/wp\/v2\/posts\/13914\/revisions"}],"wp:featuredmedia":[{"embeddable":true,"href":"https:\/\/www.fotocasa.es\/fotocasa-life\/wp-json\/wp\/v2\/media\/11825"}],"wp:attachment":[{"href":"https:\/\/www.fotocasa.es\/fotocasa-life\/wp-json\/wp\/v2\/media?parent=13914"}],"wp:term":[{"taxonomy":"category","embeddable":true,"href":"https:\/\/www.fotocasa.es\/fotocasa-life\/wp-json\/wp\/v2\/categories?post=13914"},{"taxonomy":"post_tag","embeddable":true,"href":"https:\/\/www.fotocasa.es\/fotocasa-life\/wp-json\/wp\/v2\/tags?post=13914"}],"curies":[{"name":"wp","href":"https:\/\/api.w.org\/{rel}","templated":true}]}}