{"id":13562,"date":"2016-05-13T10:15:55","date_gmt":"2016-05-13T08:15:55","guid":{"rendered":"https:\/\/www.fotocasa.es\/fotocasa-life\/?p=13562"},"modified":"2022-11-07T16:44:26","modified_gmt":"2022-11-07T15:44:26","slug":"el-ipc-interanual-suma-cuatro-meses-en-negativo-datos-definitivos","status":"publish","type":"post","link":"https:\/\/www.fotocasa.es\/fotocasa-life\/hipotecas-finanzas\/el-ipc-interanual-suma-cuatro-meses-en-negativo-datos-definitivos\/","title":{"rendered":"El IPC interanual suma cuatro meses en negativo. Datos definitivos"},"content":{"rendered":"<p>El<a href=\"https:\/\/www.fotocasa.es\/fotocasa-life\/finanzas\/el-ipc-interanual-se-hunde-hasta-el-11-en-abril-por-la-bajada-del-precio-de-la-luz\/\"><strong> \u00cdndice de Precios de Consumo (IPC) subi\u00f3 un 0,7% en abril respecto al mes anterior y recort\u00f3 tres d\u00e9cimas su tasa interanual, hasta el -1,1%<\/strong><\/a>, debido al abaratamiento de la electricidad y de los viajes organizados y a la estabilidad de los precios de los hoteles, seg\u00fan ha informado el Instituto Nacional de Estad\u00edstica (INE), que confirma as\u00ed los datos avanzados a finales del mes pasado.<\/p>\n<p>De este modo, el <strong>IPC registr\u00f3 en abril su tasa m\u00e1s negativa desde febrero de 2015<\/strong>, cuando se experiment\u00f3 tambi\u00e9n una tasa del -1,1%.Con el dato de abril, el IPC interanual encadena su cuarta tasa negativa despu\u00e9s de arrancar el a\u00f1o en el -0,3% y registrar en febrero y marzo una tasa del -0,8%.<\/p>\n<p>Desde enero de 2015, el IPC <strong>s\u00f3lo ha experimentado tasas positivas en los meses de junio y julio de 2015<\/strong> (en ambos casos del 0,1%) y diciembre del mismo a\u00f1o (0,0%).<\/p>\n<p><\/p>\n<div id=\"attachment_13566\" style=\"width: 1200px\" class=\"wp-caption aligncenter\"><img loading=\"lazy\" decoding=\"async\" aria-describedby=\"caption-attachment-13566\" class=\"size-full wp-image-13566\" src=\"https:\/\/www.fotocasa.es\/fotocasa-life\/wp-content\/uploads\/2016\/05\/Evolucion-IPC-abril_INE.jpg\" alt=\"Evolucion IPC abril\" width=\"1190\" height=\"475\" title=\"-\" srcset=\"https:\/\/www.fotocasa.es\/fotocasa-life\/wp-content\/uploads\/2016\/05\/Evolucion-IPC-abril_INE.jpg 1190w, https:\/\/www.fotocasa.es\/fotocasa-life\/wp-content\/uploads\/2016\/05\/Evolucion-IPC-abril_INE-300x120.jpg 300w, https:\/\/www.fotocasa.es\/fotocasa-life\/wp-content\/uploads\/2016\/05\/Evolucion-IPC-abril_INE-1024x409.jpg 1024w, https:\/\/www.fotocasa.es\/fotocasa-life\/wp-content\/uploads\/2016\/05\/Evolucion-IPC-abril_INE-150x60.jpg 150w, https:\/\/www.fotocasa.es\/fotocasa-life\/wp-content\/uploads\/2016\/05\/Evolucion-IPC-abril_INE-768x307.jpg 768w\" sizes=\"auto, (max-width: 1190px) 100vw, 1190px\" \/><p id=\"caption-attachment-13566\" class=\"wp-caption-text\">Fuente: INE<\/p><\/div>\n<p>&nbsp;<\/p>\n<p><strong>Estad\u00edstica ha atribuido el recorte<\/strong> de la tasa interanual del IPC de abril al <strong>comportamiento del ocio y la cultura<\/strong>, que redujo su tasa m\u00e1s de 2,5 puntos respecto a marzo, hasta el 2,6%, debido al descenso de los precios de los viajes organizados tras la celebraci\u00f3n de la Semana Santa.<\/p>\n<p><strong>Tambi\u00e9n han influido<\/strong> en el comportamiento del IPC interanual <strong>la vivienda, que redujo su tasa ocho d\u00e9cimas, hasta el -7,1%, debido al abaratamiento de la electricidad<\/strong>; y los hoteles, caf\u00e9s y restaurantes, que recortaron su tasa cinco d\u00e9cimas, hasta el 1,1%, por la estabilidad de las tarifas hoteleras frente a la subida que experimentaron en abril de 2015.<\/p>\n<p><strong>Subida mensual del 0,7%<\/strong><\/p>\n<p>En t\u00e9rminos mensuales, e<strong>l IPC repunt\u00f3 un 0,7% en abril respecto al mes anterior<\/strong>, su menor alza en este mes desde 2013, cuando los precios se incrementaron un 0,4%.<\/p>\n<p><strong><br \/>\n<\/strong><img loading=\"lazy\" decoding=\"async\" class=\"aligncenter size-full wp-image-9541\" src=\"https:\/\/www.fotocasa.es\/fotocasa-life\/wp-content\/uploads\/2015\/12\/clothing-store-984396_1920_ok-e1449739902896.jpg\" alt=\"local, tienda ropa\" width=\"676\" height=\"270\" title=\"-\" srcset=\"https:\/\/www.fotocasa.es\/fotocasa-life\/wp-content\/uploads\/2015\/12\/clothing-store-984396_1920_ok-e1449739902896.jpg 676w, https:\/\/www.fotocasa.es\/fotocasa-life\/wp-content\/uploads\/2015\/12\/clothing-store-984396_1920_ok-e1449739902896-300x120.jpg 300w, https:\/\/www.fotocasa.es\/fotocasa-life\/wp-content\/uploads\/2015\/12\/clothing-store-984396_1920_ok-e1449739902896-150x60.jpg 150w\" sizes=\"auto, (max-width: 676px) 100vw, 676px\" \/><\/p>\n<p>&nbsp;<\/p>\n<p>La subida mensual de los precios s<strong>e ha debido al grupo del vestido y el calzado (10,6%) por la temporada primavera-verano<\/strong>; al transporte (0,8%) por la <strong>subida de los precios de las gasolinas<\/strong>; a los hoteles (0,2%) por el e<strong>ncarecimiento de bares, cafeter\u00edas y restaurantes<\/strong>; a los alimentos (0,2%) por el <strong>incremento de los precios de las frutas y el pescado fresco<\/strong>, y a las comunicaciones (0,7%) por la subida de los servicios telef\u00f3nicos.<\/p>\n<p>Por el contrario, el <strong>grupo de vivienda recort\u00f3 sus precios en abril un 0,8% por el abaratamiento del gas y la electricidad<\/strong>, compensada en parte por la subida del gas\u00f3leo para calefacci\u00f3n, mientras que el grupo de ocio y cultura present\u00f3 una variaci\u00f3n mensual del -2,1% tras la disminuci\u00f3n de los precios de los viajes organizados.<\/p>\n<p><strong>El aceite se encarece y la leche, un 3% m\u00e1s barata<br \/>\n<\/strong><br \/>\nPor r\u00fabricas, <strong>las que m\u00e1s elevaron sus precios en tasa mensual fueron la ropa de ni\u00f1o y beb\u00e9<\/strong> (20,9%), las prendas de vestir de mujer (13%) y el calzado infantil (10,9%). Por el contrario, los mayores descensos mensuales se registraron en la calefacci\u00f3n, alumbrado y distribuci\u00f3n de agua (-1,8%), el transporte p\u00fablico interurbano (-1,6%) y la carne de ovino (-1,3%).<\/p>\n<p>En tasa interanual, las r\u00fabricas que experimentaron <strong>los mayores descensos de precios fueron calefacci\u00f3n, alumbrado y distribuci\u00f3n de agua<\/strong> (-14,2%), transporte personal (-4,6%) y la leche (-3,6%). En el lado opuesto, los mayores ascensos interanuales los experimentaron los aceites y grasas (15,3%), las patatas y sus preparados (14,1%) y las frutas frescas (8%).<\/p>\n<p><strong>Todas las comunidades en tasas interanuales negativas<br \/>\n<\/strong><\/p>\n<p><img loading=\"lazy\" decoding=\"async\" class=\"aligncenter size-full wp-image-13111\" src=\"https:\/\/www.fotocasa.es\/fotocasa-life\/wp-content\/uploads\/2016\/04\/Asturias_compraventa_familias.jpg\" alt=\"Asturias_compraventa_familias\" width=\"676\" height=\"400\" title=\"-\" srcset=\"https:\/\/www.fotocasa.es\/fotocasa-life\/wp-content\/uploads\/2016\/04\/Asturias_compraventa_familias.jpg 676w, https:\/\/www.fotocasa.es\/fotocasa-life\/wp-content\/uploads\/2016\/04\/Asturias_compraventa_familias-300x178.jpg 300w, https:\/\/www.fotocasa.es\/fotocasa-life\/wp-content\/uploads\/2016\/04\/Asturias_compraventa_familias-150x89.jpg 150w\" sizes=\"auto, (max-width: 676px) 100vw, 676px\" \/><\/p>\n<p>El <strong>IPC mensual subi\u00f3 en abril en todas las comunidades aut\u00f3nomas<\/strong>. Los mayores repuntes se dieron en La Rioja, Extremadura y Murcia (1%); Comunidad Valenciana (0,9%); Andaluc\u00eda, Asturias, Castilla-La Mancha y Galicia (0,8% en todas ellas), y Catalu\u00f1a y Pa\u00eds Vasco (0,7%).<\/p>\n<p>Por su parte, en Arag\u00f3n, Baleares, Canarias y Castilla y Le\u00f3n los precios aumentaron un 0,6% respecto a marzo y en Cantabria y Navarra subieron un 0,5%. Madrid fue la comunidad donde menos subieron los precios en abril, con un avance del 0,4%.<\/p>\n<p><strong>En t\u00e9rminos anuales, todas las comunidades presentaron en abril tasas negativas de precios<\/strong>. Castilla-La Mancha es la regi\u00f3n con la mayor tasa interanual negativa (-1,5%), seguida de Castilla y Le\u00f3n, Comunidad Valenciana y Cantabria (-1,3%). La menor tasa negativa corresponde a Pa\u00eds Vasco, con un -0,7%.<\/p>\n","protected":false},"excerpt":{"rendered":"<p>El \u00cdndice de Precios de Consumo (IPC) subi\u00f3 un 0,7% en abril respecto al mes anterior y recort\u00f3 tres d\u00e9cimas su tasa interanual, hasta el -1,1%, debido al abaratamiento de la electricidad y de los viajes organizados y a la estabilidad de los precios de los hoteles, seg\u00fan ha informado el Instituto Nacional de Estad\u00edstica&#8230;<\/p>\n","protected":false},"author":3,"featured_media":11762,"comment_status":"open","ping_status":"open","sticky":false,"template":"","format":"standard","meta":{"_lmt_disableupdate":"yes","_lmt_disable":"","footnotes":""},"categories":[6],"tags":[78,118,1373,157,538],"class_list":["post-13562","post","type-post","status-publish","format-standard","has-post-thumbnail","hentry","category-hipotecas-finanzas","tag-consumo","tag-economia","tag-indice-de-precios-de-consumo","tag-ine","tag-ipc"],"modified_by":"Agustina Battioli","_links":{"self":[{"href":"https:\/\/www.fotocasa.es\/fotocasa-life\/wp-json\/wp\/v2\/posts\/13562","targetHints":{"allow":["GET"]}}],"collection":[{"href":"https:\/\/www.fotocasa.es\/fotocasa-life\/wp-json\/wp\/v2\/posts"}],"about":[{"href":"https:\/\/www.fotocasa.es\/fotocasa-life\/wp-json\/wp\/v2\/types\/post"}],"author":[{"embeddable":true,"href":"https:\/\/www.fotocasa.es\/fotocasa-life\/wp-json\/wp\/v2\/users\/3"}],"replies":[{"embeddable":true,"href":"https:\/\/www.fotocasa.es\/fotocasa-life\/wp-json\/wp\/v2\/comments?post=13562"}],"version-history":[{"count":0,"href":"https:\/\/www.fotocasa.es\/fotocasa-life\/wp-json\/wp\/v2\/posts\/13562\/revisions"}],"wp:featuredmedia":[{"embeddable":true,"href":"https:\/\/www.fotocasa.es\/fotocasa-life\/wp-json\/wp\/v2\/media\/11762"}],"wp:attachment":[{"href":"https:\/\/www.fotocasa.es\/fotocasa-life\/wp-json\/wp\/v2\/media?parent=13562"}],"wp:term":[{"taxonomy":"category","embeddable":true,"href":"https:\/\/www.fotocasa.es\/fotocasa-life\/wp-json\/wp\/v2\/categories?post=13562"},{"taxonomy":"post_tag","embeddable":true,"href":"https:\/\/www.fotocasa.es\/fotocasa-life\/wp-json\/wp\/v2\/tags?post=13562"}],"curies":[{"name":"wp","href":"https:\/\/api.w.org\/{rel}","templated":true}]}}