{"id":13460,"date":"2016-05-09T17:05:05","date_gmt":"2016-05-09T15:05:05","guid":{"rendered":"https:\/\/www.fotocasa.es\/fotocasa-life\/?p=13460"},"modified":"2020-11-27T11:26:39","modified_gmt":"2020-11-27T10:26:39","slug":"las-hipotecas-con-limite-al-0-no-deben-llamarse-a-tipo-variable-segun-la-ocu","status":"publish","type":"post","link":"https:\/\/www.fotocasa.es\/fotocasa-life\/hipotecas-finanzas\/las-hipotecas-con-limite-al-0-no-deben-llamarse-a-tipo-variable-segun-la-ocu\/","title":{"rendered":"Las hipotecas con l\u00edmite al 0% no deben llamarse \u201ca tipo variable\u201d, seg\u00fan la OCU"},"content":{"rendered":"<p>La OCU ha exigido a las entidades financieras que ofrezcan m\u00e1s informaci\u00f3n a los clientes que suscriben nuevas hipotecas variables, al advertir de que <strong>el l\u00edmite del 0% a la <a href=\"https:\/\/www.fotocasa.es\/fotocasa-life\/hipotecas-finanzas\/el-euribor-cierra-abril-en-negativo-y-suma-tres-meses-seguidos\/\">ca\u00edda del Eur\u00edbor<\/a> puede generar confusi\u00f3n<\/strong>. Por ello, ha pedido dejar de llamar \u00aba tipo variable\u00bb a estos contratos hipotecarios.<\/p>\n<p>La organizaci\u00f3n ha recordado que los bancos se est\u00e1n \u00abprotegiendo\u00bb ante el actual nivel del Eur\u00edbor en negativo, pese a que la OCU ha considerado que es \u00abbastante improbable\u00bb que el \u00edndice llegue a compensar los diferenciales, lo que en la pr\u00e1ctica se traducir\u00eda en que los hipotecados cobrar\u00edan por su pr\u00e9stamo.<\/p>\n<p>\u00abA pesar de cumplir con los <strong><a href=\"https:\/\/www.fotocasa.es\/fotocasa-life\/hipotecas-finanzas\/nuevas-reglas-para-dar-mas-transparencia-al-euribor\/\">requisitos legales de trasparencia<\/a><\/strong>, <strong>estas nuevas pr\u00e1cticas pueden resultar confusas para el consumido<\/strong>r. OCU exige que se proporcione informaci\u00f3n adicional a los consumidores para que puedan valorar si suscribe dicho contrato o busca otras alternativas\u00bb, ha pedido la OCU.<\/p>\n<p>Desde la organizaci\u00f3n se ha advertido de que <strong>esta nueva \u00abcl\u00e1usula\u00bb en las hipotecas deriva en que la cuota a pagar en las hipotecas tiene un margen \u00abenorme\u00bb al alza y \u00abm\u00ednimo o inexistente\u00bb a la baja<\/strong>. \u00abEste tipo de hipotecas <strong><em>no deber\u00edan llamarse a tipo variable para evitar llevar a malentendidos<\/em><\/strong> a los consumidores\u00bb, ha recomendado.<\/p>\n","protected":false},"excerpt":{"rendered":"<p>La OCU ha exigido a las entidades financieras que ofrezcan m\u00e1s informaci\u00f3n a los clientes que suscriben nuevas hipotecas variables, al advertir de que el l\u00edmite del 0% a la ca\u00edda del Eur\u00edbor puede generar confusi\u00f3n. Por ello, ha pedido dejar de llamar \u00aba tipo variable\u00bb a estos contratos hipotecarios. La organizaci\u00f3n ha recordado que&#8230;<\/p>\n","protected":false},"author":3,"featured_media":9844,"comment_status":"open","ping_status":"open","sticky":false,"template":"","format":"standard","meta":{"_lmt_disableupdate":"yes","_lmt_disable":"","footnotes":""},"categories":[6],"tags":[1288,136,1333,184],"class_list":["post-13460","post","type-post","status-publish","format-standard","has-post-thumbnail","hentry","category-hipotecas-finanzas","tag-derechos-consumidores","tag-euribor","tag-hipotecas-tipo-variable","tag-ocu"],"modified_by":"Albert PC","_links":{"self":[{"href":"https:\/\/www.fotocasa.es\/fotocasa-life\/wp-json\/wp\/v2\/posts\/13460","targetHints":{"allow":["GET"]}}],"collection":[{"href":"https:\/\/www.fotocasa.es\/fotocasa-life\/wp-json\/wp\/v2\/posts"}],"about":[{"href":"https:\/\/www.fotocasa.es\/fotocasa-life\/wp-json\/wp\/v2\/types\/post"}],"author":[{"embeddable":true,"href":"https:\/\/www.fotocasa.es\/fotocasa-life\/wp-json\/wp\/v2\/users\/3"}],"replies":[{"embeddable":true,"href":"https:\/\/www.fotocasa.es\/fotocasa-life\/wp-json\/wp\/v2\/comments?post=13460"}],"version-history":[{"count":0,"href":"https:\/\/www.fotocasa.es\/fotocasa-life\/wp-json\/wp\/v2\/posts\/13460\/revisions"}],"wp:featuredmedia":[{"embeddable":true,"href":"https:\/\/www.fotocasa.es\/fotocasa-life\/wp-json\/wp\/v2\/media\/9844"}],"wp:attachment":[{"href":"https:\/\/www.fotocasa.es\/fotocasa-life\/wp-json\/wp\/v2\/media?parent=13460"}],"wp:term":[{"taxonomy":"category","embeddable":true,"href":"https:\/\/www.fotocasa.es\/fotocasa-life\/wp-json\/wp\/v2\/categories?post=13460"},{"taxonomy":"post_tag","embeddable":true,"href":"https:\/\/www.fotocasa.es\/fotocasa-life\/wp-json\/wp\/v2\/tags?post=13460"}],"curies":[{"name":"wp","href":"https:\/\/api.w.org\/{rel}","templated":true}]}}