{"id":13305,"date":"2016-05-03T12:28:17","date_gmt":"2016-05-03T10:28:17","guid":{"rendered":"https:\/\/www.fotocasa.es\/fotocasa-life\/?p=13305"},"modified":"2020-11-27T11:26:44","modified_gmt":"2020-11-27T10:26:44","slug":"el-euribor-cierra-abril-en-negativo-y-suma-tres-meses-seguidos","status":"publish","type":"post","link":"https:\/\/www.fotocasa.es\/fotocasa-life\/hipotecas-finanzas\/el-euribor-cierra-abril-en-negativo-y-suma-tres-meses-seguidos\/","title":{"rendered":"El Eur\u00edbor cierra abril en negativo y suma tres meses seguidos"},"content":{"rendered":"<p>El Eur\u00edbor ha cerrado abril otra vez <strong>en terreno negativo por tercer mes consecutivo<\/strong>, al situarse en tasa mensual en el -0,010%. De este modo, las <strong>hipotecas<\/strong> de 120.000 euros a 20 a\u00f1os y Eur\u00edbor+1% a las <strong>que le toque revisi\u00f3n tendr\u00edan una rebaja en su cuota anual de unos 124 euros o algo m\u00e1s de 10 euros al mes<\/strong>. Algunos bancos han anunciado que est\u00e1n aclarando en las nuevas hipotecas que el deudor nunca puede cobrar por el pr\u00e9stamo por m\u00e1s que el Eur\u00edbor se hunda en terreno negativo.<\/p>\n<p>El \u00edndice <a href=\"https:\/\/www.fotocasa.es\/fotocasa-life\/hipotecas-finanzas\/el-euribor-cerrara-febrero-en-negativo-por-primera-vez-en-la-historia\/\"><strong>cerr\u00f3 febrero en el -0,008%<\/strong><\/a> y <a href=\"https:\/\/www.fotocasa.es\/fotocasa-life\/hipotecas-finanzas\/el-euribor-cerrara-marzo-en-negativo-por-segundo-mes-consecutivo\/\"><strong>marzo en el -0,012%<\/strong><\/a>. Ante el debate de<strong> si la banca acabar\u00e1 pagando o no a los hipotecados<\/strong>, a trav\u00e9s de una reducci\u00f3n del capital a amortizar, el ministro de Econom\u00eda en funciones, <strong>Luis de Guindos<\/strong>, y el consejero delegado de BBVA, Carlos Torres, han <a href=\"https:\/\/www.fotocasa.es\/fotocasa-life\/hipotecas-finanzas\/guindos-descarta-que-la-banca-pague-por-las-hipotecas-ante-un-euribor-en-negativo\/\"><strong>descartado esta posibilidad.<\/strong><\/a> \u00abQue a uno le salga la hipoteca gratis, \u00bfqu\u00e9 m\u00e1s puede pedir?\u00bb.<\/p>\n<p>El analista de XTB Jaime D\u00edez ha explicado que tras la \u00abfuerte sacudida\u00bb despu\u00e9s de la reuni\u00f3n BCE del pasado 10 de marzo, donde estuvo a punto de volver al terreno positivo, el \u00edndice ha ido cediendo terreno paulatinamente \u00abante la laxitud de los comentarios monetarios vertidos por distintas fuentes\u00bb del instituto emisor. La subida del crudo ha provocado un leve repunte en la inflaci\u00f3n y se espera que vuelva a neutro este mes, para proceder con un alza de dos d\u00e9cimas en el mes de mayo.<\/p>\n<p><strong>El eur\u00edbor, en positivo a final de a\u00f1o<\/strong><\/p>\n<p><strong><img loading=\"lazy\" decoding=\"async\" class=\"aligncenter size-full wp-image-7179\" src=\"https:\/\/www.fotocasa.es\/fotocasa-life\/wp-content\/uploads\/2015\/06\/euribor1.jpg\" alt=\"euribor\" width=\"676\" height=\"250\" title=\"-\" srcset=\"https:\/\/www.fotocasa.es\/fotocasa-life\/wp-content\/uploads\/2015\/06\/euribor1.jpg 676w, https:\/\/www.fotocasa.es\/fotocasa-life\/wp-content\/uploads\/2015\/06\/euribor1-300x111.jpg 300w, https:\/\/www.fotocasa.es\/fotocasa-life\/wp-content\/uploads\/2015\/06\/euribor1-150x55.jpg 150w\" sizes=\"auto, (max-width: 676px) 100vw, 676px\" \/><\/strong><br \/>\n\u00abEsta mejora en la inflaci\u00f3n deber\u00eda reflejarse en una contenci\u00f3n de la ca\u00edda del Eur\u00edbor que podr\u00eda haber marcado ya los m\u00ednimos de car\u00e1cter diario y cerca de hacer un suelo relevante para volver al terreno positivo durante este mismo a\u00f1o\u00bb, ha augurado.<\/p>\n<p>Para el futuro, D\u00edez ve al <strong>Eur\u00edbor \u00abestancado\u00bb durante las pr\u00f3ximas semanas<\/strong>, confirmando de este modo el escenario de suelo. Despu\u00e9s, <strong>ascender\u00e1 \u00abpoco a poco\u00bb hasta salir del terreno negativo<\/strong>.<\/p>\n<p>En este sentido, avanza que ser\u00e1 necesario vigilar \u00abde cerca\u00bb la evoluci\u00f3n del crudo, la inflaci\u00f3n y el rendimiento de los bonos nacionales \u00abpara dar por finalizado el hist\u00f3rico episodio negativo del principal \u00edndice de referencia para el pago de hipotecas\u00bb.<\/p>\n<p>A efectos pr\u00e1cticos, en una revisi\u00f3n anual con 120.000 euros pendientes a pagar en 25 a\u00f1os y un diferencial del 1,5% sobre el Eur\u00edbor supondr\u00eda una ca\u00edda de 24,59 euros mensuales en la cuota.<\/p>\n<p>Finalmente, el analista ha advertido a aquellos hipotecados y endeudados con diferenciales muy bajos que esperan un Eur\u00edbor m\u00e1s bajo que deber\u00e1n esperar a la reuni\u00f3n de junio del BCE para confirmar si toma nuevas medidas monetarias \u00abque hundan al euro y al Eur\u00edbor\u00bb.<\/p>\n","protected":false},"excerpt":{"rendered":"<p>El Eur\u00edbor ha cerrado abril otra vez en terreno negativo por tercer mes consecutivo, al situarse en tasa mensual en el -0,010%. De este modo, las hipotecas de 120.000 euros a 20 a\u00f1os y Eur\u00edbor+1% a las que le toque revisi\u00f3n tendr\u00edan una rebaja en su cuota anual de unos 124 euros o algo m\u00e1s&#8230;<\/p>\n","protected":false},"author":3,"featured_media":11199,"comment_status":"open","ping_status":"open","sticky":false,"template":"","format":"standard","meta":{"_lmt_disableupdate":"yes","_lmt_disable":"","footnotes":""},"categories":[6],"tags":[1257,323,118,136,216],"class_list":["post-13305","post","type-post","status-publish","format-standard","has-post-thumbnail","hentry","category-hipotecas-finanzas","tag-banca-espanola","tag-bce","tag-economia","tag-euribor","tag-prestamos-hipotecarios"],"modified_by":"Albert PC","_links":{"self":[{"href":"https:\/\/www.fotocasa.es\/fotocasa-life\/wp-json\/wp\/v2\/posts\/13305","targetHints":{"allow":["GET"]}}],"collection":[{"href":"https:\/\/www.fotocasa.es\/fotocasa-life\/wp-json\/wp\/v2\/posts"}],"about":[{"href":"https:\/\/www.fotocasa.es\/fotocasa-life\/wp-json\/wp\/v2\/types\/post"}],"author":[{"embeddable":true,"href":"https:\/\/www.fotocasa.es\/fotocasa-life\/wp-json\/wp\/v2\/users\/3"}],"replies":[{"embeddable":true,"href":"https:\/\/www.fotocasa.es\/fotocasa-life\/wp-json\/wp\/v2\/comments?post=13305"}],"version-history":[{"count":0,"href":"https:\/\/www.fotocasa.es\/fotocasa-life\/wp-json\/wp\/v2\/posts\/13305\/revisions"}],"wp:featuredmedia":[{"embeddable":true,"href":"https:\/\/www.fotocasa.es\/fotocasa-life\/wp-json\/wp\/v2\/media\/11199"}],"wp:attachment":[{"href":"https:\/\/www.fotocasa.es\/fotocasa-life\/wp-json\/wp\/v2\/media?parent=13305"}],"wp:term":[{"taxonomy":"category","embeddable":true,"href":"https:\/\/www.fotocasa.es\/fotocasa-life\/wp-json\/wp\/v2\/categories?post=13305"},{"taxonomy":"post_tag","embeddable":true,"href":"https:\/\/www.fotocasa.es\/fotocasa-life\/wp-json\/wp\/v2\/tags?post=13305"}],"curies":[{"name":"wp","href":"https:\/\/api.w.org\/{rel}","templated":true}]}}