{"id":13288,"date":"2016-04-28T16:10:49","date_gmt":"2016-04-28T14:10:49","guid":{"rendered":"https:\/\/www.fotocasa.es\/fotocasa-life\/?p=13288"},"modified":"2020-11-27T11:26:46","modified_gmt":"2020-11-27T10:26:46","slug":"guindos-descarta-que-la-banca-pague-por-las-hipotecas-ante-un-euribor-en-negativo","status":"publish","type":"post","link":"https:\/\/www.fotocasa.es\/fotocasa-life\/hipotecas-finanzas\/guindos-descarta-que-la-banca-pague-por-las-hipotecas-ante-un-euribor-en-negativo\/","title":{"rendered":"Guindos descarta que la banca pague por las hipotecas ante un Eur\u00edbor en negativo"},"content":{"rendered":"<p>El ministro de Econom\u00eda en funciones, <strong>Luis de Guindos, ha descartado que los <a href=\"https:\/\/www.fotocasa.es\/fotocasa-life\/hipotecas-finanzas\/que-pasara-con-la-cuota-de-la-hipoteca-si-el-euribor-es-negativo\/\">bancos acaben pagando por las hipotecas<\/a><\/strong>, a trav\u00e9s de una reducci\u00f3n del capital a amortizar, ante la entrada en terreno negativo del Eur\u00edbor, ya que ha considerado que e<strong>xiste \u00abmargen\u00bb para compensar los diferenciales aplicados<\/strong>.<\/p>\n<p>Guindos recuerda que el <strong>diferencial medio de las hipotecas a\u00f1adido al Eur\u00edbor oscila entre el 0,7% y el 1%<\/strong>. \u00abPor mucha inyecci\u00f3n de liquidez del BCE o QE (programa de compra de activos) , no se va a llegar a pagar\u00bb, ha afirmado de forma tajante.<\/p>\n<p>Ante la posibilidad de que el <a href=\"https:\/\/www.fotocasa.es\/fotocasa-life\/hipotecas-finanzas\/hasta-julio-no-habra-primeras-conclusiones-sobre-retroactividad-de-clausulas-suelo\/\"><strong>Tribunal de Justicia de la UE declare la retroactividad de las cl\u00e1usulas suelo desde el inicio del contrato<\/strong><\/a>, frente a la doctrina del Tribunal Supremo que fija desde el 9 de mayo de 2013, Guindos se ha limitado a se\u00f1alar que en la firma de hipotecas interviene un fedatario p\u00fablico, una cuesti\u00f3n fundamental para garantizar la transparencia del contrato. \u00abYo respeto todas las sentencias\u00bb, ha subrayado.<\/p>\n<p>El ministro no ha querido entrar en si los clientes de banca deber\u00e1n \u00abacostumbrarse\u00bb a pagar comisiones, como ha asegurado la Asociaci\u00f3n Espa\u00f1ola de la Banca (AEB), si bien ha puesto en valor que <strong>las comisiones en cajeros son ahora \u00abm\u00e1s razonables\u00bb y en general \u00abm\u00e1s reducidas\u00bb<\/strong>.<\/p>\n","protected":false},"excerpt":{"rendered":"<p>El ministro de Econom\u00eda en funciones, Luis de Guindos, ha descartado que los bancos acaben pagando por las hipotecas, a trav\u00e9s de una reducci\u00f3n del capital a amortizar, ante la entrada en terreno negativo del Eur\u00edbor, ya que ha considerado que existe \u00abmargen\u00bb para compensar los diferenciales aplicados. Guindos recuerda que el diferencial medio de&#8230;<\/p>\n","protected":false},"author":3,"featured_media":10649,"comment_status":"open","ping_status":"open","sticky":false,"template":"","format":"standard","meta":{"_lmt_disableupdate":"yes","_lmt_disable":"","footnotes":""},"categories":[6],"tags":[1257,118,136,216],"class_list":["post-13288","post","type-post","status-publish","format-standard","has-post-thumbnail","hentry","category-hipotecas-finanzas","tag-banca-espanola","tag-economia","tag-euribor","tag-prestamos-hipotecarios"],"modified_by":"Albert PC","_links":{"self":[{"href":"https:\/\/www.fotocasa.es\/fotocasa-life\/wp-json\/wp\/v2\/posts\/13288","targetHints":{"allow":["GET"]}}],"collection":[{"href":"https:\/\/www.fotocasa.es\/fotocasa-life\/wp-json\/wp\/v2\/posts"}],"about":[{"href":"https:\/\/www.fotocasa.es\/fotocasa-life\/wp-json\/wp\/v2\/types\/post"}],"author":[{"embeddable":true,"href":"https:\/\/www.fotocasa.es\/fotocasa-life\/wp-json\/wp\/v2\/users\/3"}],"replies":[{"embeddable":true,"href":"https:\/\/www.fotocasa.es\/fotocasa-life\/wp-json\/wp\/v2\/comments?post=13288"}],"version-history":[{"count":0,"href":"https:\/\/www.fotocasa.es\/fotocasa-life\/wp-json\/wp\/v2\/posts\/13288\/revisions"}],"wp:featuredmedia":[{"embeddable":true,"href":"https:\/\/www.fotocasa.es\/fotocasa-life\/wp-json\/wp\/v2\/media\/10649"}],"wp:attachment":[{"href":"https:\/\/www.fotocasa.es\/fotocasa-life\/wp-json\/wp\/v2\/media?parent=13288"}],"wp:term":[{"taxonomy":"category","embeddable":true,"href":"https:\/\/www.fotocasa.es\/fotocasa-life\/wp-json\/wp\/v2\/categories?post=13288"},{"taxonomy":"post_tag","embeddable":true,"href":"https:\/\/www.fotocasa.es\/fotocasa-life\/wp-json\/wp\/v2\/tags?post=13288"}],"curies":[{"name":"wp","href":"https:\/\/api.w.org\/{rel}","templated":true}]}}