{"id":13210,"date":"2016-04-27T11:11:32","date_gmt":"2016-04-27T09:11:32","guid":{"rendered":"https:\/\/www.fotocasa.es\/fotocasa-life\/?p=13210"},"modified":"2020-11-27T11:26:48","modified_gmt":"2020-11-27T10:26:48","slug":"la-concesion-de-hipotecas-modera-su-crecimiento-apunta-fotocasa","status":"publish","type":"post","link":"https:\/\/www.fotocasa.es\/fotocasa-life\/hipotecas-finanzas\/la-concesion-de-hipotecas-modera-su-crecimiento-apunta-fotocasa\/","title":{"rendered":"\u201cLa concesi\u00f3n de hipotecas modera su crecimiento\u201d, apunta fotocasa"},"content":{"rendered":"<p>El <strong>incremento interanual<\/strong> de la concesi\u00f3n de hipotecas es <strong>inferior al 29,2% registrado en febrero de 2015<\/strong>. \u201cEn enero y febrero hemos visto c\u00f3mo se ha moderado el crecimiento en la concesi\u00f3n de hipotecas en Espa\u00f1a pese a la amplia y competitiva oferta de productos hipotecarios que est\u00e1n lanzando los bancos\u201d, explica Beatriz Toribio, responsable de Estudios de <a href=\"https:\/\/www.fotocasa.es\/es\" target=\"_blank\" rel=\"noopener noreferrer\"><strong>fotocasa<\/strong><\/a>.<\/p>\n<p>Los datos de la Estad\u00edstica de Hipotecas publicados por el INE correspondientes al pasado mes de <a href=\"https:\/\/www.fotocasa.es\/fotocasa-life\/hipotecas-finanzas\/la-firma-de-hipotecas-sobre-viviendas-acelera-su-avance-al-159-en-febrero\/\"><strong>febrero reflejan un incremento del 15,9% en la concesi\u00f3n de hipotecas<\/strong><\/a> respecto al mismo mes del a\u00f1o anterior.<\/p>\n<p>Sin embargo, el incremento interanual es muy inferior al 29,2% registrado en febrero de 2015. A pesar de ello \u201c<strong><em>llevamos 21 meses de subidas consecutivas y eso lo que nos indica es que el cr\u00e9dito hipotecario se est\u00e1 normalizado en nuestro pa\u00eds<\/em><\/strong>. Para que el sector inmobiliario remonte del todo, se tiene que consolidar porque sin financiaci\u00f3n no habr\u00e1 recuperaci\u00f3n\u201d, a\u00f1ade Toribio.<\/p>\n<p>En este sentido, recuerda que los datos del INE recogen las hipotecas firmadas en meses anteriores, por lo que habr\u00e1 que estar atentos a los datos de los pr\u00f3ximos meses para ver qu\u00e9 impacto est\u00e1 teniendo el contexto de inestabilidad pol\u00edtica y otros factores externos de la situaci\u00f3n macroecon\u00f3mica nacional e internacional. \u201c<em><strong>La banca est\u00e1 muy interesada en conceder hipotecas y eso anima el mercado<\/strong><\/em>, pero habr\u00e1 que ver hasta qu\u00e9 punto hay demanda\u201d, afirma Toribio.<\/p>\n<p>Los datos del INE tambi\u00e9n reflejan c\u00f3mo <a href=\"https:\/\/www.fotocasa.es\/fotocasa-life\/hipotecas-finanzas\/el-41-de-las-nuevas-hipotecas-se-contrata-a-tipo-fijo-durante-un-plazo-de-mas-de-un-ano\/\"><strong>las hipotecas a tipo fijo van ganando terreno<\/strong><\/a> \u201ccomo consecuencia de la nueva estrategia bancaria implantada por la mayor\u00eda de las entidades para hacer frente a un eur\u00edbor en m\u00ednimos y los problemas que les est\u00e1n dando las clausulas suelo\u201d.<\/p>\n","protected":false},"excerpt":{"rendered":"<p>El incremento interanual de la concesi\u00f3n de hipotecas es inferior al 29,2% registrado en febrero de 2015. \u201cEn enero y febrero hemos visto c\u00f3mo se ha moderado el crecimiento en la concesi\u00f3n de hipotecas en Espa\u00f1a pese a la amplia y competitiva oferta de productos hipotecarios que est\u00e1n lanzando los bancos\u201d, explica Beatriz Toribio, responsable&#8230;<\/p>\n","protected":false},"author":3,"featured_media":4282,"comment_status":"open","ping_status":"open","sticky":false,"template":"","format":"standard","meta":{"_lmt_disableupdate":"yes","_lmt_disable":"","footnotes":""},"categories":[6],"tags":[70,72,484,142,157,216,245],"class_list":["post-13210","post","type-post","status-publish","format-standard","has-post-thumbnail","hentry","category-hipotecas-finanzas","tag-comprar-una-vivienda","tag-compraventa-de-vivienda","tag-concesion-de-hipotecas","tag-fotocasa","tag-ine","tag-prestamos-hipotecarios","tag-sector-inmobiliario"],"modified_by":"Albert PC","_links":{"self":[{"href":"https:\/\/www.fotocasa.es\/fotocasa-life\/wp-json\/wp\/v2\/posts\/13210","targetHints":{"allow":["GET"]}}],"collection":[{"href":"https:\/\/www.fotocasa.es\/fotocasa-life\/wp-json\/wp\/v2\/posts"}],"about":[{"href":"https:\/\/www.fotocasa.es\/fotocasa-life\/wp-json\/wp\/v2\/types\/post"}],"author":[{"embeddable":true,"href":"https:\/\/www.fotocasa.es\/fotocasa-life\/wp-json\/wp\/v2\/users\/3"}],"replies":[{"embeddable":true,"href":"https:\/\/www.fotocasa.es\/fotocasa-life\/wp-json\/wp\/v2\/comments?post=13210"}],"version-history":[{"count":0,"href":"https:\/\/www.fotocasa.es\/fotocasa-life\/wp-json\/wp\/v2\/posts\/13210\/revisions"}],"wp:featuredmedia":[{"embeddable":true,"href":"https:\/\/www.fotocasa.es\/fotocasa-life\/wp-json\/wp\/v2\/media\/4282"}],"wp:attachment":[{"href":"https:\/\/www.fotocasa.es\/fotocasa-life\/wp-json\/wp\/v2\/media?parent=13210"}],"wp:term":[{"taxonomy":"category","embeddable":true,"href":"https:\/\/www.fotocasa.es\/fotocasa-life\/wp-json\/wp\/v2\/categories?post=13210"},{"taxonomy":"post_tag","embeddable":true,"href":"https:\/\/www.fotocasa.es\/fotocasa-life\/wp-json\/wp\/v2\/tags?post=13210"}],"curies":[{"name":"wp","href":"https:\/\/api.w.org\/{rel}","templated":true}]}}