{"id":12223,"date":"2016-03-18T11:30:35","date_gmt":"2016-03-18T10:30:35","guid":{"rendered":"https:\/\/www.fotocasa.es\/fotocasa-life\/?p=12223"},"modified":"2020-11-27T11:27:16","modified_gmt":"2020-11-27T10:27:16","slug":"el-bce-bajara-mas-los-tipos-si-es-necesario","status":"publish","type":"post","link":"https:\/\/www.fotocasa.es\/fotocasa-life\/hipotecas-finanzas\/el-bce-bajara-mas-los-tipos-si-es-necesario\/","title":{"rendered":"El BCE bajar\u00e1 m\u00e1s los tipos si es necesario"},"content":{"rendered":"<p>El Banco Central Europeo (<strong>BCE<\/strong>) no ha llegado al \u00abl\u00edmite inferior\u00bb en cuanto a sus instrumentos de pol\u00edtica monetaria, por lo que <strong>no renuncia a bajar m\u00e1s los tipos de inter\u00e9s si fuera necesario<\/strong>, seg\u00fan asegura Peter Praet, miembro del directorio del banco central, en una entrevista con el diario &#8216;La Repubblica&#8217;.<\/p>\n<p>\u00abNo, no hemos llegado\u00bb, responde Praet al ser cuestionado sobre si el BCE ha alcanzado su l\u00edmite inferior, subrayando que la \u00abrecomposici\u00f3n de la caja de herramientas\u00bb, favoreciendo medidas de est\u00edmulo al cr\u00e9dito sobre los tipos de inter\u00e9s, no significa renunciar a ninguna opci\u00f3n.<\/p>\n<p>\u00ab<strong>Una bajada de tipos sigue formando parte de nuestro arsenal<\/strong> (&#8230;) Como otros bancos centrales han demostrado, no hemos alcanzado el l\u00edmite inferior\u00bb, se\u00f1ala Praet, quien recuerda las palabras de Mario Draghi en las que el BCE se compromete a mantener los tipos de referencia al nivel actual \u00abo por debajo\u00bb durante un periodo prolongado de tiempo.<\/p>\n<p>El Consejo de Gobierno del BCE decidi\u00f3 el pasado 10 de marzo <a href=\"https:\/\/www.fotocasa.es\/fotocasa-life\/hipotecas-finanzas\/el-bce-baja-el-tipo-de-interes-de-referencia-al-0\/\"><strong>rebajar el tipo de inter\u00e9s de referencia hasta el 0%<\/strong><\/a>, mientras recort\u00f3 en 10 puntos b\u00e1sicos el aplicado a la facilidad de dep\u00f3sito, hasta el -0,40%.<\/p>\n<p>Sobre la reacci\u00f3n inicialmente negativa de los mercados a este anuncio, el directivo del BCE considera que en gran parte se debi\u00f3 a que los mercados hab\u00edan descontado tres rebajas de la tasa a la facilidad de dep\u00f3sito y los operadores tuvieron que deshacer posiciones, aunque se\u00f1ala que tras analizar y digerir el paquete de medidas finalmente tomaron m\u00e1s protagonismo las compras de deuda corporativa y las nuevas inyecciones de liquidez condicionada (TLTRO II).<\/p>\n<p>A este respecto, Praet reconoce que la compra de bonos de empresas con grado de inversi\u00f3n puede resultar de mayor utilidad a unos pa\u00edses que a otros, aunque conf\u00eda en que su efecto inicial se vaya trasladando a otros activos y mercados a medida que se busque reinvertir la liquidez obtenida por la venta de estos bonos en otros activos.<\/p>\n<p><strong>Dar dinero a la gente<\/strong><\/p>\n<p><strong><img loading=\"lazy\" decoding=\"async\" class=\"aligncenter size-full wp-image-11199\" src=\"https:\/\/www.fotocasa.es\/fotocasa-life\/wp-content\/uploads\/2016\/02\/Dinero_monedas.jpg\" alt=\"Dinero, monedas\" width=\"676\" height=\"270\" title=\"-\" srcset=\"https:\/\/www.fotocasa.es\/fotocasa-life\/wp-content\/uploads\/2016\/02\/Dinero_monedas.jpg 676w, https:\/\/www.fotocasa.es\/fotocasa-life\/wp-content\/uploads\/2016\/02\/Dinero_monedas-300x120.jpg 300w, https:\/\/www.fotocasa.es\/fotocasa-life\/wp-content\/uploads\/2016\/02\/Dinero_monedas-150x60.jpg 150w\" sizes=\"auto, (max-width: 676px) 100vw, 676px\" \/><br \/>\n<\/strong><br \/>\nPor otro lado, el directivo del BCE reconoce que <strong>la opci\u00f3n de entregar directamente dinero a la gente, conocida como \u00abhelic\u00f3ptero de dinero\u00bb<\/strong> (&#8216;helicopter money&#8217;), <strong>entra dentro de lo que los bancos centrales pueden hacer<\/strong>, aunque la cuesti\u00f3n es saber cu\u00e1ndo puede ser oportuna una medida tan extrema.<\/p>\n<p>\u00abHay muchas cosas que puedes hacer. La cuesti\u00f3n es qu\u00e9 es apropiado y cu\u00e1ndo\u00bb, se\u00f1ala Praet sobre la opci\u00f3n de entregar el dinero directamente a las personas, aunque reconoce que \u00abes algo que todos los bancos centrales pueden hacer\u00bb. \u00abPuedes emitir moneda y distribuirla entre la gente, lo que se llama el &#8216;helic\u00f3ptero de dinero\u00bb\u00bb, reconoce el banquero, aunque apunta que la pregunta es \u00absi y cu\u00e1ndo es oportuno hacer uso de una clase tan extrema de herramienta\u00bb.<\/p>\n<p>\u00abCreo que por ahora tenemos lo que tenemos y no es apropiado discutir la siguiente bater\u00eda de medidas\u00bb, sostiene, aunque recuerda que \u00abhay muchas otras cosas que te\u00f3ricamente pueden hacerse\u00bb. \u00abPor eso, cuando decimos que no hemos llegado al final de la caja de herramientas, pienso que es verdad\u00bb, concluye.<\/p>\n","protected":false},"excerpt":{"rendered":"<p>El Banco Central Europeo (BCE) no ha llegado al \u00abl\u00edmite inferior\u00bb en cuanto a sus instrumentos de pol\u00edtica monetaria, por lo que no renuncia a bajar m\u00e1s los tipos de inter\u00e9s si fuera necesario, seg\u00fan asegura Peter Praet, miembro del directorio del banco central, en una entrevista con el diario &#8216;La Repubblica&#8217;. \u00abNo, no hemos&#8230;<\/p>\n","protected":false},"author":3,"featured_media":10571,"comment_status":"open","ping_status":"open","sticky":false,"template":"","format":"standard","meta":{"_lmt_disableupdate":"yes","_lmt_disable":"","footnotes":""},"categories":[6],"tags":[323,136,1111,466],"class_list":["post-12223","post","type-post","status-publish","format-standard","has-post-thumbnail","hentry","category-hipotecas-finanzas","tag-bce","tag-euribor","tag-medidas-bce","tag-tipos-de-interes"],"modified_by":"Albert PC","_links":{"self":[{"href":"https:\/\/www.fotocasa.es\/fotocasa-life\/wp-json\/wp\/v2\/posts\/12223","targetHints":{"allow":["GET"]}}],"collection":[{"href":"https:\/\/www.fotocasa.es\/fotocasa-life\/wp-json\/wp\/v2\/posts"}],"about":[{"href":"https:\/\/www.fotocasa.es\/fotocasa-life\/wp-json\/wp\/v2\/types\/post"}],"author":[{"embeddable":true,"href":"https:\/\/www.fotocasa.es\/fotocasa-life\/wp-json\/wp\/v2\/users\/3"}],"replies":[{"embeddable":true,"href":"https:\/\/www.fotocasa.es\/fotocasa-life\/wp-json\/wp\/v2\/comments?post=12223"}],"version-history":[{"count":0,"href":"https:\/\/www.fotocasa.es\/fotocasa-life\/wp-json\/wp\/v2\/posts\/12223\/revisions"}],"wp:featuredmedia":[{"embeddable":true,"href":"https:\/\/www.fotocasa.es\/fotocasa-life\/wp-json\/wp\/v2\/media\/10571"}],"wp:attachment":[{"href":"https:\/\/www.fotocasa.es\/fotocasa-life\/wp-json\/wp\/v2\/media?parent=12223"}],"wp:term":[{"taxonomy":"category","embeddable":true,"href":"https:\/\/www.fotocasa.es\/fotocasa-life\/wp-json\/wp\/v2\/categories?post=12223"},{"taxonomy":"post_tag","embeddable":true,"href":"https:\/\/www.fotocasa.es\/fotocasa-life\/wp-json\/wp\/v2\/tags?post=12223"}],"curies":[{"name":"wp","href":"https:\/\/api.w.org\/{rel}","templated":true}]}}