{"id":12026,"date":"2016-03-10T16:15:17","date_gmt":"2016-03-10T15:15:17","guid":{"rendered":"https:\/\/www.fotocasa.es\/fotocasa-life\/?p=12026"},"modified":"2020-11-27T11:27:22","modified_gmt":"2020-11-27T10:27:22","slug":"la-rebaja-de-interes-perpetuara-durante-meses-la-entrada-en-negativo-del-euribor","status":"publish","type":"post","link":"https:\/\/www.fotocasa.es\/fotocasa-life\/hipotecas-finanzas\/la-rebaja-de-interes-perpetuara-durante-meses-la-entrada-en-negativo-del-euribor\/","title":{"rendered":"La rebaja de inter\u00e9s \u00abperpetuar\u00e1\u00bb durante meses la entrada en negativo del Eur\u00edbor"},"content":{"rendered":"<p>El presidente de la Asociaci\u00f3n Hipotecaria Espa\u00f1ola (AHE), Santos Gonz\u00e1lez, ha considerado que la <a href=\"https:\/\/www.fotocasa.es\/fotocasa-life\/hipotecas-finanzas\/el-bce-baja-el-tipo-de-interes-de-referencia-al-0\/\"><strong>rebaja de los tipos de inter\u00e9s al 0%<\/strong> <\/a>aplicada por el BCE \u00ab<strong>perpetuar\u00e1\u00bb durante meses la <a href=\"https:\/\/www.fotocasa.es\/fotocasa-life\/hipotecas-finanzas\/confirmado-el-euribor-cierra-en-negativo-rebaja-de-mas-de-170-e-en-la-hipoteca\/\">entrada en negativo del Eur\u00edbor<\/a><\/strong>, principal indicador al que est\u00e1n referenciadas la mayor\u00eda de las hipotecas en Espa\u00f1a.<\/p>\n<p>Santos Gonz\u00e1lez no ve \u00abninguna raz\u00f3n\u00bb para que el <strong>Eur\u00edbor<\/strong> abandone el terreno negativo en los pr\u00f3ximos meses, despu\u00e9s de <a href=\"https:\/\/www.fotocasa.es\/fotocasa-life\/hipotecas-finanzas\/el-euribor-cerrara-febrero-en-negativo-por-primera-vez-en-la-historia\/\"><strong>cerrar el mes de febrero por primera vez en el -0,008%<\/strong><\/a>. A 10 de marzo, el \u00edndice arroja ya una tasa mensual del -0,025%.<\/p>\n<p>Eso s\u00ed, el presidente de la AHE a\u00fan <strong>ve dif\u00edcil que el Eur\u00edbor se desplome hasta el -0,5%<\/strong>, umbral a partir del que calcula que se absorber\u00eda el <strong>diferencial medio en las hipotecas<\/strong>. De producirse esta circunstancia, que Santos no ve muy factible por no tratarse de una pol\u00edtica crediticia de los bancos \u00abconsistente\u00bb, algunos <strong>hipotecados dejar\u00edan de pagar intereses por sus pr\u00e9stamos para adquirir sus viviendas<\/strong>.<\/p>\n<p>Ante las medidas de est\u00edmulo anunciadas por el BCE, Santos ha manifestado la \u00abpoca sorpresa\u00bb que le ha causado ante un contexto negativo de tipos y ante las alertas que anticipan una <strong>desaceleraci\u00f3n del crecimiento mundial<\/strong>.<\/p>\n","protected":false},"excerpt":{"rendered":"<p>El presidente de la Asociaci\u00f3n Hipotecaria Espa\u00f1ola (AHE), Santos Gonz\u00e1lez, ha considerado que la rebaja de los tipos de inter\u00e9s al 0% aplicada por el BCE \u00abperpetuar\u00e1\u00bb durante meses la entrada en negativo del Eur\u00edbor, principal indicador al que est\u00e1n referenciadas la mayor\u00eda de las hipotecas en Espa\u00f1a. Santos Gonz\u00e1lez no ve \u00abninguna raz\u00f3n\u00bb para&#8230;<\/p>\n","protected":false},"author":3,"featured_media":12030,"comment_status":"open","ping_status":"open","sticky":false,"template":"","format":"standard","meta":{"_lmt_disableupdate":"yes","_lmt_disable":"","footnotes":""},"categories":[6],"tags":[323,136,1111,216],"class_list":["post-12026","post","type-post","status-publish","format-standard","has-post-thumbnail","hentry","category-hipotecas-finanzas","tag-bce","tag-euribor","tag-medidas-bce","tag-prestamos-hipotecarios"],"modified_by":"Albert PC","_links":{"self":[{"href":"https:\/\/www.fotocasa.es\/fotocasa-life\/wp-json\/wp\/v2\/posts\/12026","targetHints":{"allow":["GET"]}}],"collection":[{"href":"https:\/\/www.fotocasa.es\/fotocasa-life\/wp-json\/wp\/v2\/posts"}],"about":[{"href":"https:\/\/www.fotocasa.es\/fotocasa-life\/wp-json\/wp\/v2\/types\/post"}],"author":[{"embeddable":true,"href":"https:\/\/www.fotocasa.es\/fotocasa-life\/wp-json\/wp\/v2\/users\/3"}],"replies":[{"embeddable":true,"href":"https:\/\/www.fotocasa.es\/fotocasa-life\/wp-json\/wp\/v2\/comments?post=12026"}],"version-history":[{"count":0,"href":"https:\/\/www.fotocasa.es\/fotocasa-life\/wp-json\/wp\/v2\/posts\/12026\/revisions"}],"wp:featuredmedia":[{"embeddable":true,"href":"https:\/\/www.fotocasa.es\/fotocasa-life\/wp-json\/wp\/v2\/media\/12030"}],"wp:attachment":[{"href":"https:\/\/www.fotocasa.es\/fotocasa-life\/wp-json\/wp\/v2\/media?parent=12026"}],"wp:term":[{"taxonomy":"category","embeddable":true,"href":"https:\/\/www.fotocasa.es\/fotocasa-life\/wp-json\/wp\/v2\/categories?post=12026"},{"taxonomy":"post_tag","embeddable":true,"href":"https:\/\/www.fotocasa.es\/fotocasa-life\/wp-json\/wp\/v2\/tags?post=12026"}],"curies":[{"name":"wp","href":"https:\/\/api.w.org\/{rel}","templated":true}]}}