{"id":12022,"date":"2016-03-10T14:45:32","date_gmt":"2016-03-10T13:45:32","guid":{"rendered":"https:\/\/www.fotocasa.es\/fotocasa-life\/?p=12022"},"modified":"2020-11-27T11:27:22","modified_gmt":"2020-11-27T10:27:22","slug":"el-bce-baja-el-tipo-de-interes-de-referencia-al-0","status":"publish","type":"post","link":"https:\/\/www.fotocasa.es\/fotocasa-life\/hipotecas-finanzas\/el-bce-baja-el-tipo-de-interes-de-referencia-al-0\/","title":{"rendered":"El BCE baja el tipo de inter\u00e9s de referencia al 0%"},"content":{"rendered":"<p>El Consejo de Gobierno del Banco Central Europeo (BCE) ha decidido <strong>rebajar el tipo de inter\u00e9s de referencia al 0%<\/strong> <a href=\"https:\/\/www.fotocasa.es\/fotocasa-life\/hipotecas-finanzas\/el-bce-mantiene-los-tipos-de-interes-en-su-minimo-historico\/\"><strong>desde el 0,05%<\/strong><\/a>, as\u00ed como recortar en 10 puntos b\u00e1sicos el inter\u00e9s aplicado a su facilidad de dep\u00f3sito, que pasar\u00e1 a ser del -0,40% desde el -0,30% actual, inform\u00f3 la instituci\u00f3n.<\/p>\n<p>De este modo, el <strong>BCE pasar\u00e1 a cobrar un 0,40% a las entidades que hagan uso de esta facilidad<\/strong> para salvaguardar diariamente su exceso de liquidez, lo que podr\u00eda servir de est\u00edmulo a la concesi\u00f3n de cr\u00e9ditos e inversiones.<\/p>\n<p>Asimismo, el BCE ha decidido ampliar hasta 80.000 millones de euros a partir del pr\u00f3ximo mes de abril el volumen de sus compras mensuales, que hab\u00eda establecido anteriormente en 60.000 millones al mes.<\/p>\n<p>En las \u00faltimas semanas se ha constatado la <strong>debilidad de las presiones inflacionistas en la zona euro<\/strong>, cuyo \u00edndice adelantado <a href=\"https:\/\/www.fotocasa.es\/fotocasa-life\/hipotecas-finanzas\/confirmado-el-euribor-cierra-en-negativo-rebaja-de-mas-de-170-e-en-la-hipoteca\/\"><strong>baj\u00f3 en febrero al -0,2%<\/strong><\/a>, mientras el crecimiento del PIB de la regi\u00f3n cerr\u00f3 el ejercicio 2015 con una expansi\u00f3n del 1,6%, frente al 0,9% de 2014, con un repunte del 0,3% en el \u00faltimo trimestre del a\u00f1o pasado, en l\u00ednea con la expansi\u00f3n del tercer trimestre.<\/p>\n<p>&nbsp;<\/p>\n","protected":false},"excerpt":{"rendered":"<p>El Consejo de Gobierno del Banco Central Europeo (BCE) ha decidido rebajar el tipo de inter\u00e9s de referencia al 0% desde el 0,05%, as\u00ed como recortar en 10 puntos b\u00e1sicos el inter\u00e9s aplicado a su facilidad de dep\u00f3sito, que pasar\u00e1 a ser del -0,40% desde el -0,30% actual, inform\u00f3 la instituci\u00f3n. De este modo, el&#8230;<\/p>\n","protected":false},"author":3,"featured_media":559,"comment_status":"open","ping_status":"open","sticky":false,"template":"","format":"standard","meta":{"_lmt_disableupdate":"yes","_lmt_disable":"","footnotes":""},"categories":[6],"tags":[323,136,1111],"class_list":["post-12022","post","type-post","status-publish","format-standard","has-post-thumbnail","hentry","category-hipotecas-finanzas","tag-bce","tag-euribor","tag-medidas-bce"],"modified_by":"Albert PC","_links":{"self":[{"href":"https:\/\/www.fotocasa.es\/fotocasa-life\/wp-json\/wp\/v2\/posts\/12022","targetHints":{"allow":["GET"]}}],"collection":[{"href":"https:\/\/www.fotocasa.es\/fotocasa-life\/wp-json\/wp\/v2\/posts"}],"about":[{"href":"https:\/\/www.fotocasa.es\/fotocasa-life\/wp-json\/wp\/v2\/types\/post"}],"author":[{"embeddable":true,"href":"https:\/\/www.fotocasa.es\/fotocasa-life\/wp-json\/wp\/v2\/users\/3"}],"replies":[{"embeddable":true,"href":"https:\/\/www.fotocasa.es\/fotocasa-life\/wp-json\/wp\/v2\/comments?post=12022"}],"version-history":[{"count":0,"href":"https:\/\/www.fotocasa.es\/fotocasa-life\/wp-json\/wp\/v2\/posts\/12022\/revisions"}],"wp:featuredmedia":[{"embeddable":true,"href":"https:\/\/www.fotocasa.es\/fotocasa-life\/wp-json\/wp\/v2\/media\/559"}],"wp:attachment":[{"href":"https:\/\/www.fotocasa.es\/fotocasa-life\/wp-json\/wp\/v2\/media?parent=12022"}],"wp:term":[{"taxonomy":"category","embeddable":true,"href":"https:\/\/www.fotocasa.es\/fotocasa-life\/wp-json\/wp\/v2\/categories?post=12022"},{"taxonomy":"post_tag","embeddable":true,"href":"https:\/\/www.fotocasa.es\/fotocasa-life\/wp-json\/wp\/v2\/tags?post=12022"}],"curies":[{"name":"wp","href":"https:\/\/api.w.org\/{rel}","templated":true}]}}