{"id":11534,"date":"2016-02-24T11:25:21","date_gmt":"2016-02-24T10:25:21","guid":{"rendered":"https:\/\/www.fotocasa.es\/fotocasa-life\/?p=11534"},"modified":"2020-11-27T11:27:36","modified_gmt":"2020-11-27T10:27:36","slug":"el-sector-de-la-construccion-sigue-recuperandose-en-2016","status":"publish","type":"post","link":"https:\/\/www.fotocasa.es\/fotocasa-life\/hipotecas-finanzas\/el-sector-de-la-construccion-sigue-recuperandose-en-2016\/","title":{"rendered":"El sector de la construcci\u00f3n sigue recuper\u00e1ndose en 2016"},"content":{"rendered":"<p>El Banco de Espa\u00f1a ha destacado que <strong>el gasto de las familias en bienes de consumo habr\u00eda mantenido un \u00abelevado dinamismo\u00bb<\/strong> a finales de 2015, \u00abque se habr\u00eda <strong>prolongado a comienzos del presente a\u00f1o<\/strong>\u00bb con aumentos tanto de las matriculaciones de veh\u00edculos particulares como del \u00edndice del comercio al por menor.<\/p>\n<p>En su bolet\u00edn econ\u00f3mico del mes de febrero, el Banco de Espa\u00f1a indica que entre los indicadores cualitativos, los \u00edndices de confianza mostraron comportamientos dispares en enero, ya que el de los comerciantes minoristas se mantuvo en el nivel observado en diciembre, mientras que el correspondiente a los <a href=\"https:\/\/www.fotocasa.es\/fotocasa-life\/hipotecas-finanzas\/la-confianza-del-consumidor-cae-83-puntos-en-enero\/\"><strong>consumidores experiment\u00f3 un cierto retroceso<\/strong><\/a> tras los incrementos registrados en meses precedentes.<\/p>\n<p>En cuanto a los indicadores relativos a la industria al comienzo del a\u00f1o, la autoridad monetaria indica que apuntan hacia una prolongaci\u00f3n de la fase reciente de dinamismo de la actividad, y a\u00f1ade que la utilizaci\u00f3n de la capacidad productiva se increment\u00f3 al inicio de 2016.<\/p>\n<p>Sobre el <strong><a href=\"https:\/\/www.fotocasa.es\/fotocasa-life\/compraventa\/la-construccion-vuelve-a-crecer-y-lo-seguira-haciendo-segun-euroconstruct\/\">sector de la construcci\u00f3n<\/a><\/strong>, destaca que tambi\u00e9n habr\u00eda prolongado \u00abel tono positivo\u00bb de meses anteriores, con <strong>\u00abnotables\u00bb avances interanuales de la cifra de afiliados a la Seguridad Social<\/strong> y de la producci\u00f3n industrial de materiales de construcci\u00f3n, de acuerdo con los datos de enero.<\/p>\n<p><strong>Se mantiene la recuperaci\u00f3n de la construcci\u00f3n<\/strong><\/p>\n<p><img loading=\"lazy\" decoding=\"async\" class=\"aligncenter size-full wp-image-11537\" src=\"https:\/\/www.fotocasa.es\/fotocasa-life\/wp-content\/uploads\/2016\/02\/Obras.jpg\" alt=\"Paleta construyendo\" width=\"676\" height=\"420\" title=\"-\" srcset=\"https:\/\/www.fotocasa.es\/fotocasa-life\/wp-content\/uploads\/2016\/02\/Obras.jpg 676w, https:\/\/www.fotocasa.es\/fotocasa-life\/wp-content\/uploads\/2016\/02\/Obras-300x186.jpg 300w, https:\/\/www.fotocasa.es\/fotocasa-life\/wp-content\/uploads\/2016\/02\/Obras-150x93.jpg 150w\" sizes=\"auto, (max-width: 676px) 100vw, 676px\" \/><br \/>\n\u00abLa trayectoria de recuperaci\u00f3n de la construcci\u00f3n tambi\u00e9n es perceptible en los indicadores de actividad futura\u00bb, afirma el Banco de Espa\u00f1a, que recuerda que en noviembre <a href=\"https:\/\/www.fotocasa.es\/fotocasa-life\/compraventa\/los-visados-para-construir-nuevas-viviendas-se-disparan-un-39-en-2015\/\"><strong>los visados de obra nueva intensificaron el ritmo de avance<\/strong><\/a> observado en meses precedentes.<\/p>\n<p>Los servicios de mercado, en cambio, muestran una \u00abcierta moderaci\u00f3n\u00bb de la actividad del sector a principios de 2016, mientras que la inversi\u00f3n empresarial reflej\u00f3 en enero, seg\u00fan el Banco de Espa\u00f1a, \u00abse\u00f1ales divergentes\u00bb, con un retroceso en el clima de confianza de los productores de bienes de equipo y una <strong>mejora en las expectativas sobre la cartera de pedidos<\/strong>.<\/p>\n<p>Por \u00faltimo, sobre el mercado laboral, destaca que en enero se prolong\u00f3 su \u00abevoluci\u00f3n favorable\u00bb, dado que el ritmo de crecimiento interanual de las afiliaciones a la Seguridad Social se mantuvo en el 3,2% y los incrementos de empleo fueron generalizados entre los principales sectores de actividad.<\/p>\n","protected":false},"excerpt":{"rendered":"<p>El Banco de Espa\u00f1a ha destacado que el gasto de las familias en bienes de consumo habr\u00eda mantenido un \u00abelevado dinamismo\u00bb a finales de 2015, \u00abque se habr\u00eda prolongado a comienzos del presente a\u00f1o\u00bb con aumentos tanto de las matriculaciones de veh\u00edculos particulares como del \u00edndice del comercio al por menor. En su bolet\u00edn econ\u00f3mico&#8230;<\/p>\n","protected":false},"author":3,"featured_media":11536,"comment_status":"open","ping_status":"open","sticky":false,"template":"","format":"standard","meta":{"_lmt_disableupdate":"yes","_lmt_disable":"","footnotes":""},"categories":[6],"tags":[29,993,1072,118,245],"class_list":["post-11534","post","type-post","status-publish","format-standard","has-post-thumbnail","hentry","category-hipotecas-finanzas","tag-banco-de-espana","tag-confianza-del-consumidor","tag-construccion-de-viviendas","tag-economia","tag-sector-inmobiliario"],"modified_by":"Albert PC","_links":{"self":[{"href":"https:\/\/www.fotocasa.es\/fotocasa-life\/wp-json\/wp\/v2\/posts\/11534","targetHints":{"allow":["GET"]}}],"collection":[{"href":"https:\/\/www.fotocasa.es\/fotocasa-life\/wp-json\/wp\/v2\/posts"}],"about":[{"href":"https:\/\/www.fotocasa.es\/fotocasa-life\/wp-json\/wp\/v2\/types\/post"}],"author":[{"embeddable":true,"href":"https:\/\/www.fotocasa.es\/fotocasa-life\/wp-json\/wp\/v2\/users\/3"}],"replies":[{"embeddable":true,"href":"https:\/\/www.fotocasa.es\/fotocasa-life\/wp-json\/wp\/v2\/comments?post=11534"}],"version-history":[{"count":0,"href":"https:\/\/www.fotocasa.es\/fotocasa-life\/wp-json\/wp\/v2\/posts\/11534\/revisions"}],"wp:featuredmedia":[{"embeddable":true,"href":"https:\/\/www.fotocasa.es\/fotocasa-life\/wp-json\/wp\/v2\/media\/11536"}],"wp:attachment":[{"href":"https:\/\/www.fotocasa.es\/fotocasa-life\/wp-json\/wp\/v2\/media?parent=11534"}],"wp:term":[{"taxonomy":"category","embeddable":true,"href":"https:\/\/www.fotocasa.es\/fotocasa-life\/wp-json\/wp\/v2\/categories?post=11534"},{"taxonomy":"post_tag","embeddable":true,"href":"https:\/\/www.fotocasa.es\/fotocasa-life\/wp-json\/wp\/v2\/tags?post=11534"}],"curies":[{"name":"wp","href":"https:\/\/api.w.org\/{rel}","templated":true}]}}