{"id":10653,"date":"2016-01-26T11:00:18","date_gmt":"2016-01-26T10:00:18","guid":{"rendered":"https:\/\/www.fotocasa.es\/fotocasa-life\/?p=10653"},"modified":"2020-11-27T11:28:02","modified_gmt":"2020-11-27T10:28:02","slug":"videovigilancia-en-comunidades-de-vecinos-que-debo-saber","status":"publish","type":"post","link":"https:\/\/www.fotocasa.es\/fotocasa-life\/seguridad\/videovigilancia-en-comunidades-de-vecinos-que-debo-saber\/","title":{"rendered":"Videovigilancia en comunidades de vecinos \u00bfQu\u00e9 debes saber?"},"content":{"rendered":"<p>\u00bfNecesitas un refuerzo en la seguridad de tu comunidad de propietarios?\u00bfParece que los robos en viviendas han crecido en el barrio donde vives y no est\u00e1s muy tranquilo sin medidas de vigilancia en el edificio o urbanizaci\u00f3n en la que resides?<\/p>\n<p>El problema surge en el momento de plantearlo al resto de los vecinos. No sabes si la videovigilancia tendr\u00e1 mucha <a href=\"https:\/\/www.fotocasa.es\/fotocasa-life\/hipotecas-finanzas\/como-solucionar-las-decisiones-mas-polemicas-en-una-comunidad-de-vecinos\/\"><strong>aceptaci\u00f3n entre los propietarios<\/strong><\/a>, que presentan ciertos temores frente a las c\u00e1maras de seguridad: la <strong>falta de intimidad<\/strong>, el hecho de que se estropeen con cierta frecuencia, <strong>qui\u00e9n ver\u00e1 las im\u00e1genes grabadas<\/strong>.<\/p>\n<p>Desde Altatec Seguridad exponen unas cuantas razones de peso para que esos miedos infundados desaparezcan y la videovigilancia sea considerada como un m\u00e9todo eficaz y seguro de protecci\u00f3n frente a los ladrones.<\/p>\n<p><img loading=\"lazy\" decoding=\"async\" class=\"aligncenter wp-image-10656 size-large\" src=\"https:\/\/www.fotocasa.es\/fotocasa-life\/wp-content\/uploads\/2016\/01\/Videovigilancia_02-676x470.jpg\" alt=\"Videovigilancia\" width=\"676\" height=\"470\" title=\"-\"><\/p>\n<p>Lo m\u00e1s importante es contratar una empresa de seguridad profesional y <strong><a href=\"https:\/\/www.altatec-seguridad.com\/videovigilancia-y-legislacion-que-debes-saber\/\" target=\"_blank\" rel=\"noopener noreferrer\">homologada por el Ministerio del Interior<\/a><\/strong> e inscrita en el Registro de Empresas de Seguridad. De esta forma te aseguras de que se seguir\u00e1 al pie de la letra todo lo que marca la ley.<\/p>\n<p><strong>Pero \u00bfqu\u00e9 hay que saber y tener en cuenta?<\/strong><\/p>\n<p>La<strong> intimidad est\u00e1 garantizada<\/strong>: \u00fanicamente el personal de seguridad autorizado para ello podr\u00e1 visionar las im\u00e1genes que han grabado las c\u00e1maras de seguridad. Al cabo de un mes se borran todas, excepto aqu\u00e9llas que sean requeridas por las autoridades policiales o judiciales, para el esclarecimiento de un delito. Adem\u00e1s la orientaci\u00f3n de las c\u00e1maras no invade los espacios \u00edntimos y privados de los propietarios, s\u00f3lo se ubican en las zonas comunes.<\/p>\n<p><strong>Todo el mundo sabr\u00e1 que hay videovigilancia y que puede ser grabado<\/strong>: a trav\u00e9s de los carteles informativos que se instalar\u00e1n en lugares visibles.<\/p>\n<p><img loading=\"lazy\" decoding=\"async\" class=\"aligncenter wp-image-10658 size-large\" src=\"https:\/\/www.fotocasa.es\/fotocasa-life\/wp-content\/uploads\/2016\/01\/Videovigilancia_03-676x470.jpg\" alt=\"Videovigilancia\" width=\"676\" height=\"470\" title=\"-\"><\/p>\n<p>&nbsp;<\/p>\n<p>Es un <strong>m\u00e9todo disuasorio muy eficaz<\/strong>: porque los ladrones se lo pensar\u00e1n dos veces antes de asaltar una vivienda con c\u00e1maras de seguridad. Y en el caso de que lo hagan, podr\u00e1n ser reconocidos en la grabaci\u00f3n, siempre que \u00e9sta tenga una alta definici\u00f3n.<\/p>\n<p>Existe el t<strong>elemantenimiento para arreglarlas sin desplazarse<\/strong> y de forma inmediata. En el caso de que se estropee el circuito de grabaci\u00f3n salta un aviso en tiempo real y puede solucionarse r\u00e1pidamente.<\/p>\n<p>\u00bfCrees que as\u00ed podr\u00e1s convencer a tus vecinos?<\/p>\n","protected":false},"excerpt":{"rendered":"<p>\u00bfNecesitas un refuerzo en la seguridad de tu comunidad de propietarios?\u00bfParece que los robos en viviendas han crecido en el barrio donde vives y no est\u00e1s muy tranquilo sin medidas de vigilancia en el edificio o urbanizaci\u00f3n en la que resides? El problema surge en el momento de plantearlo al resto de los vecinos. No&#8230;<\/p>\n","protected":false},"author":33,"featured_media":10714,"comment_status":"open","ping_status":"open","sticky":false,"template":"","format":"standard","meta":{"_lmt_disableupdate":"yes","_lmt_disable":"","footnotes":""},"categories":[1445],"tags":[73,562,1348,566],"class_list":["post-10653","post","type-post","status-publish","format-standard","has-post-thumbnail","hentry","category-seguridad","tag-comunidades-de-vecinos","tag-robos","tag-seguridad-del-hogar","tag-sistemas-de-seguridad"],"modified_by":"Albert PC","_links":{"self":[{"href":"https:\/\/www.fotocasa.es\/fotocasa-life\/wp-json\/wp\/v2\/posts\/10653","targetHints":{"allow":["GET"]}}],"collection":[{"href":"https:\/\/www.fotocasa.es\/fotocasa-life\/wp-json\/wp\/v2\/posts"}],"about":[{"href":"https:\/\/www.fotocasa.es\/fotocasa-life\/wp-json\/wp\/v2\/types\/post"}],"author":[{"embeddable":true,"href":"https:\/\/www.fotocasa.es\/fotocasa-life\/wp-json\/wp\/v2\/users\/33"}],"replies":[{"embeddable":true,"href":"https:\/\/www.fotocasa.es\/fotocasa-life\/wp-json\/wp\/v2\/comments?post=10653"}],"version-history":[{"count":0,"href":"https:\/\/www.fotocasa.es\/fotocasa-life\/wp-json\/wp\/v2\/posts\/10653\/revisions"}],"wp:featuredmedia":[{"embeddable":true,"href":"https:\/\/www.fotocasa.es\/fotocasa-life\/wp-json\/wp\/v2\/media\/10714"}],"wp:attachment":[{"href":"https:\/\/www.fotocasa.es\/fotocasa-life\/wp-json\/wp\/v2\/media?parent=10653"}],"wp:term":[{"taxonomy":"category","embeddable":true,"href":"https:\/\/www.fotocasa.es\/fotocasa-life\/wp-json\/wp\/v2\/categories?post=10653"},{"taxonomy":"post_tag","embeddable":true,"href":"https:\/\/www.fotocasa.es\/fotocasa-life\/wp-json\/wp\/v2\/tags?post=10653"}],"curies":[{"name":"wp","href":"https:\/\/api.w.org\/{rel}","templated":true}]}}