{"id":10359,"date":"2016-01-15T11:25:34","date_gmt":"2016-01-15T10:25:34","guid":{"rendered":"https:\/\/www.fotocasa.es\/fotocasa-life\/?p=10359"},"modified":"2020-11-27T11:28:10","modified_gmt":"2020-11-27T10:28:10","slug":"el-ipc-interanual-cierra-2015-en-el-00-tras-subir-tres-decimas-en-diciembre","status":"publish","type":"post","link":"https:\/\/www.fotocasa.es\/fotocasa-life\/hipotecas-finanzas\/el-ipc-interanual-cierra-2015-en-el-00-tras-subir-tres-decimas-en-diciembre\/","title":{"rendered":"El IPC interanual cierra 2015 en el 0,0% tras subir tres d\u00e9cimas en diciembre"},"content":{"rendered":"<p>El<strong> <a href=\"https:\/\/www.fotocasa.es\/fotocasa-life\/finanzas\/el-ipc-interanual-cierra-2015-en-el-0\">\u00cdndice de Precios de Consumo (IPC) baj\u00f3 un 0,3% el pasado mes de diciembre<\/a><\/strong> respecto al mes anterior y elev\u00f3 tres d\u00e9cimas su tasa interanual, hasta el 0,0%, por la evoluci\u00f3n de los precios de los carburantes, del gas\u00f3leo para calefacci\u00f3n y de algunos alimentos, como el pescado fresco, seg\u00fan ha informado este martes el Instituto Nacional de Estad\u00edstica (INE), que confirma los datos avanzados a finales del mes pasado.<\/p>\n<p>Tras esta subida de tres d\u00e9cimas, que deja el IPC interanual en el 0,0% a cierre de 2015, los precios vuelven a terreno positivo despu\u00e9s de haber encadenado <a href=\"https:\/\/www.fotocasa.es\/fotocasa-life\/finanzas\/el-ipc-sube-una-decima-en-abril-hasta-el-06-y-acumula-10-meses-en-negativo\"><strong>cuatro meses consecutivos en valores negativos<\/strong><\/a>, con tasas del -0,4% agosto, del -0,9% en septiembre, del -0,7% en octubre y del -0,3% en noviembre.<\/p>\n<p><a href=\"https:\/\/www.fotocasa.es\/fotocasa-life\/wp-content\/uploads\/2016\/01\/IPC_evolucion_mensual.jpg\"><img loading=\"lazy\" decoding=\"async\" class=\"aligncenter wp-image-10363 size-large\" src=\"https:\/\/www.fotocasa.es\/fotocasa-life\/wp-content\/uploads\/2016\/01\/IPC_evolucion_mensual-676x326.jpg\" alt=\"IPC_evolucion_mensual\" width=\"676\" height=\"326\" title=\"-\"><\/a><\/p>\n<p>&nbsp;<\/p>\n<p>A lo largo de 2015, el <strong>IPC s\u00f3lo ha registrado tasas interanuales positivas<\/strong> en tres meses: <strong>junio y julio<\/strong> (0,1% en ambos casos) y ahora <strong>diciembre<\/strong>, con un 0,0%.<\/p>\n<p>La inflaci\u00f3n subyacente, que no incluye los precios de los productos energ\u00e9ticos ni de los alimentos no elaborados, cerr\u00f3 el ejercicio 2015 en el 0,9%, tras reducirse una d\u00e9cima en diciembre, al tiempo que el \u00cdndice de Precios de Consumo Armonizado (IPCA) situ\u00f3 su tasa anual en el -0,1%, tres d\u00e9cimas m\u00e1s que en noviembre.<\/p>\n<p>Estad\u00edstica ha atribuido el repunte interanual del IPC del pasado mes de diciembre al comportamiento del transporte, que elev\u00f3 su tasa casi dos puntos respecto a noviembre, hasta el -2,8%, debido a que los precios de los carburantes bajaron menos de lo que lo hicieron en diciembre de 2014.<\/p>\n<p>Tambi\u00e9n<strong> ha influido en la subida interanual del IPC el grupo de vivienda<\/strong>, que e<strong>lev\u00f3 su tasa tres d\u00e9cimas<\/strong>, hasta el -2,3%, por el descenso de los precios del gas\u00f3leo para calefacci\u00f3n, menor al de 2014, y el grupo de alimentos y bebidas no alcoh\u00f3licas, que situ\u00f3 su tasa interanual en el 1,8%, una d\u00e9cimas m\u00e1s, debido al encarecimiento del pescado fresco y a que el recorte de precios de las frutas frescas fue inferior al experimentado un a\u00f1o antes.<\/p>\n<p><a href=\"https:\/\/www.fotocasa.es\/fotocasa-life\/wp-content\/uploads\/2016\/01\/IPC_por_grupos.jpg\"><img loading=\"lazy\" decoding=\"async\" class=\"aligncenter wp-image-10364 size-large\" src=\"https:\/\/www.fotocasa.es\/fotocasa-life\/wp-content\/uploads\/2016\/01\/IPC_por_grupos-676x452.jpg\" alt=\"IPC_por_grupos_2015\" width=\"676\" height=\"452\" title=\"-\"><\/a><\/p>\n<p>En t\u00e9rminos mensuales, el IPC descendi\u00f3 un 0,3% en diciembre respecto al mes anterior, evoluci\u00f3n que el INE atribuye al abaratamiento de las gasolinas y a las primeras bajadas de precios en vestido y calzado por la campa\u00f1a de las rebajas de invierno.<\/p>\n","protected":false},"excerpt":{"rendered":"<p>El \u00cdndice de Precios de Consumo (IPC) baj\u00f3 un 0,3% el pasado mes de diciembre respecto al mes anterior y elev\u00f3 tres d\u00e9cimas su tasa interanual, hasta el 0,0%, por la evoluci\u00f3n de los precios de los carburantes, del gas\u00f3leo para calefacci\u00f3n y de algunos alimentos, como el pescado fresco, seg\u00fan ha informado este martes&#8230;<\/p>\n","protected":false},"author":3,"featured_media":10362,"comment_status":"open","ping_status":"open","sticky":false,"template":"","format":"standard","meta":{"_lmt_disableupdate":"yes","_lmt_disable":"","footnotes":""},"categories":[6],"tags":[1373,157,538],"class_list":["post-10359","post","type-post","status-publish","format-standard","has-post-thumbnail","hentry","category-hipotecas-finanzas","tag-indice-de-precios-de-consumo","tag-ine","tag-ipc"],"modified_by":"Fotocasa","_links":{"self":[{"href":"https:\/\/www.fotocasa.es\/fotocasa-life\/wp-json\/wp\/v2\/posts\/10359","targetHints":{"allow":["GET"]}}],"collection":[{"href":"https:\/\/www.fotocasa.es\/fotocasa-life\/wp-json\/wp\/v2\/posts"}],"about":[{"href":"https:\/\/www.fotocasa.es\/fotocasa-life\/wp-json\/wp\/v2\/types\/post"}],"author":[{"embeddable":true,"href":"https:\/\/www.fotocasa.es\/fotocasa-life\/wp-json\/wp\/v2\/users\/3"}],"replies":[{"embeddable":true,"href":"https:\/\/www.fotocasa.es\/fotocasa-life\/wp-json\/wp\/v2\/comments?post=10359"}],"version-history":[{"count":0,"href":"https:\/\/www.fotocasa.es\/fotocasa-life\/wp-json\/wp\/v2\/posts\/10359\/revisions"}],"wp:featuredmedia":[{"embeddable":true,"href":"https:\/\/www.fotocasa.es\/fotocasa-life\/wp-json\/wp\/v2\/media\/10362"}],"wp:attachment":[{"href":"https:\/\/www.fotocasa.es\/fotocasa-life\/wp-json\/wp\/v2\/media?parent=10359"}],"wp:term":[{"taxonomy":"category","embeddable":true,"href":"https:\/\/www.fotocasa.es\/fotocasa-life\/wp-json\/wp\/v2\/categories?post=10359"},{"taxonomy":"post_tag","embeddable":true,"href":"https:\/\/www.fotocasa.es\/fotocasa-life\/wp-json\/wp\/v2\/tags?post=10359"}],"curies":[{"name":"wp","href":"https:\/\/api.w.org\/{rel}","templated":true}]}}