{"id":10308,"date":"2016-01-14T13:23:23","date_gmt":"2016-01-14T12:23:23","guid":{"rendered":"https:\/\/www.fotocasa.es\/fotocasa-life\/?p=10308"},"modified":"2020-11-27T11:28:11","modified_gmt":"2020-11-27T10:28:11","slug":"los-espanoles-volvemos-a-ahorrar-de-hecho-un-392-ya-lo-logra","status":"publish","type":"post","link":"https:\/\/www.fotocasa.es\/fotocasa-life\/hipotecas-finanzas\/los-espanoles-volvemos-a-ahorrar-de-hecho-un-392-ya-lo-logra\/","title":{"rendered":"Los espa\u00f1oles volvemos a ahorrar\u2026 De hecho, un 39,2% ya lo logra"},"content":{"rendered":"<p>Los <strong>espa\u00f1oles vuelven a decantarse por el ahorro<\/strong> pues prev\u00e9n que la situaci\u00f3n econ\u00f3mica en 2016 ser\u00e1 propicia para ello, seg\u00fan el Observatorio Cetelem de 2015, en el que se refleja que <strong>un 39,2% ya lo est\u00e1 haciendo<\/strong>.<\/p>\n<p>De acuerdo con la encuesta realizada, el proveedor de servicios financieros Cetelem Grupo BNP Paribas indica que ha aumentado respecto al a\u00f1o anterior el porcentaje de aquellas personas que piensan que la situaci\u00f3n mejorar\u00e1 o al menos permanecer\u00e1 estable, hasta el 82,7%.<\/p>\n<p>En este contexto, la <strong><a href=\"https:\/\/www.fotocasa.es\/fotocasa-life\/hipotecas-finanzas\/eres-ahorrador-este-ano-ganaras-mas-con-la-misma-rentabilidad\/\">tendencia al ahorro <\/a>de los espa\u00f1oles se sit\u00faa en el 36,7%,<\/strong> y hasta un 29,1% conf\u00eda en poder hacerlo en los pr\u00f3ximos meses, 4,8 puntos porcentuales m\u00e1s que en 2014. M\u00e1s a\u00fan, un 39,2% de los encuestados en el pasado mes de diciembre afirmaba que hab\u00eda logrado ahorrar en el \u00faltimo mes, frente al 34,6% que lo hizo el anterior.<\/p>\n<p>La comparaci\u00f3n con el dato de diciembre de 2014 arroja un incremento a\u00fan mayor, puesto que hace un a\u00f1o este porcentaje se situ\u00f3 en el 29,6%, 5,4 puntos porcentuales menos. En el caso de la intenci\u00f3n de seguir ahorrando la comparativa interanual refleja un incremento de 9,8 puntos porcentuales en 2015.<\/p>\n<p><strong>El estado de \u00e1nimo mejora<\/strong><\/p>\n<p><img loading=\"lazy\" decoding=\"async\" class=\"aligncenter size-full wp-image-10311\" src=\"https:\/\/www.fotocasa.es\/fotocasa-life\/wp-content\/uploads\/2016\/01\/carrito_dinero.jpg\" alt=\"carrito_dinero\" width=\"676\" height=\"420\" title=\"-\" srcset=\"https:\/\/www.fotocasa.es\/fotocasa-life\/wp-content\/uploads\/2016\/01\/carrito_dinero.jpg 676w, https:\/\/www.fotocasa.es\/fotocasa-life\/wp-content\/uploads\/2016\/01\/carrito_dinero-300x186.jpg 300w, https:\/\/www.fotocasa.es\/fotocasa-life\/wp-content\/uploads\/2016\/01\/carrito_dinero-150x93.jpg 150w\" sizes=\"auto, (max-width: 676px) 100vw, 676px\" \/><\/p>\n<p>El Observatorio Cetelem analiza tambi\u00e9n <strong>el <a href=\"https:\/\/www.fotocasa.es\/fotocasa-life\/hipotecas-finanzas\/sube-la-confianza-en-el-consumidor\/\">estado de \u00e1nimo de los potenciales compradores<\/a><\/strong> y se\u00f1ala que <strong>ha aumentado el porcentaje de espa\u00f1oles que opina que la situaci\u00f3n general mejorar\u00e1 en los pr\u00f3ximos 12 meses en 4,4 puntos<\/strong> porcentuales respecto al mes anterior y 0,2 puntos por encima de los registros de 2014, hasta el 31,4%.<\/p>\n<p>Adem\u00e1s, <strong>un 50% de la poblaci\u00f3n cree que la situaci\u00f3n permanecer\u00e1 estable<\/strong>, lo que supone 1,8 puntos porcentuales menos que en el mes anterior y 1,2 m\u00e1s que en diciembre de 2014.<\/p>\n<p>Por su parte, los espa\u00f1oles que consideran que la situaci\u00f3n general empeorar\u00e1 baja 2,2 puntos porcentuales respecto al mes anterior, hasta el 18,6% y 1,4 puntos porcentuales en t\u00e9rminos interanuales.<\/p>\n<p>En lo relativo a las intenciones de compra, <strong>un 26%<\/strong> de los encuestados <strong>prev\u00e9 adquirir<\/strong> en los pr\u00f3ximos tres meses algo de <strong>tecnolog\u00eda o inform\u00e1tica<\/strong>, el <strong>23% espera viajar<\/strong>, el <strong>15% comprar\u00e1 ropa de deportes<\/strong>, un <strong>13,8% adquirir\u00e1 muebles<\/strong> y el 13,8% acudir\u00e1 al dentista.<\/p>\n<p>&nbsp;<\/p>\n","protected":false},"excerpt":{"rendered":"<p>Los espa\u00f1oles vuelven a decantarse por el ahorro pues prev\u00e9n que la situaci\u00f3n econ\u00f3mica en 2016 ser\u00e1 propicia para ello, seg\u00fan el Observatorio Cetelem de 2015, en el que se refleja que un 39,2% ya lo est\u00e1 haciendo. De acuerdo con la encuesta realizada, el proveedor de servicios financieros Cetelem Grupo BNP Paribas indica que&#8230;<\/p>\n","protected":false},"author":3,"featured_media":10310,"comment_status":"open","ping_status":"open","sticky":false,"template":"","format":"standard","meta":{"_lmt_disableupdate":"yes","_lmt_disable":"","footnotes":""},"categories":[6],"tags":[15,993,118],"class_list":["post-10308","post","type-post","status-publish","format-standard","has-post-thumbnail","hentry","category-hipotecas-finanzas","tag-ahorro","tag-confianza-del-consumidor","tag-economia"],"modified_by":"Albert PC","_links":{"self":[{"href":"https:\/\/www.fotocasa.es\/fotocasa-life\/wp-json\/wp\/v2\/posts\/10308","targetHints":{"allow":["GET"]}}],"collection":[{"href":"https:\/\/www.fotocasa.es\/fotocasa-life\/wp-json\/wp\/v2\/posts"}],"about":[{"href":"https:\/\/www.fotocasa.es\/fotocasa-life\/wp-json\/wp\/v2\/types\/post"}],"author":[{"embeddable":true,"href":"https:\/\/www.fotocasa.es\/fotocasa-life\/wp-json\/wp\/v2\/users\/3"}],"replies":[{"embeddable":true,"href":"https:\/\/www.fotocasa.es\/fotocasa-life\/wp-json\/wp\/v2\/comments?post=10308"}],"version-history":[{"count":0,"href":"https:\/\/www.fotocasa.es\/fotocasa-life\/wp-json\/wp\/v2\/posts\/10308\/revisions"}],"wp:featuredmedia":[{"embeddable":true,"href":"https:\/\/www.fotocasa.es\/fotocasa-life\/wp-json\/wp\/v2\/media\/10310"}],"wp:attachment":[{"href":"https:\/\/www.fotocasa.es\/fotocasa-life\/wp-json\/wp\/v2\/media?parent=10308"}],"wp:term":[{"taxonomy":"category","embeddable":true,"href":"https:\/\/www.fotocasa.es\/fotocasa-life\/wp-json\/wp\/v2\/categories?post=10308"},{"taxonomy":"post_tag","embeddable":true,"href":"https:\/\/www.fotocasa.es\/fotocasa-life\/wp-json\/wp\/v2\/tags?post=10308"}],"curies":[{"name":"wp","href":"https:\/\/api.w.org\/{rel}","templated":true}]}}