{"id":102944,"date":"2026-04-29T16:37:34","date_gmt":"2026-04-29T14:37:34","guid":{"rendered":"https:\/\/www.fotocasa.es\/fotocasa-life\/?p=102944"},"modified":"2026-04-29T15:39:57","modified_gmt":"2026-04-29T13:39:57","slug":"la-ministra-de-vivienda-afirma-que-los-inquilinos-que-han-solicitado-la-prorroga-de-los-alquileres-estan-protegidos","status":"publish","type":"post","link":"https:\/\/www.fotocasa.es\/fotocasa-life\/noticia\/la-ministra-de-vivienda-afirma-que-los-inquilinos-que-han-solicitado-la-prorroga-de-los-alquileres-estan-protegidos\/","title":{"rendered":"La ministra de Vivienda afirma que los inquilinos que han solicitado la pr\u00f3rroga de los alquileres est\u00e1n protegidos"},"content":{"rendered":"<p>Isabel Rodr\u00edguez, ministra de Vivienda y Agenda Urbana, <strong>ha enviado este mi\u00e9rcoles un mensaje de calma a los inquilinos que han pedido la pr\u00f3rroga de sus contratos de alquiler<\/strong>, asegurando que siguen protegidos por la vigencia temporal del decreto que el Parlamento rechaz\u00f3 ayer con los votos en contra de PP, Junts y Vox.<\/p>\n<blockquote><p>\u00abSi se llegara a la judicializaci\u00f3n, pues tendr\u00edamos que pleitear, pero <strong>yo entiendo que los tribunales van a estar a favor del derecho de acceso a la vivienda de estas personas<\/strong>, de la filosof\u00eda de esta norma que eman\u00f3 del Gobierno\u00bb, ha manifestado la ministra en declaraciones a TVE.<\/p><\/blockquote>\n<h2>Un tel\u00e9fono gratuito para solucionar dudas sobre la pr\u00f3rroga de los alquileres<\/h2>\n<p>Rodr\u00edguez ha recordado que existe un tel\u00e9fono gratuito, el 047, que ofrece a los inquilinos la posibilidad de solucionar dudas sobre <a href=\"https:\/\/www.fotocasa.es\/fotocasa-life\/alquiler\/prorroga-contrato-alquiler\/\"><strong>las pr\u00f3rrogas del contrato de alquiler<\/strong><\/a> y a trav\u00e9s del cual podr\u00e1n recibir asesoramiento si su caso acaba en un juzgado. De esta manera, la ministra ha querido mostrar su apoyo a las personas afectadas por la derogaci\u00f3n de la norma. <strong>\u00abLes vamos a acompa\u00f1ar. No est\u00e1n solos\u00bb<\/strong>, ha indicado.<\/p>\n<p>Asimismo, la titular del Ministerio de Vivienda ha \u00abcondenado\u00bb el rechazo del Congreso a la norma sobre la pr\u00f3rroga de los alquileres, aunque ha afirmado que \u00abno va a bajar los brazos\u00bb.<\/p>\n","protected":false},"excerpt":{"rendered":"<p>El Parlamento ha rechazado, esta semana, la pr\u00f3rroga de los alquileres, que, no obstante, ha estado vigente varias semanas.<\/p>\n","protected":false},"author":226,"featured_media":102948,"comment_status":"open","ping_status":"closed","sticky":false,"template":"","format":"standard","meta":{"_lmt_disableupdate":"yes","_lmt_disable":"","footnotes":""},"categories":[5787],"tags":[4489,4212,1859,13441,14877,14597],"class_list":["post-102944","post","type-post","status-publish","format-standard","has-post-thumbnail","hentry","category-noticia","tag-alquilar","tag-alquilar-piso","tag-alquiler","tag-noticia","tag-prorroga-de-los-alquileres","tag-prorroga-del-alquiler"],"modified_by":"Javier Mezcua","_links":{"self":[{"href":"https:\/\/www.fotocasa.es\/fotocasa-life\/wp-json\/wp\/v2\/posts\/102944","targetHints":{"allow":["GET"]}}],"collection":[{"href":"https:\/\/www.fotocasa.es\/fotocasa-life\/wp-json\/wp\/v2\/posts"}],"about":[{"href":"https:\/\/www.fotocasa.es\/fotocasa-life\/wp-json\/wp\/v2\/types\/post"}],"author":[{"embeddable":true,"href":"https:\/\/www.fotocasa.es\/fotocasa-life\/wp-json\/wp\/v2\/users\/226"}],"replies":[{"embeddable":true,"href":"https:\/\/www.fotocasa.es\/fotocasa-life\/wp-json\/wp\/v2\/comments?post=102944"}],"version-history":[{"count":0,"href":"https:\/\/www.fotocasa.es\/fotocasa-life\/wp-json\/wp\/v2\/posts\/102944\/revisions"}],"wp:featuredmedia":[{"embeddable":true,"href":"https:\/\/www.fotocasa.es\/fotocasa-life\/wp-json\/wp\/v2\/media\/102948"}],"wp:attachment":[{"href":"https:\/\/www.fotocasa.es\/fotocasa-life\/wp-json\/wp\/v2\/media?parent=102944"}],"wp:term":[{"taxonomy":"category","embeddable":true,"href":"https:\/\/www.fotocasa.es\/fotocasa-life\/wp-json\/wp\/v2\/categories?post=102944"},{"taxonomy":"post_tag","embeddable":true,"href":"https:\/\/www.fotocasa.es\/fotocasa-life\/wp-json\/wp\/v2\/tags?post=102944"}],"curies":[{"name":"wp","href":"https:\/\/api.w.org\/{rel}","templated":true}]}}