{"id":102851,"date":"2026-04-29T09:50:30","date_gmt":"2026-04-29T07:50:30","guid":{"rendered":"https:\/\/www.fotocasa.es\/fotocasa-life\/?p=102851"},"modified":"2026-04-29T09:50:30","modified_gmt":"2026-04-29T07:50:30","slug":"unicamente-el-19-de-los-jovenes-compradores-de-vivienda-ha-solicitado-el-aval-que-ofrece-el-gobierno","status":"publish","type":"post","link":"https:\/\/www.fotocasa.es\/fotocasa-life\/compraventa\/unicamente-el-19-de-los-jovenes-compradores-de-vivienda-ha-solicitado-el-aval-que-ofrece-el-gobierno\/","title":{"rendered":"\u00danicamente el 19% de los j\u00f3venes compradores de vivienda ha solicitado el aval que ofrece el Gobierno"},"content":{"rendered":"<p>El <strong>acceso a la vivienda<\/strong> contin\u00faa siendo uno de los principales retos para los j\u00f3venes en Espa\u00f1a, y los incentivos p\u00fablicos se posicionan como una herramienta a tener en cuenta para facilitar la compra. En este contexto, el an\u00e1lisis de las ayudas gubernamentales a la vivienda revela que <strong>el 19% de los j\u00f3venes que ha comprado o planea comprar un inmueble ha solicitado <a href=\"https:\/\/www.fotocasa.es\/fotocasa-life\/compraventa\/aval-del-20-para-comprar-casa-en-toda-espana-como-funciona\/\">el aval del 20%<\/a><\/strong> para la adquisici\u00f3n de vivienda del Gobierno a los menores de 35 a\u00f1os que pidan una hipoteca para su primera vivienda.<\/p>\n<p><!--more--><\/p>\n<h2>Pocas peticiones por el desajuste de la ayuda con el mercado<\/h2>\n<p>En concreto, <strong>un 3% de los j\u00f3venes afirma haber solicitado el aval, haberlo obtenido y estar ya disfrutando de sus beneficios<\/strong>, mientras que <strong>un 10% lo ha solicitado,<\/strong> se le ha concedido, pero todav\u00eda no ha comenzado a beneficiarse de \u00e9l. Adem\u00e1s, <strong>un 6% se encuentra a la espera de resoluci\u00f3n<\/strong> tras haber iniciado la solicitud. En conjunto, estos datos reflejan que <strong>casi uno de cada cinco j\u00f3venes interesados en la compra de vivienda ha activado esta ayuda p\u00fablica<\/strong>, seg\u00fan los datos extra\u00eddos a partir de una encuesta de Fotocasa Research realizada en febrero de 2026.<\/p>\n","protected":false},"excerpt":{"rendered":"<p>Casi la mitad de los j\u00f3venes potenciales compradores valora solicitar esta ayuda, pero a\u00fan no ha iniciado el proceso, seg\u00fan una encuesta de Fotocasa Research realizada en febrero de 2026<\/p>\n","protected":false},"author":182,"featured_media":102852,"comment_status":"open","ping_status":"closed","sticky":false,"template":"","format":"standard","meta":{"_lmt_disableupdate":"yes","_lmt_disable":"","footnotes":""},"categories":[3],"tags":[11182,6177,8208,9249,8210,8360,11183],"class_list":["post-102851","post","type-post","status-publish","format-standard","has-post-thumbnail","hentry","category-compraventa","tag-ahorros-comprar-casa","tag-ahorros-comprar-vivienda","tag-aval-20","tag-aval-comprar-casa","tag-aval-gobierno","tag-aval-ico","tag-requisitos-aval"],"modified_by":"Joaqu\u00edn Hern\u00e1ndez","_links":{"self":[{"href":"https:\/\/www.fotocasa.es\/fotocasa-life\/wp-json\/wp\/v2\/posts\/102851","targetHints":{"allow":["GET"]}}],"collection":[{"href":"https:\/\/www.fotocasa.es\/fotocasa-life\/wp-json\/wp\/v2\/posts"}],"about":[{"href":"https:\/\/www.fotocasa.es\/fotocasa-life\/wp-json\/wp\/v2\/types\/post"}],"author":[{"embeddable":true,"href":"https:\/\/www.fotocasa.es\/fotocasa-life\/wp-json\/wp\/v2\/users\/182"}],"replies":[{"embeddable":true,"href":"https:\/\/www.fotocasa.es\/fotocasa-life\/wp-json\/wp\/v2\/comments?post=102851"}],"version-history":[{"count":0,"href":"https:\/\/www.fotocasa.es\/fotocasa-life\/wp-json\/wp\/v2\/posts\/102851\/revisions"}],"wp:featuredmedia":[{"embeddable":true,"href":"https:\/\/www.fotocasa.es\/fotocasa-life\/wp-json\/wp\/v2\/media\/102852"}],"wp:attachment":[{"href":"https:\/\/www.fotocasa.es\/fotocasa-life\/wp-json\/wp\/v2\/media?parent=102851"}],"wp:term":[{"taxonomy":"category","embeddable":true,"href":"https:\/\/www.fotocasa.es\/fotocasa-life\/wp-json\/wp\/v2\/categories?post=102851"},{"taxonomy":"post_tag","embeddable":true,"href":"https:\/\/www.fotocasa.es\/fotocasa-life\/wp-json\/wp\/v2\/tags?post=102851"}],"curies":[{"name":"wp","href":"https:\/\/api.w.org\/{rel}","templated":true}]}}