{"id":102850,"date":"2026-04-28T15:14:02","date_gmt":"2026-04-28T13:14:02","guid":{"rendered":"https:\/\/www.fotocasa.es\/fotocasa-life\/?p=102850"},"modified":"2026-04-28T01:07:37","modified_gmt":"2026-04-27T23:07:37","slug":"el-gobierno-amplia-la-ayuda-al-alquiler-con-opcion-a-compra-hasta-60-480-euros-y-cuatro-anos-para-comprar","status":"publish","type":"post","link":"https:\/\/www.fotocasa.es\/fotocasa-life\/subvenciones\/el-gobierno-amplia-la-ayuda-al-alquiler-con-opcion-a-compra-hasta-60-480-euros-y-cuatro-anos-para-comprar\/","title":{"rendered":"El Gobierno ampl\u00eda la ayuda al alquiler con opci\u00f3n a compra: hasta 60.480 euros y cuatro a\u00f1os para comprar"},"content":{"rendered":"<table class=\"table table-striped table-color-200\">\n<tbody>\n<tr>\n<td>\n<ul>\n<li>El Plan Estatal de Vivienda 2026-2030 eleva hasta <strong>60.480 euros por vivienda<\/strong> la ayuda m\u00e1xima vinculada al alquiler con opci\u00f3n a compra de vivienda protegida permanente.<\/li>\n<li>La persona joven podr\u00e1 ejercer la opci\u00f3n de compra en un plazo m\u00ednimo de <strong>un a\u00f1o<\/strong> y m\u00e1ximo de <strong>cuatro a\u00f1os<\/strong> desde la firma del contrato de alquiler o cesi\u00f3n.<\/li>\n<li>Las rentas pagadas durante el alquiler deber\u00e1n descontarse \u00edntegramente del precio final de compra de la vivienda.<\/li>\n<\/ul>\n<\/td>\n<\/tr>\n<\/tbody>\n<\/table>\n<p>El Plan Estatal de Vivienda 2026-2030 ampl\u00eda la ayuda prevista para <strong>impulsar el alquiler con opci\u00f3n a compra entre j\u00f3venes<\/strong>. La medida, que ya formaba parte de las propuestas incluidas en el borrador del nuevo plan, aparece ahora reforzada en el texto definitivo, tanto por el importe m\u00e1ximo de la ayuda como por el plazo para ejercer la compra.<\/p>\n<p>El objetivo es facilitar que las personas j\u00f3venes puedan acceder a la propiedad de una vivienda protegida permanente mediante una f\u00f3rmula intermedia: primero viven de alquiler y, pasado un tiempo, pueden comprar esa misma vivienda, descontando del precio final todo lo que ya hayan pagado en concepto de renta o cesi\u00f3n.<\/p>\n<h2>\u00bfQu\u00e9 es la ayuda al alquiler con opci\u00f3n a compra?<\/h2>\n<p>La ayuda incluida en <a href=\"https:\/\/www.fotocasa.es\/fotocasa-life\/sector\/el-gobierno-aprueba-el-plan-estatal-de-vivienda-2026-2030-como-te-afecta-si-eres-propietario-o-inquilino\/\">el Plan Estatal de Vivienda 2026-2030<\/a> est\u00e1 pensada para <strong>fomentar el acceso de las personas j\u00f3venes a la vivienda protegida permanente<\/strong> a trav\u00e9s de contratos de alquiler o cesi\u00f3n que incluyan una opci\u00f3n o derecho a compra.<\/p>\n","protected":false},"excerpt":{"rendered":"<p>El Plan Estatal de Vivienda 2026-2030 eleva las cuant\u00edas previstas para fomentar el alquiler con opci\u00f3n a compra de viviendas protegidas permanentes para j\u00f3venes y ampl\u00eda el plazo m\u00e1ximo para ejercer la compra<\/p>\n","protected":false},"author":284,"featured_media":102789,"comment_status":"open","ping_status":"closed","sticky":false,"template":"","format":"standard","meta":{"_lmt_disableupdate":"yes","_lmt_disable":"","footnotes":""},"categories":[11834],"tags":[1859,1065,3919,648,2302],"class_list":["post-102850","post","type-post","status-publish","format-standard","has-post-thumbnail","hentry","category-subvenciones","tag-alquiler","tag-alquiler-con-opcion-a-compra","tag-ayudas","tag-plan-estatal-de-vivienda","tag-vivienda"],"modified_by":"Joaqu\u00edn Hern\u00e1ndez","_links":{"self":[{"href":"https:\/\/www.fotocasa.es\/fotocasa-life\/wp-json\/wp\/v2\/posts\/102850","targetHints":{"allow":["GET"]}}],"collection":[{"href":"https:\/\/www.fotocasa.es\/fotocasa-life\/wp-json\/wp\/v2\/posts"}],"about":[{"href":"https:\/\/www.fotocasa.es\/fotocasa-life\/wp-json\/wp\/v2\/types\/post"}],"author":[{"embeddable":true,"href":"https:\/\/www.fotocasa.es\/fotocasa-life\/wp-json\/wp\/v2\/users\/284"}],"replies":[{"embeddable":true,"href":"https:\/\/www.fotocasa.es\/fotocasa-life\/wp-json\/wp\/v2\/comments?post=102850"}],"version-history":[{"count":0,"href":"https:\/\/www.fotocasa.es\/fotocasa-life\/wp-json\/wp\/v2\/posts\/102850\/revisions"}],"wp:featuredmedia":[{"embeddable":true,"href":"https:\/\/www.fotocasa.es\/fotocasa-life\/wp-json\/wp\/v2\/media\/102789"}],"wp:attachment":[{"href":"https:\/\/www.fotocasa.es\/fotocasa-life\/wp-json\/wp\/v2\/media?parent=102850"}],"wp:term":[{"taxonomy":"category","embeddable":true,"href":"https:\/\/www.fotocasa.es\/fotocasa-life\/wp-json\/wp\/v2\/categories?post=102850"},{"taxonomy":"post_tag","embeddable":true,"href":"https:\/\/www.fotocasa.es\/fotocasa-life\/wp-json\/wp\/v2\/tags?post=102850"}],"curies":[{"name":"wp","href":"https:\/\/api.w.org\/{rel}","templated":true}]}}