{"id":102838,"date":"2026-04-27T19:19:10","date_gmt":"2026-04-27T17:19:10","guid":{"rendered":"https:\/\/www.fotocasa.es\/fotocasa-life\/?p=102838"},"modified":"2026-04-27T16:48:54","modified_gmt":"2026-04-27T14:48:54","slug":"todas-las-medidas-del-gobierno-para-combatir-la-crisis-provocada-por-la-guerra-en-oriente-proximo","status":"publish","type":"post","link":"https:\/\/www.fotocasa.es\/fotocasa-life\/noticia\/todas-las-medidas-del-gobierno-para-combatir-la-crisis-provocada-por-la-guerra-en-oriente-proximo\/","title":{"rendered":"Todas las medidas del Gobierno para combatir la crisis provocada por la guerra en Oriente Pr\u00f3ximo"},"content":{"rendered":"<p>El Consejo de Ministros aprob\u00f3 el 20 de marzo, mediante un real decreto ley, un <strong>plan para combatir la crisis iniciada el pasado 28 de febrero como consecuencia de la operaci\u00f3n militar llevada a cabo por Estados Unidos e Israel contra Ir\u00e1n<\/strong>. El texto entr\u00f3 en vigor el 22 de marzo, el siguiente d\u00eda a su publicaci\u00f3n en el Bolet\u00edn Oficial del Estado (BOE).<\/p>\n<p>La guerra ha afectado a las bolsas, al tr\u00e1fico a\u00e9reo y al gas y al petr\u00f3leo. Esto ha provocado una gran volatilidad en los mercados energ\u00e9ticos y<strong> los precios de la energ\u00eda han aumentado<\/strong>, lo que ha provocado un incremento de la inflaci\u00f3n y el coste de la energ\u00eda para las familias y las empresas.<\/p>\n<p>Tras el Consejo de Ministros extraordinario, celebrado el pasado 20 de marzo, Pedro S\u00e1nchez \u00abdestac\u00f3 que las 80 medidas incluidas en el plan <strong>movilizan m\u00e1s de 5.000 millones de euros<\/strong> y benefician a los 20 millones de hogares y los 3 millones de empresas de Espa\u00f1a\u00bb, seg\u00fan un comunicado de La Moncloa. <strong>Estas medidas estar\u00e1n vigentes el tiempo necesario e, incluso, podr\u00edan ampliarse<\/strong>.<\/p>\n<p>El plan contiene medidas, por un lado, para hacer frente de forma inmediata a los efectos que la guerra est\u00e1 teniendo en las empresas y las familias y, por el otro, para impulsar las energ\u00edas renovables con el objetivo de reducir la dependencia de los combustibles f\u00f3siles.<\/p>\n<h2>Reducci\u00f3n de los impuestos de la luz y los carburantes<\/h2>\n<p>El plan incorpora varias medidas para hacer frente al incremento de los precios de la energ\u00eda provocados por la guerra y abaratar las <a href=\"https:\/\/www.fotocasa.es\/fotocasa-life\/hogar\/que-impuestos-suelen-incluir-las-facturas-de-suministros-de-agua-luz-gas-e-internet\/\"><strong>facturas de suministros<\/strong><\/a>:<\/p>\n<ul>\n<li>El IVA de los carburantes, la electricidad, el gas natural, las briquetas y los p\u00e9lets baja del 21 % al 10 %.<\/li>\n<li>El impuesto especial sobre la electricidad baja del 5 % al 0,5 %.<\/li>\n<li>El impuesto sobre el valor de la producci\u00f3n de energ\u00eda el\u00e9ctrica, que era del 7 %, se suspende temporalmente.<\/li>\n<\/ul>\n","protected":false},"excerpt":{"rendered":"<p>El Consejo de Ministros ha aprobado una serie de medidas para proteger a los ciudadanos y a las empresas de la crisis provocada por la guerra.<\/p>\n","protected":false},"author":226,"featured_media":102842,"comment_status":"open","ping_status":"closed","sticky":false,"template":"","format":"standard","meta":{"_lmt_disableupdate":"yes","_lmt_disable":"","footnotes":""},"categories":[5787],"tags":[4155,5444,14882,14883,13441,14884],"class_list":["post-102838","post","type-post","status-publish","format-standard","has-post-thumbnail","hentry","category-noticia","tag-crisis","tag-guerra","tag-guerra-iran","tag-medidas-del-gobierno","tag-noticia","tag-oriente-proximo"],"modified_by":"Javier Mezcua","_links":{"self":[{"href":"https:\/\/www.fotocasa.es\/fotocasa-life\/wp-json\/wp\/v2\/posts\/102838","targetHints":{"allow":["GET"]}}],"collection":[{"href":"https:\/\/www.fotocasa.es\/fotocasa-life\/wp-json\/wp\/v2\/posts"}],"about":[{"href":"https:\/\/www.fotocasa.es\/fotocasa-life\/wp-json\/wp\/v2\/types\/post"}],"author":[{"embeddable":true,"href":"https:\/\/www.fotocasa.es\/fotocasa-life\/wp-json\/wp\/v2\/users\/226"}],"replies":[{"embeddable":true,"href":"https:\/\/www.fotocasa.es\/fotocasa-life\/wp-json\/wp\/v2\/comments?post=102838"}],"version-history":[{"count":0,"href":"https:\/\/www.fotocasa.es\/fotocasa-life\/wp-json\/wp\/v2\/posts\/102838\/revisions"}],"wp:featuredmedia":[{"embeddable":true,"href":"https:\/\/www.fotocasa.es\/fotocasa-life\/wp-json\/wp\/v2\/media\/102842"}],"wp:attachment":[{"href":"https:\/\/www.fotocasa.es\/fotocasa-life\/wp-json\/wp\/v2\/media?parent=102838"}],"wp:term":[{"taxonomy":"category","embeddable":true,"href":"https:\/\/www.fotocasa.es\/fotocasa-life\/wp-json\/wp\/v2\/categories?post=102838"},{"taxonomy":"post_tag","embeddable":true,"href":"https:\/\/www.fotocasa.es\/fotocasa-life\/wp-json\/wp\/v2\/tags?post=102838"}],"curies":[{"name":"wp","href":"https:\/\/api.w.org\/{rel}","templated":true}]}}