{"id":102829,"date":"2026-04-27T15:16:44","date_gmt":"2026-04-27T13:16:44","guid":{"rendered":"https:\/\/www.fotocasa.es\/fotocasa-life\/?p=102829"},"modified":"2026-04-27T14:30:02","modified_gmt":"2026-04-27T12:30:02","slug":"menos-familias-logran-tener-vivienda-propia-mientras-aumenta-la-concentracion-en-manos-de-los-propietarios","status":"publish","type":"post","link":"https:\/\/www.fotocasa.es\/fotocasa-life\/noticia\/menos-familias-logran-tener-vivienda-propia-mientras-aumenta-la-concentracion-en-manos-de-los-propietarios\/","title":{"rendered":"Menos familias logran tener vivienda propia mientras aumenta la concentraci\u00f3n en manos de los propietarios"},"content":{"rendered":"<p>Cada vez hay menos familias que pueden comprar una vivienda; sin embargo, <strong>los hogares que ya tienen patrimonio acumulan cada vez m\u00e1s inmuebles<\/strong>, seg\u00fan concluye el informe<em>\u00a0El problema de la concentraci\u00f3n inmobiliaria en Espa\u00f1a<\/em>, elaborado por el Ministerio de Consumo junto con el Instituto de Filosof\u00eda del Consejo Superior de Investigaciones Cient\u00edficas (IFS-CSIC).<\/p>\n<h2>\u00bfC\u00f3mo ha cambiado la distribuci\u00f3n de la vivienda?<\/h2>\n<p>De acuerdo con el informe, <strong>el mapa de los propietarios ha cambiado considerablemente desde 2008<\/strong>. Entre ese a\u00f1o y 2022, las familias que viven en una casa de su propiedad han descendido desde el 79 % al 63,9 %, lo que supone una ca\u00edda de m\u00e1s de 15 puntos porcentuales.<\/p>\n<p>Al mismo tiempo, los hogares que residen en <a href=\"https:\/\/www.fotocasa.es\/fotocasa-life\/quiero-alquilar-un-piso\/\"><strong>un piso de alquiler<\/strong><\/a> han subido del 11,9 % al 19,2 % y las familias que tienen viviendas y se las alquilan a otras personas se han triplicado (su n\u00famero se ha incrementado del 3,4 % al 9,8 %). Esto significa que \u00ab<strong>menos propietarios se reparten m\u00e1s viviendas<\/strong>\u00ab, tal y como explica Europa Press.<\/p>\n<p>En 2008, la mitad de los propietarios (53,9 %) dispon\u00eda de una sola vivienda y el 46,1 % ten\u00eda dos o m\u00e1s inmuebles. En 2025, las mayor\u00edas cambiaron: <strong>el 48,3 % de los propietarios ten\u00eda solo una vivienda, mientras que el 51,7 % pose\u00eda m\u00e1s de una<\/strong>.<\/p>\n","protected":false},"excerpt":{"rendered":"<p>Aumentan las personas que no pueden acceder a una vivienda en propiedad, seg\u00fan un informe del Ministerio de Consumo.<\/p>\n","protected":false},"author":226,"featured_media":102831,"comment_status":"open","ping_status":"closed","sticky":false,"template":"","format":"standard","meta":{"_lmt_disableupdate":"yes","_lmt_disable":"","footnotes":""},"categories":[5787],"tags":[2184,3153,4386,13441,2302],"class_list":["post-102829","post","type-post","status-publish","format-standard","has-post-thumbnail","hentry","category-noticia","tag-comprar","tag-comprar-casa","tag-grandes-tenedores","tag-noticia","tag-vivienda"],"modified_by":"Javier Mezcua","_links":{"self":[{"href":"https:\/\/www.fotocasa.es\/fotocasa-life\/wp-json\/wp\/v2\/posts\/102829","targetHints":{"allow":["GET"]}}],"collection":[{"href":"https:\/\/www.fotocasa.es\/fotocasa-life\/wp-json\/wp\/v2\/posts"}],"about":[{"href":"https:\/\/www.fotocasa.es\/fotocasa-life\/wp-json\/wp\/v2\/types\/post"}],"author":[{"embeddable":true,"href":"https:\/\/www.fotocasa.es\/fotocasa-life\/wp-json\/wp\/v2\/users\/226"}],"replies":[{"embeddable":true,"href":"https:\/\/www.fotocasa.es\/fotocasa-life\/wp-json\/wp\/v2\/comments?post=102829"}],"version-history":[{"count":0,"href":"https:\/\/www.fotocasa.es\/fotocasa-life\/wp-json\/wp\/v2\/posts\/102829\/revisions"}],"wp:featuredmedia":[{"embeddable":true,"href":"https:\/\/www.fotocasa.es\/fotocasa-life\/wp-json\/wp\/v2\/media\/102831"}],"wp:attachment":[{"href":"https:\/\/www.fotocasa.es\/fotocasa-life\/wp-json\/wp\/v2\/media?parent=102829"}],"wp:term":[{"taxonomy":"category","embeddable":true,"href":"https:\/\/www.fotocasa.es\/fotocasa-life\/wp-json\/wp\/v2\/categories?post=102829"},{"taxonomy":"post_tag","embeddable":true,"href":"https:\/\/www.fotocasa.es\/fotocasa-life\/wp-json\/wp\/v2\/tags?post=102829"}],"curies":[{"name":"wp","href":"https:\/\/api.w.org\/{rel}","templated":true}]}}