{"id":102808,"date":"2026-04-28T09:00:57","date_gmt":"2026-04-28T07:00:57","guid":{"rendered":"https:\/\/www.fotocasa.es\/fotocasa-life\/?p=102808"},"modified":"2026-04-28T09:00:57","modified_gmt":"2026-04-28T07:00:57","slug":"carte-espagne-prix-immobilier-securite-services","status":"publish","type":"post","link":"https:\/\/www.fotocasa.es\/fotocasa-life\/acheter\/carte-espagne-prix-immobilier-securite-services\/?lang=fr","title":{"rendered":"Carte de l\u2019Espagne : prix de l\u2019immobilier, s\u00e9curit\u00e9 et services en 2026"},"content":{"rendered":"<table class=\"table table-striped table-color-500\">\n<tbody>\n<tr>\n<td>\n<ul>\n<li><strong>Le prix du logement en Espagne atteint 3 013 \u20ac\/m\u00b2<\/strong> en mars 2026, ce qui porte le co\u00fbt d\u2019un <strong>appartement moyen de 80 m\u00b2 \u00e0 241 040 \u20ac<\/strong> (Source : Indice Immobilier Fotocasa).<\/li>\n<li>Les provinces de <strong>Teruel, C\u00e1ceres et Lugo affichent les taux de criminalit\u00e9 les plus bas du pays<\/strong>, avec une moyenne de <strong>21 infractions pour 1 000 habitants<\/strong> (Source : Bilan de Criminalit\u00e9 du Minist\u00e8re de l\u2019Int\u00e9rieur, ann\u00e9e 2025).<\/li>\n<li>La <strong>demande \u00e9trang\u00e8re repr\u00e9sente 13,52 % des achats totaux<\/strong>, se concentrant particuli\u00e8rement \u00e0 Alicante, o\u00f9 pr\u00e8s de la moiti\u00e9 des transactions (<strong>42,9 %<\/strong>) sont internationales (Source : Statistique Registrale Immobili\u00e8re T4 2025).<\/li>\n<\/ul>\n<\/td>\n<\/tr>\n<\/tbody>\n<\/table>\n<p data-path-to-node=\"3\">Quel est le meilleur endroit pour vivre en Espagne ? Nous avons analys\u00e9 la carte de l\u2019Espagne en croisant les derni\u00e8res donn\u00e9es de criminalit\u00e9, de transport et de prix du march\u00e9 afin d\u2019identifier les <strong>v\u00e9ritables refuges immobiliers de cette ann\u00e9e.<\/strong><\/p>\n<p data-path-to-node=\"3\">Des plages r\u00e9compens\u00e9es par l\u2019IA aux destinations les mieux connect\u00e9es par avion : voici tout ce que vous devez savoir avant de choisir votre prochaine destination.<\/p>\n<p data-path-to-node=\"6\"><strong>Saviez-vous qu\u2019il existe des provinces o\u00f9 vous pouvez acheter quatre logements pour le prix d\u2019un seul aux Bal\u00e9ares, tout en conservant une connectivit\u00e9 de premier niveau ?<\/strong><\/p>\n<h2 data-path-to-node=\"18\">Comment la carte de l\u2019Espagne est-elle divis\u00e9e par communaut\u00e9s et provinces en 2026 ?<\/h2>\n<p><iframe id=\"datawrapper-chart-1hkO4\" style=\"width: 0; min-width: 100% !important; border: none;\" title=\"Les provinces d'Espagne\" src=\"https:\/\/datawrapper.dwcdn.net\/1hkO4\/1\/\" height=\"771\" frameborder=\"0\" scrolling=\"no\" aria-label=\"Carte choropl\u00e8the\" data-external=\"1\"><\/iframe><script type=\"text\/javascript\">window.addEventListener(\"message\",function(a){if(void 0!==a.data[\"datawrapper-height\"]){var e=document.querySelectorAll(\"iframe\");for(var t in a.data[\"datawrapper-height\"])for(var r,i=0;r=e[i];i++)if(r.contentWindow===a.source){var d=a.data[\"datawrapper-height\"][t]+\"px\";r.style.height=d}}});<\/script><\/p>\n<p id=\"tw-target-text\" class=\"tw-data-text tw-text-large tw-ta\" dir=\"ltr\" tabindex=\"-1\" role=\"text\" data-placeholder=\"Traducci\u00f3n\" data-ved=\"2ahUKEwjx5_D9uI6UAxWdVaQEHSxXLw0Q3ewLegQIDBAV\" aria-label=\"Texto traducido: Carte des provinces d'Espagne \u2013 Fotocasa -\"><em><span class=\"Y2IQFc\" lang=\"fr\">Carte des provinces d&#8217;Espagne \u2013 Fotocasa<\/span><\/em><\/p>\n<p data-path-to-node=\"19\">L\u2019Espagne est organis\u00e9e territorialement en <b data-path-to-node=\"19\" data-index-in-node=\"39\">17 communaut\u00e9s autonomes, deux villes autonomes (Ceuta et Melilla) et un total de 50 provinces<\/b>. Cette structure entra\u00eene de fortes diff\u00e9rences de mode de vie : du dynamisme de <b data-path-to-node=\"2,0\" data-index-in-node=\"221\">Madrid, en tant que capitale et centre n\u00e9vralgique<\/b>, au poids \u00e9conomique de m\u00e9tropoles comme <b data-path-to-node=\"2,0\" data-index-in-node=\"302\">Barcelona<\/b>, jusqu\u2019\u00e0 l\u2019attrait international des <b data-path-to-node=\"2,0\" data-index-in-node=\"353\">archipels des Bal\u00e9ares et des Canaries<\/b>. Il existe \u00e9galement d\u2019importantes variations dans <a href=\"https:\/\/www.fotocasa.es\/fotocasa-life\/acheter\/combien-coute-lachat-dune-maison-en-espagne\/?lang=fr\">les prix de l\u2019immobilier<\/a>.<\/p>\n<p data-path-to-node=\"19\">Pour comprendre la carte espagnole, il faut savoir qu\u2019il s\u2019agit d\u2019un pays marqu\u00e9 par la diversit\u00e9 et l\u2019autonomie : chaque communaut\u00e9 autonome dispose de ses propres <b data-path-to-node=\"2,1\" data-index-in-node=\"133\">comp\u00e9tences dans des domaines cl\u00e9s tels que le logement, la sant\u00e9 ou l\u2019\u00e9ducation<\/b>, ce qui influence directement les imp\u00f4ts et les d\u00e9marches juridiques dans chaque r\u00e9gion. Cette richesse se refl\u00e8te \u00e9galement dans sa diversit\u00e9 culturelle et linguistique, avec plusieurs r\u00e9gions o\u00f9 le <b data-path-to-node=\"2,1\" data-index-in-node=\"378\">castillan coexiste avec des langues coofficielles<\/b> (catalan, valencien, galicien ou basque), un facteur qui conf\u00e8re \u00e0 chaque territoire une identit\u00e9 unique.<\/p>\n<h3 data-path-to-node=\"22\">Carte du nord de l\u2019Espagne : climat oc\u00e9anique et stabilit\u00e9<\/h3>\n<p data-path-to-node=\"23\">Dans la fa\u00e7ade cantabrique et le nord-ouest, la carte se caract\u00e9rise par un climat oc\u00e9anique, avec des temp\u00e9ratures douces et des pr\u00e9cipitations r\u00e9guli\u00e8res. Des provinces comme <b data-path-to-node=\"23\" data-index-in-node=\"162\">Lugo (21,7 infractions\/1 000 habitants)<\/b> ou <b data-path-to-node=\"23\" data-index-in-node=\"194\">Ourense<\/b> offrent non seulement des paysages verdoyants, mais figurent aussi parmi les zones les plus s\u00fbres du pays selon les bilans de criminalit\u00e9 de 2025.<\/p>\n<h3 data-path-to-node=\"24\">Carte du sud de l\u2019Espagne : soleil et dynamisme<\/h3>\n<p data-path-to-node=\"25\">Vers le sud, le climat m\u00e9diterran\u00e9en et subtropical (dans les zones c\u00f4ti\u00e8res) stimule une activit\u00e9 immobili\u00e8re intense. Des provinces comme <b data-path-to-node=\"25\" data-index-in-node=\"136\">M\u00e1laga<\/b> ou <b data-path-to-node=\"25\" data-index-in-node=\"145\">C\u00e1diz<\/b> combinent une forte connectivit\u00e9 avec un mode de vie tourn\u00e9 vers l\u2019ext\u00e9rieur, bien que les prix refl\u00e8tent cette forte demande.<\/p>\n<h2 data-path-to-node=\"26\">Combien co\u00fbte l\u2019achat d\u2019un logement dans chaque province d\u2019Espagne en mars 2026 ?<\/h2>\n<p><iframe id=\"datawrapper-chart-pMX13\" style=\"width: 0; min-width: 100% !important; border: none;\" title=\"Combien co\u00fbte l'achat d'une maison en Espagne\u00a0?\" src=\"https:\/\/datawrapper.dwcdn.net\/pMX13\/1\/\" height=\"653\" frameborder=\"0\" scrolling=\"no\" aria-label=\"Mapa coropl\u00e9tico\" data-external=\"1\"><\/iframe><script type=\"text\/javascript\">window.addEventListener(\"message\",function(a){if(void 0!==a.data[\"datawrapper-height\"]){var e=document.querySelectorAll(\"iframe\");for(var t in a.data[\"datawrapper-height\"])for(var r,i=0;r=e[i];i++)if(r.contentWindow===a.source){var d=a.data[\"datawrapper-height\"][t]+\"px\";r.style.height=d}}});<\/script><\/p>\n<p id=\"tw-target-text\" class=\"tw-data-text tw-text-large tw-ta\" dir=\"ltr\" tabindex=\"-1\" role=\"text\" data-placeholder=\"Traducci\u00f3n\" data-ved=\"2ahUKEwjx5_D9uI6UAxWdVaQEHSxXLw0Q3ewLegQIDBAV\" aria-label=\"Texto traducido: Carte des prix de l'immobilier en Espagne \u2013 Fotocasa\n\n-\"><em><span class=\"Y2IQFc\" lang=\"fr\">Carte des prix de l&#8217;immobilier en Espagne \u2013 Fotocasa<\/span><\/em><\/p>\n<p data-path-to-node=\"27\"><a href=\"https:\/\/www.fotocasa.es\/fotocasa-life\/acheter\/acheter-maison-en-espagne-etranger-non-resident\/?lang=fr\">Acheter un logement en Espagne<\/a> co\u00fbte en moyenne <b data-path-to-node=\"27\" data-index-in-node=\"77\">3 013 \u20ac\/m\u00b2 en mars 2026<\/b>, selon les donn\u00e9es de l\u2019Indice Immobilier Fotocasa. Cependant, <strong>les prix varient \u00e9norm\u00e9ment selon les zones<\/strong>. Comme on le voit sur la carte, acheter dans le centre de Madrid n\u2019a rien \u00e0 voir avec un achat dans l\u2019int\u00e9rieur de la Castille-La Manche.<\/p>\n<p data-path-to-node=\"27\"><strong>CARTE<\/strong><\/p>\n<p data-path-to-node=\"5\">Pour vous donner une id\u00e9e concr\u00e8te, nous avons calcul\u00e9 <strong>le prix d\u2019un appartement standard de 80 m\u00b2<\/strong> aux deux extr\u00eames du march\u00e9 : les provinces les plus ch\u00e8res et les plus abordables.<\/p>\n<p data-path-to-node=\"6\">De mani\u00e8re g\u00e9n\u00e9rale, le march\u00e9 espagnol fonctionne \u00e0 deux vitesses tr\u00e8s marqu\u00e9es. Les <b data-path-to-node=\"6\" data-index-in-node=\"89\">zones les plus ch\u00e8res<\/b> se concentrent dans les <strong>archipels, Madrid, Barcelona et le Pays basque<\/strong>, o\u00f9 la pression touristique et la raret\u00e9 de l\u2019offre font grimper les prix. \u00c0 l\u2019inverse, les <b data-path-to-node=\"6\" data-index-in-node=\"272\">zones les plus abordables<\/b> se situent g\u00e9n\u00e9ralement dans <strong>l\u2019int\u00e9rieur de la p\u00e9ninsule<\/strong>, dans des provinces comme Ja\u00e9n ou Ciudad Real, o\u00f9 il est possible d\u2019acc\u00e9der \u00e0 un logement avec un investissement bien plus faible sans renoncer \u00e0 une bonne qualit\u00e9 de vie.<\/p>\n<h3>Les 5 provinces les plus ch\u00e8res pour acheter un logement en Espagne en mars 2026 (donn\u00e9es Fotocasa)<\/h3>\n<table class=\"table table-striped table-color-100\">\n<tbody>\n<tr>\n<th>Province<\/th>\n<th>Prix m\u00b2<\/th>\n<th>Appartement 80 m\u00b2<\/th>\n<\/tr>\n<tr>\n<td style=\"padding: 10px; border: 1px solid #dddddd;\"><strong>Illes Balears<\/strong><\/td>\n<td style=\"padding: 10px; text-align: center; border: 1px solid #dddddd;\">5 395 \u20ac\/m\u00b2<\/td>\n<td style=\"padding: 10px; text-align: center; border: 1px solid #dddddd;\">431 574 \u20ac<\/td>\n<\/tr>\n<tr>\n<td style=\"padding: 10px; border: 1px solid #dddddd;\"><strong>Madrid<\/strong><\/td>\n<td style=\"padding: 10px; text-align: center; border: 1px solid #dddddd;\">5 372 \u20ac\/m\u00b2<\/td>\n<td style=\"padding: 10px; text-align: center; border: 1px solid #dddddd;\">429 791 \u20ac<\/td>\n<\/tr>\n<tr>\n<td style=\"padding: 10px; border: 1px solid #dddddd;\"><strong>M\u00e1laga<\/strong><\/td>\n<td style=\"padding: 10px; text-align: center; border: 1px solid #dddddd;\">4 490 \u20ac\/m\u00b2<\/td>\n<td style=\"padding: 10px; text-align: center; border: 1px solid #dddddd;\">359 218 \u20ac<\/td>\n<\/tr>\n<tr>\n<td style=\"padding: 10px; border: 1px solid #dddddd;\"><strong>Gipuzkoa<\/strong><\/td>\n<td style=\"padding: 10px; text-align: center; border: 1px solid #dddddd;\">4 458 \u20ac\/m\u00b2<\/td>\n<td style=\"padding: 10px; text-align: center; border: 1px solid #dddddd;\">356 658 \u20ac<\/td>\n<\/tr>\n<tr>\n<td style=\"padding: 10px; border: 1px solid #dddddd;\"><strong>Santa Cruz de Tenerife<\/strong><\/td>\n<td style=\"padding: 10px; text-align: center; border: 1px solid #dddddd;\">3 725 \u20ac\/m\u00b2<\/td>\n<td style=\"padding: 10px; text-align: center; border: 1px solid #dddddd;\">298 033 \u20ac<\/td>\n<\/tr>\n<\/tbody>\n<\/table>\n<p><em>Source : Indice Immobilier Fotocasa. Prix pour mars 2026.<\/em><\/p>\n<h3>Les 5 provinces les moins ch\u00e8res pour acheter un logement en Espagne en mars 2026 (donn\u00e9es Fotocasa)<\/h3>\n<table class=\"table table-striped table-color-100\">\n<tbody>\n<tr>\n<th>Province<\/th>\n<th>Prix m\u00b2<\/th>\n<th>Appartement 80 m\u00b2<\/th>\n<\/tr>\n<tr>\n<td style=\"padding: 10px; border: 1px solid #dddddd;\"><strong>Ja\u00e9n<\/strong><\/td>\n<td style=\"padding: 10px; text-align: center; border: 1px solid #dddddd;\">1 071 \u20ac\/m\u00b2<\/td>\n<td style=\"padding: 10px; text-align: center; border: 1px solid #dddddd;\">85 712 \u20ac<\/td>\n<\/tr>\n<tr>\n<td style=\"padding: 10px; border: 1px solid #dddddd;\"><strong>Ciudad Real<\/strong><\/td>\n<td style=\"padding: 10px; text-align: center; border: 1px solid #dddddd;\">1 077 \u20ac\/m\u00b2<\/td>\n<td style=\"padding: 10px; text-align: center; border: 1px solid #dddddd;\">86 166 \u20ac<\/td>\n<\/tr>\n<tr>\n<td style=\"padding: 10px; border: 1px solid #dddddd;\"><strong>Teruel<\/strong><\/td>\n<td style=\"padding: 10px; text-align: center; border: 1px solid #dddddd;\">1 132 \u20ac\/m\u00b2<\/td>\n<td style=\"padding: 10px; text-align: center; border: 1px solid #dddddd;\">90 564 \u20ac<\/td>\n<\/tr>\n<tr>\n<td style=\"padding: 10px; border: 1px solid #dddddd;\"><strong>Zamora<\/strong><\/td>\n<td style=\"padding: 10px; text-align: center; border: 1px solid #dddddd;\">1 213 \u20ac\/m\u00b2<\/td>\n<td style=\"padding: 10px; text-align: center; border: 1px solid #dddddd;\">97 069 \u20ac<\/td>\n<\/tr>\n<tr>\n<td style=\"padding: 10px; border: 1px solid #dddddd;\"><strong>Toledo<\/strong><\/td>\n<td style=\"padding: 10px; text-align: center; border: 1px solid #dddddd;\">1 249 \u20ac\/m\u00b2<\/td>\n<td style=\"padding: 10px; text-align: center; border: 1px solid #dddddd;\">99 938 \u20ac<\/td>\n<\/tr>\n<\/tbody>\n<\/table>\n<p><em>Source : Indice Immobilier Fotocasa. Prix pour mars 2026.<\/em><\/p>\n<h2>Carte des plages en Espagne : quelles sont les meilleures plages selon l\u2019IA ?<\/h2>\n<div id=\"attachment_102716\" style=\"width: 1034px\" class=\"wp-caption aligncenter\"><img loading=\"lazy\" decoding=\"async\" aria-describedby=\"caption-attachment-102716\" class=\"wp-image-102716 size-large\" src=\"https:\/\/www.fotocasa.es\/fotocasa-life\/wp-content\/uploads\/2026\/04\/GettyImages-2161792429-1-1024x759.jpg\" alt=\"carte des c\u00f4tes espagnoles\" width=\"1024\" height=\"759\" title=\"-\" srcset=\"https:\/\/www.fotocasa.es\/fotocasa-life\/wp-content\/uploads\/2026\/04\/GettyImages-2161792429-1-1024x759.jpg 1024w, https:\/\/www.fotocasa.es\/fotocasa-life\/wp-content\/uploads\/2026\/04\/GettyImages-2161792429-1-300x222.jpg 300w, https:\/\/www.fotocasa.es\/fotocasa-life\/wp-content\/uploads\/2026\/04\/GettyImages-2161792429-1-150x111.jpg 150w, https:\/\/www.fotocasa.es\/fotocasa-life\/wp-content\/uploads\/2026\/04\/GettyImages-2161792429-1-768x569.jpg 768w, https:\/\/www.fotocasa.es\/fotocasa-life\/wp-content\/uploads\/2026\/04\/GettyImages-2161792429-1-1536x1139.jpg 1536w, https:\/\/www.fotocasa.es\/fotocasa-life\/wp-content\/uploads\/2026\/04\/GettyImages-2161792429-1-2048x1519.jpg 2048w\" sizes=\"auto, (max-width: 1024px) 100vw, 1024px\" \/><p id=\"caption-attachment-102716\" class=\"wp-caption-text\">Carte des c\u00f4tes espagnoles &#8211; Getty Images<\/p><\/div>\n<p data-path-to-node=\"32\">La <b data-path-to-node=\"2\" data-index-in-node=\"31\">Playa de Ses Illetes<\/b>, \u00e0 Formentera, est la meilleure plage d\u2019Espagne en 2026 selon l\u2019IA ChatGPT. Elle se distingue par ses eaux turquoise et son sable blanc qui n\u2019ont rien \u00e0 envier aux Cara\u00efbes. Elle est suivie par la <b data-path-to-node=\"2\" data-index-in-node=\"229\">Playa de Bolonia<\/b> \u00e0 C\u00e1diz, c\u00e9l\u00e8bre pour sa dune sauvage et ses ruines romaines, et par la <b data-path-to-node=\"2\" data-index-in-node=\"306\">Playa de las Catedrales<\/b> \u00e0 Lugo, un monument naturel form\u00e9 d\u2019arcs rocheux qui n\u2019appara\u00eet qu\u2019\u00e0 mar\u00e9e basse.<\/p>\n<p data-path-to-node=\"3\">L\u2019Espagne poss\u00e8de <strong>l\u2019une des g\u00e9ographies c\u00f4ti\u00e8res les plus enviables au monde avec pr\u00e8s de 8 000 km de littoral,<\/strong> r\u00e9partis en quatre grandes zones :<\/p>\n<ul>\n<li>\n<p data-path-to-node=\"4,0,0\"><b data-path-to-node=\"4,0,0\" data-index-in-node=\"0\">C\u00f4te cantabrique :<\/b> paysages verdoyants et falaises (Nord).<\/p>\n<\/li>\n<li>\n<p data-path-to-node=\"4,1,0\"><b data-path-to-node=\"4,1,0\" data-index-in-node=\"0\">C\u00f4te atlantique :<\/b> plages sauvages et dunes (Galice et C\u00e1diz).<\/p>\n<\/li>\n<li>\n<p data-path-to-node=\"4,2,0\"><b data-path-to-node=\"4,2,0\" data-index-in-node=\"0\">C\u00f4te m\u00e9diterran\u00e9enne :<\/b> criques rocheuses et grandes plages de sable (Est et Sud).<\/p>\n<\/li>\n<li>\n<p data-path-to-node=\"4,3,0\"><b data-path-to-node=\"4,3,0\" data-index-in-node=\"0\">Archipels :<\/b> paradis volcaniques (Canaries) et eaux cristallines (Bal\u00e9ares).<\/p>\n<\/li>\n<\/ul>\n<h3 data-path-to-node=\"5\"><b data-path-to-node=\"5\" data-index-in-node=\"0\">Classement : les 20 meilleures plages d\u2019Espagne en 2026 selon l\u2019IA<\/b><\/h3>\n<table class=\"table table-striped table-color-200\">\n<tbody>\n<tr>\n<th>Classement<\/th>\n<th>Plage<\/th>\n<th style=\"padding: 12px; text-align: center; border: 1px solid #dddddd;\">Province<\/th>\n<\/tr>\n<tr>\n<td style=\"padding: 8px; border: 1px solid #dddddd;\">1er<\/td>\n<td style=\"padding: 8px; border: 1px solid #dddddd;\"><strong>Playa de Ses Illetes<\/strong><\/td>\n<td style=\"padding: 8px; text-align: center; border: 1px solid #dddddd;\">Illes Balears<\/td>\n<\/tr>\n<tr>\n<td style=\"padding: 8px; border: 1px solid #dddddd;\">2e<\/td>\n<td style=\"padding: 8px; border: 1px solid #dddddd;\"><strong>Playa de Bolonia<\/strong><\/td>\n<td style=\"padding: 8px; text-align: center; border: 1px solid #dddddd;\">C\u00e1diz<\/td>\n<\/tr>\n<tr>\n<td style=\"padding: 8px; border: 1px solid #dddddd;\">3e<\/td>\n<td style=\"padding: 8px; border: 1px solid #dddddd;\"><strong>Playa de las Catedrales<\/strong><\/td>\n<td style=\"padding: 8px; text-align: center; border: 1px solid #dddddd;\">Lugo<\/td>\n<\/tr>\n<tr>\n<td style=\"padding: 8px; border: 1px solid #dddddd;\">4e<\/td>\n<td style=\"padding: 8px; border: 1px solid #dddddd;\">Cala Macarella<\/td>\n<td style=\"padding: 8px; text-align: center; border: 1px solid #dddddd;\">Illes Balears<\/td>\n<\/tr>\n<tr>\n<td style=\"padding: 8px; border: 1px solid #dddddd;\">5e<\/td>\n<td style=\"padding: 8px; border: 1px solid #dddddd;\">Playa de Rodas<\/td>\n<td style=\"padding: 8px; text-align: center; border: 1px solid #dddddd;\">Pontevedra<\/td>\n<\/tr>\n<tr>\n<td style=\"padding: 8px; border: 1px solid #dddddd;\">6e<\/td>\n<td style=\"padding: 8px; border: 1px solid #dddddd;\">Cala Comte<\/td>\n<td style=\"padding: 8px; text-align: center; border: 1px solid #dddddd;\">Illes Balears<\/td>\n<\/tr>\n<tr>\n<td style=\"padding: 8px; border: 1px solid #dddddd;\">7e<\/td>\n<td style=\"padding: 8px; border: 1px solid #dddddd;\">Playa de Cofete<\/td>\n<td style=\"padding: 8px; text-align: center; border: 1px solid #dddddd;\">Las Palmas<\/td>\n<\/tr>\n<tr>\n<td style=\"padding: 8px; border: 1px solid #dddddd;\">8e<\/td>\n<td style=\"padding: 8px; border: 1px solid #dddddd;\">Playa de la Concha<\/td>\n<td style=\"padding: 8px; text-align: center; border: 1px solid #dddddd;\">Guip\u00fazcoa<\/td>\n<\/tr>\n<tr>\n<td style=\"padding: 8px; border: 1px solid #dddddd;\">9e<\/td>\n<td style=\"padding: 8px; border: 1px solid #dddddd;\">Cala Mitjana<\/td>\n<td style=\"padding: 8px; text-align: center; border: 1px solid #dddddd;\">Illes Balears<\/td>\n<\/tr>\n<tr>\n<td style=\"padding: 8px; border: 1px solid #dddddd;\">10e<\/td>\n<td style=\"padding: 8px; border: 1px solid #dddddd;\">Playa de Muro<\/td>\n<td style=\"padding: 8px; text-align: center; border: 1px solid #dddddd;\">Illes Balears<\/td>\n<\/tr>\n<tr>\n<td style=\"padding: 8px; border: 1px solid #dddddd;\">11e<\/td>\n<td style=\"padding: 8px; border: 1px solid #dddddd;\">Cala Sa Boadella<\/td>\n<td style=\"padding: 8px; text-align: center; border: 1px solid #dddddd;\">Girona<\/td>\n<\/tr>\n<tr>\n<td style=\"padding: 8px; border: 1px solid #dddddd;\">12e<\/td>\n<td style=\"padding: 8px; border: 1px solid #dddddd;\">Playa de los Genoveses<\/td>\n<td style=\"padding: 8px; text-align: center; border: 1px solid #dddddd;\">Almer\u00eda<\/td>\n<\/tr>\n<tr>\n<td style=\"padding: 8px; border: 1px solid #dddddd;\">13e<\/td>\n<td style=\"padding: 8px; border: 1px solid #dddddd;\">Cala Saladeta<\/td>\n<td style=\"padding: 8px; text-align: center; border: 1px solid #dddddd;\">Illes Balears<\/td>\n<\/tr>\n<tr>\n<td style=\"padding: 8px; border: 1px solid #dddddd;\">14e<\/td>\n<td style=\"padding: 8px; border: 1px solid #dddddd;\">Playa de Papagayo<\/td>\n<td style=\"padding: 8px; text-align: center; border: 1px solid #dddddd;\">Las Palmas<\/td>\n<\/tr>\n<tr>\n<td style=\"padding: 8px; border: 1px solid #dddddd;\">15e<\/td>\n<td style=\"padding: 8px; border: 1px solid #dddddd;\">Cala Aiguablava<\/td>\n<td style=\"padding: 8px; text-align: center; border: 1px solid #dddddd;\">Girona<\/td>\n<\/tr>\n<tr>\n<td style=\"padding: 8px; border: 1px solid #dddddd;\">16e<\/td>\n<td style=\"padding: 8px; border: 1px solid #dddddd;\">Zahara de los Atunes<\/td>\n<td style=\"padding: 8px; text-align: center; border: 1px solid #dddddd;\">C\u00e1diz<\/td>\n<\/tr>\n<tr>\n<td style=\"padding: 8px; border: 1px solid #dddddd;\">17e<\/td>\n<td style=\"padding: 8px; border: 1px solid #dddddd;\">Cala Pola<\/td>\n<td style=\"padding: 8px; text-align: center; border: 1px solid #dddddd;\">Girona<\/td>\n<\/tr>\n<tr>\n<td style=\"padding: 8px; border: 1px solid #dddddd;\">18e<\/td>\n<td style=\"padding: 8px; border: 1px solid #dddddd;\">Playa de Oyambre<\/td>\n<td style=\"padding: 8px; text-align: center; border: 1px solid #dddddd;\">Cantabria<\/td>\n<\/tr>\n<tr>\n<td style=\"padding: 8px; border: 1px solid #dddddd;\">19e<\/td>\n<td style=\"padding: 8px; border: 1px solid #dddddd;\">Cala Pregonda<\/td>\n<td style=\"padding: 8px; text-align: center; border: 1px solid #dddddd;\">Illes Balears<\/td>\n<\/tr>\n<tr>\n<td style=\"padding: 8px; border: 1px solid #dddddd;\">20e<\/td>\n<td style=\"padding: 8px; border: 1px solid #dddddd;\">Maspalomas<\/td>\n<td style=\"padding: 8px; text-align: center; border: 1px solid #dddddd;\">Las Palmas<\/td>\n<\/tr>\n<\/tbody>\n<\/table>\n<p data-path-to-node=\"32\"><em>Source : ChatGPT. Donn\u00e9es consult\u00e9es en avril 2026.<\/em><\/p>\n<h2 data-path-to-node=\"32\">La carte de la tranquillit\u00e9 en Espagne : quelles sont les provinces les plus s\u00fbres pour vivre ?<\/h2>\n<p><iframe id=\"datawrapper-chart-n5WNg\" style=\"width: 0; min-width: 100% !important; border: none;\" title=\"Les provinces les plus s\u00fbres d'Espagne\" src=\"https:\/\/datawrapper.dwcdn.net\/n5WNg\/1\/\" height=\"642\" frameborder=\"0\" scrolling=\"no\" aria-label=\"Carte choropl\u00e8the\" data-external=\"1\"><\/iframe><script type=\"text\/javascript\">window.addEventListener(\"message\",function(a){if(void 0!==a.data[\"datawrapper-height\"]){var e=document.querySelectorAll(\"iframe\");for(var t in a.data[\"datawrapper-height\"])for(var r,i=0;r=e[i];i++)if(r.contentWindow===a.source){var d=a.data[\"datawrapper-height\"][t]+\"px\";r.style.height=d}}});<\/script><\/p>\n<p id=\"tw-target-text\" class=\"tw-data-text tw-text-large tw-ta\" dir=\"ltr\" tabindex=\"-1\" role=\"text\" data-placeholder=\"Traducci\u00f3n\" data-ved=\"2ahUKEwjx5_D9uI6UAxWdVaQEHSxXLw0Q3ewLegQIDBAV\" aria-label=\"Texto traducido: Carte des prix de l'immobilier en Espagne \u2013 Fotocasa -\"><em><span class=\"Y2IQFc\" lang=\"fr\">Carte des prix de l&#8217;immobilier en Espagne \u2013 Fotocasa<\/span><\/em><\/p>\n<p data-path-to-node=\"27\">Vivre dans une zone s\u00fbre est la priorit\u00e9 num\u00e9ro un pour de nombreuses familles. Si l\u2019on croise les donn\u00e9es de population avec le dernier <a href=\"https:\/\/estadisticasdecriminalidad.ses.mir.es\/publico\/portalestadistico\/balances\" target=\"_blank\" rel=\"noopener\">Bilan de Criminalit\u00e9 du Minist\u00e8re de l\u2019Int\u00e9rieur<\/a> (ann\u00e9e 2025), on constate que l\u2019int\u00e9rieur de l\u2019Espagne et certaines provinces du nord sont de v\u00e9ritables refuges de tranquillit\u00e9.<\/p>\n","protected":false},"excerpt":{"rendered":"<p>Fotocasa est le portail immobilier expert si vous recherchez votre logement en Espagne et souhaitez dissiper vos doutes en mati\u00e8re de logement<\/p>\n","protected":false},"author":282,"featured_media":102820,"comment_status":"open","ping_status":"closed","sticky":false,"template":"","format":"standard","meta":{"_lmt_disableupdate":"yes","_lmt_disable":"","footnotes":""},"categories":[13490],"tags":[13702,13698,14880,14878,14879,13712,13540,13701,13700,14823,14441,14870,13699,13693,14871,13497,14872,14761,14565,13695],"class_list":["post-102808","post","type-post","status-publish","format-standard","has-post-thumbnail","hentry","category-acheter","tag-acheter","tag-acheter-en-espagne","tag-carte-de-lespagne","tag-carte-de-lespagne-immobilier","tag-carte-espagne-regions","tag-compra-de-vivienda-por-extranjeros","tag-compraventa","tag-doutes-logement","tag-experts-en-logement-en-espagne","tag-foreign","tag-inversion-inmobiliaria","tag-mapa-de-espana","tag-marche-achat-logement-espagne","tag-marche-immobilier","tag-mejores-playas-de-espana","tag-precio-de-la-vivienda","tag-provincias-de-espana","tag-seguridad","tag-vivir-en-espana","tag-vivre-en-espagne"],"modified_by":"Patricia Andr\u00e9s","_links":{"self":[{"href":"https:\/\/www.fotocasa.es\/fotocasa-life\/wp-json\/wp\/v2\/posts\/102808","targetHints":{"allow":["GET"]}}],"collection":[{"href":"https:\/\/www.fotocasa.es\/fotocasa-life\/wp-json\/wp\/v2\/posts"}],"about":[{"href":"https:\/\/www.fotocasa.es\/fotocasa-life\/wp-json\/wp\/v2\/types\/post"}],"author":[{"embeddable":true,"href":"https:\/\/www.fotocasa.es\/fotocasa-life\/wp-json\/wp\/v2\/users\/282"}],"replies":[{"embeddable":true,"href":"https:\/\/www.fotocasa.es\/fotocasa-life\/wp-json\/wp\/v2\/comments?post=102808"}],"version-history":[{"count":0,"href":"https:\/\/www.fotocasa.es\/fotocasa-life\/wp-json\/wp\/v2\/posts\/102808\/revisions"}],"wp:featuredmedia":[{"embeddable":true,"href":"https:\/\/www.fotocasa.es\/fotocasa-life\/wp-json\/wp\/v2\/media\/102820"}],"wp:attachment":[{"href":"https:\/\/www.fotocasa.es\/fotocasa-life\/wp-json\/wp\/v2\/media?parent=102808"}],"wp:term":[{"taxonomy":"category","embeddable":true,"href":"https:\/\/www.fotocasa.es\/fotocasa-life\/wp-json\/wp\/v2\/categories?post=102808"},{"taxonomy":"post_tag","embeddable":true,"href":"https:\/\/www.fotocasa.es\/fotocasa-life\/wp-json\/wp\/v2\/tags?post=102808"}],"curies":[{"name":"wp","href":"https:\/\/api.w.org\/{rel}","templated":true}]}}