{"id":102805,"date":"2026-04-27T14:27:24","date_gmt":"2026-04-27T12:27:24","guid":{"rendered":"https:\/\/www.fotocasa.es\/fotocasa-life\/?p=102805"},"modified":"2026-04-27T13:23:41","modified_gmt":"2026-04-27T11:23:41","slug":"la-prorroga-del-alquiler-se-votara-este-martes-en-el-parlamento-sin-el-apoyo-suficiente","status":"publish","type":"post","link":"https:\/\/www.fotocasa.es\/fotocasa-life\/noticia\/la-prorroga-del-alquiler-se-votara-este-martes-en-el-parlamento-sin-el-apoyo-suficiente\/","title":{"rendered":"La pr\u00f3rroga del alquiler se votar\u00e1 este martes en el Parlamento sin el apoyo suficiente"},"content":{"rendered":"<p>La pr\u00f3rroga del alquiler se votar\u00e1 este martes en el Congreso, aunque por ahora <strong>no tiene el apoyo suficiente para ser aprobada<\/strong>, ya que PP, Vox y Junts han mostrado su rechazo a esta iniciativa.<\/p>\n<p>La normativa no solo recoge la pr\u00f3rroga de los contratos de alquiler de vivienda habitual que terminan en 2026 y 2027, sino que<strong> limita las subidas anuales del alquiler<\/strong>.<\/p>\n<p>La norma est\u00e1 en vigor desde el pasado 20 de marzo, tras su aprobaci\u00f3n en el Consejo de Ministros y su publicaci\u00f3n en el Bolet\u00edn Oficial del Estado (BOE). Desde entonces, los miembros de Sumar han hecho un llamamiento para que los inquilinos soliciten a sus caseros la aplicaci\u00f3n de la pr\u00f3rroga. A pesar de su entrada en vigor, la ley marca que, como cualquier otro decreto ley, <strong>debe someterse a la aprobaci\u00f3n del Parlamento<\/strong> en un plazo de 30 d\u00edas.<\/p>\n<h2>\u00bfQu\u00e9 partidos pol\u00edticos est\u00e1n en contra de la pr\u00f3rroga del alquiler?<\/h2>\n<p><strong>PP<\/strong>, <strong>Vox<\/strong> y <strong>Junts<\/strong>, que suman mayor\u00eda, han avisado de que <strong>votar\u00e1n en contra de la aprobaci\u00f3n de la norma<\/strong>.<\/p>\n<p>La formaci\u00f3n liderada por Santiago Abascal inform\u00f3 desde el primer momento que no apoyar\u00eda la <a href=\"https:\/\/www.fotocasa.es\/fotocasa-life\/alquiler\/prorroga-contrato-alquiler\/\"><strong>pr\u00f3rroga de los contratos de alquiler<\/strong> <\/a>y el Partido Popular tambi\u00e9n ha se\u00f1alado que votar\u00e1 no, ya que, seg\u00fan Ester Mu\u00f1oz, portavoz del partido en el Congreso, <strong>las medidas planteadas por Sumar \u00abno funcionan\u00bb para combatir la crisis de la vivienda e, incluso, la empeoran<\/strong>.<\/p>\n","protected":false},"excerpt":{"rendered":"<p>Varios partidos ya han mostrado su rechazo a la pr\u00f3rroga del alquiler.<\/p>\n","protected":false},"author":226,"featured_media":102816,"comment_status":"open","ping_status":"closed","sticky":false,"template":"","format":"standard","meta":{"_lmt_disableupdate":"yes","_lmt_disable":"","footnotes":""},"categories":[5787],"tags":[4489,1859,13441,14877,14597],"class_list":["post-102805","post","type-post","status-publish","format-standard","has-post-thumbnail","hentry","category-noticia","tag-alquilar","tag-alquiler","tag-noticia","tag-prorroga-de-los-alquileres","tag-prorroga-del-alquiler"],"modified_by":"Javier Mezcua","_links":{"self":[{"href":"https:\/\/www.fotocasa.es\/fotocasa-life\/wp-json\/wp\/v2\/posts\/102805","targetHints":{"allow":["GET"]}}],"collection":[{"href":"https:\/\/www.fotocasa.es\/fotocasa-life\/wp-json\/wp\/v2\/posts"}],"about":[{"href":"https:\/\/www.fotocasa.es\/fotocasa-life\/wp-json\/wp\/v2\/types\/post"}],"author":[{"embeddable":true,"href":"https:\/\/www.fotocasa.es\/fotocasa-life\/wp-json\/wp\/v2\/users\/226"}],"replies":[{"embeddable":true,"href":"https:\/\/www.fotocasa.es\/fotocasa-life\/wp-json\/wp\/v2\/comments?post=102805"}],"version-history":[{"count":0,"href":"https:\/\/www.fotocasa.es\/fotocasa-life\/wp-json\/wp\/v2\/posts\/102805\/revisions"}],"wp:featuredmedia":[{"embeddable":true,"href":"https:\/\/www.fotocasa.es\/fotocasa-life\/wp-json\/wp\/v2\/media\/102816"}],"wp:attachment":[{"href":"https:\/\/www.fotocasa.es\/fotocasa-life\/wp-json\/wp\/v2\/media?parent=102805"}],"wp:term":[{"taxonomy":"category","embeddable":true,"href":"https:\/\/www.fotocasa.es\/fotocasa-life\/wp-json\/wp\/v2\/categories?post=102805"},{"taxonomy":"post_tag","embeddable":true,"href":"https:\/\/www.fotocasa.es\/fotocasa-life\/wp-json\/wp\/v2\/tags?post=102805"}],"curies":[{"name":"wp","href":"https:\/\/api.w.org\/{rel}","templated":true}]}}