{"id":102786,"date":"2026-04-28T08:55:07","date_gmt":"2026-04-28T06:55:07","guid":{"rendered":"https:\/\/www.fotocasa.es\/fotocasa-life\/?p=102786"},"modified":"2026-04-28T08:55:07","modified_gmt":"2026-04-28T06:55:07","slug":"los-6-barrios-de-espana-donde-todavia-se-puede-alquilar-un-piso-por-menos-de-500-euros-al-mes","status":"publish","type":"post","link":"https:\/\/www.fotocasa.es\/fotocasa-life\/alquiler\/los-6-barrios-de-espana-donde-todavia-se-puede-alquilar-un-piso-por-menos-de-500-euros-al-mes\/","title":{"rendered":"Los 6 barrios de Espa\u00f1a donde todav\u00eda se puede alquilar un piso por menos de 500 euros al mes"},"content":{"rendered":"<table class=\"table table-striped table-color-200\">\n<tbody>\n<tr>\n<td>\n<ul>\n<li>Solo <strong>6 barrios<\/strong> de Espa\u00f1a permiten alquilar una vivienda tipo por menos de <strong>500 euros al mes<\/strong>, seg\u00fan el \u00cdndice Inmobiliario Fotocasa de marzo de 2026.<\/li>\n<li>Ja\u00e9n concentra <strong>4 de los 6 barrios<\/strong> m\u00e1s baratos para alquilar en Espa\u00f1a.<\/li>\n<li>El barrio m\u00e1s econ\u00f3mico es <strong>Baeza<\/strong>, con un alquiler de <strong>382 euros al mes<\/strong> para una vivienda tipo de 80 m\u00b2.<\/li>\n<\/ul>\n<\/td>\n<\/tr>\n<\/tbody>\n<\/table>\n<p>El <strong>alquiler por debajo de 500 euros<\/strong> al mes se ha convertido en una <strong>excepci\u00f3n<\/strong> en Espa\u00f1a. Solo <strong>seis barrios analizados mantienen precios inferiores a ese umbral<\/strong> para una vivienda tipo de 80 metros cuadrados, seg\u00fan el \u00cdndice Inmobiliario Fotocasa de marzo de 2026.<\/p>\n<h2>\u00bfCu\u00e1les son los barrios donde alquilar cuesta menos de 500 euros?<\/h2>\n<table class=\"table table-striped table-color-200\">\n<tbody>\n<tr>\n<th>Barrio<\/th>\n<th>Municipio<\/th>\n<th>Alquiler 80 m\u00b2<\/th>\n<\/tr>\n<tr>\n<td>Baeza<\/td>\n<td>Baeza (Ja\u00e9n)<\/td>\n<td>382 \u20ac<\/td>\n<\/tr>\n<tr>\n<td>Centro Ciudad<\/td>\n<td>Linares (Ja\u00e9n)<\/td>\n<td>478 \u20ac<\/td>\n<\/tr>\n<tr>\n<td>Bel\u00e9n &#8211; San Roque<\/td>\n<td>Ja\u00e9n<\/td>\n<td>478 \u20ac<\/td>\n<\/tr>\n<tr>\n<td>Almendralejo<\/td>\n<td>Almendralejo (Badajoz)<\/td>\n<td>480 \u20ac<\/td>\n<\/tr>\n<tr>\n<td>Pe\u00f1amefecit &#8211; Avda Barcelona<\/td>\n<td>Ja\u00e9n<\/td>\n<td>491 \u20ac<\/td>\n<\/tr>\n<tr>\n<td>Centro<\/td>\n<td>Puertollano (Ciudad Real)<\/td>\n<td>494 \u20ac<\/td>\n<\/tr>\n<\/tbody>\n<\/table>\n","protected":false},"excerpt":{"rendered":"<p>Ja\u00e9n concentra 4 de los 6 barrios m\u00e1s baratos para alquilar en Espa\u00f1a, seg\u00fan el \u00cdndice Inmobiliario Fotocasa de marzo de 2026<\/p>\n","protected":false},"author":284,"featured_media":102787,"comment_status":"open","ping_status":"closed","sticky":false,"template":"","format":"standard","meta":{"_lmt_disableupdate":"yes","_lmt_disable":"","footnotes":""},"categories":[2],"tags":[8902,4489,4272,2794,4409,4576,14224,14306,2557],"class_list":["post-102786","post","type-post","status-publish","format-standard","has-post-thumbnail","hentry","category-alquiler","tag-acceso-vivienda-alquiler","tag-alquilar","tag-alquiler-pisos","tag-badajoz","tag-baratos","tag-barrios","tag-ciudad-real","tag-jaen","tag-pisos-baratos"],"modified_by":"Joaqu\u00edn Hern\u00e1ndez","_links":{"self":[{"href":"https:\/\/www.fotocasa.es\/fotocasa-life\/wp-json\/wp\/v2\/posts\/102786","targetHints":{"allow":["GET"]}}],"collection":[{"href":"https:\/\/www.fotocasa.es\/fotocasa-life\/wp-json\/wp\/v2\/posts"}],"about":[{"href":"https:\/\/www.fotocasa.es\/fotocasa-life\/wp-json\/wp\/v2\/types\/post"}],"author":[{"embeddable":true,"href":"https:\/\/www.fotocasa.es\/fotocasa-life\/wp-json\/wp\/v2\/users\/284"}],"replies":[{"embeddable":true,"href":"https:\/\/www.fotocasa.es\/fotocasa-life\/wp-json\/wp\/v2\/comments?post=102786"}],"version-history":[{"count":0,"href":"https:\/\/www.fotocasa.es\/fotocasa-life\/wp-json\/wp\/v2\/posts\/102786\/revisions"}],"wp:featuredmedia":[{"embeddable":true,"href":"https:\/\/www.fotocasa.es\/fotocasa-life\/wp-json\/wp\/v2\/media\/102787"}],"wp:attachment":[{"href":"https:\/\/www.fotocasa.es\/fotocasa-life\/wp-json\/wp\/v2\/media?parent=102786"}],"wp:term":[{"taxonomy":"category","embeddable":true,"href":"https:\/\/www.fotocasa.es\/fotocasa-life\/wp-json\/wp\/v2\/categories?post=102786"},{"taxonomy":"post_tag","embeddable":true,"href":"https:\/\/www.fotocasa.es\/fotocasa-life\/wp-json\/wp\/v2\/tags?post=102786"}],"curies":[{"name":"wp","href":"https:\/\/api.w.org\/{rel}","templated":true}]}}