{"id":102780,"date":"2026-05-01T08:00:18","date_gmt":"2026-05-01T06:00:18","guid":{"rendered":"https:\/\/www.fotocasa.es\/fotocasa-life\/?p=102780"},"modified":"2026-05-01T08:00:18","modified_gmt":"2026-05-01T06:00:18","slug":"calendario-mundial-de-la-fifa-2026-fechas-oficiales-horarios-de-espana-y-todos-los-partidos-que-debes-apuntar-ya","status":"publish","type":"post","link":"https:\/\/www.fotocasa.es\/fotocasa-life\/inspiracion\/calendario-mundial-de-la-fifa-2026-fechas-oficiales-horarios-de-espana-y-todos-los-partidos-que-debes-apuntar-ya\/","title":{"rendered":"Calendario Mundial de la FIFA 2026: fechas oficiales, horarios de Espa\u00f1a y todos los partidos que debes apuntar ya"},"content":{"rendered":"<table class=\"table table-striped table-color-200\">\n<tbody>\n<tr>\n<td>\n<ul>\n<li>El Mundial 2026 se jugar\u00e1 del 11 de junio al 19 de julio en Estados Unidos, Canad\u00e1 y M\u00e9xico.<\/li>\n<li>Ser\u00e1 la primera Copa del Mundo con 48 selecciones y 104 partidos oficiales.<\/li>\n<li>Espa\u00f1a debutar\u00e1 el 15 de junio frente a Cabo Verde y ya conoce sus tres horarios de la fase de grupos.<\/li>\n<\/ul>\n<\/td>\n<\/tr>\n<\/tbody>\n<\/table>\n<p>\u00a1Ya hay fechas, rivales y horarios confirmados! El calendario Mundial de la FIFA 2026 marca el inicio de una edici\u00f3n hist\u00f3rica: <strong>tres pa\u00edses anfitriones, m\u00e1s equipos que nunca y m\u00e1s de un mes de f\u00fatbol global<\/strong>. Si quieres organizar vacaciones, cenas con amigos o simplemente no perderte ni un partido de Espa\u00f1a, en Fotocasa Life te damos toda la informaci\u00f3n para que disfrutes de esta cita deportiva \u00fanica.<\/p>\n","protected":false},"excerpt":{"rendered":"<p>El calendario Mundial de la FIFA 2026 ya es oficial: consulta las fechas clave, cu\u00e1ndo juega nuestra selecci\u00f3n, los horarios en Espa\u00f1a y todo lo necesario para seguir la emocionante Copa del Mundo de f\u00fatbol<\/p>\n","protected":false},"author":281,"featured_media":102781,"comment_status":"open","ping_status":"closed","sticky":false,"template":"","format":"standard","meta":{"_lmt_disableupdate":"yes","_lmt_disable":"","footnotes":""},"categories":[2697],"tags":[13360,4080,4095,2412,4081],"class_list":["post-102780","post","type-post","status-publish","format-standard","has-post-thumbnail","hentry","category-inspiracion","tag-calendario-2026","tag-curiosidades","tag-futbol","tag-hogar","tag-inspiracion"],"modified_by":"Agustina Battioli","_links":{"self":[{"href":"https:\/\/www.fotocasa.es\/fotocasa-life\/wp-json\/wp\/v2\/posts\/102780","targetHints":{"allow":["GET"]}}],"collection":[{"href":"https:\/\/www.fotocasa.es\/fotocasa-life\/wp-json\/wp\/v2\/posts"}],"about":[{"href":"https:\/\/www.fotocasa.es\/fotocasa-life\/wp-json\/wp\/v2\/types\/post"}],"author":[{"embeddable":true,"href":"https:\/\/www.fotocasa.es\/fotocasa-life\/wp-json\/wp\/v2\/users\/281"}],"replies":[{"embeddable":true,"href":"https:\/\/www.fotocasa.es\/fotocasa-life\/wp-json\/wp\/v2\/comments?post=102780"}],"version-history":[{"count":0,"href":"https:\/\/www.fotocasa.es\/fotocasa-life\/wp-json\/wp\/v2\/posts\/102780\/revisions"}],"wp:featuredmedia":[{"embeddable":true,"href":"https:\/\/www.fotocasa.es\/fotocasa-life\/wp-json\/wp\/v2\/media\/102781"}],"wp:attachment":[{"href":"https:\/\/www.fotocasa.es\/fotocasa-life\/wp-json\/wp\/v2\/media?parent=102780"}],"wp:term":[{"taxonomy":"category","embeddable":true,"href":"https:\/\/www.fotocasa.es\/fotocasa-life\/wp-json\/wp\/v2\/categories?post=102780"},{"taxonomy":"post_tag","embeddable":true,"href":"https:\/\/www.fotocasa.es\/fotocasa-life\/wp-json\/wp\/v2\/tags?post=102780"}],"curies":[{"name":"wp","href":"https:\/\/api.w.org\/{rel}","templated":true}]}}