{"id":102717,"date":"2026-04-30T08:30:38","date_gmt":"2026-04-30T06:30:38","guid":{"rendered":"https:\/\/www.fotocasa.es\/fotocasa-life\/?p=102717"},"modified":"2026-04-30T08:30:38","modified_gmt":"2026-04-30T06:30:38","slug":"15-ideas-para-mesa-auxiliar-en-el-salon-que-no-son-mesas-auxiliares-soluciones-originales-entre-sofa-y-tv-que-querras-copiar","status":"publish","type":"post","link":"https:\/\/www.fotocasa.es\/fotocasa-life\/hogar\/decoracion\/15-ideas-para-mesa-auxiliar-en-el-salon-que-no-son-mesas-auxiliares-soluciones-originales-entre-sofa-y-tv-que-querras-copiar\/","title":{"rendered":"15 ideas para mesa auxiliar en el sal\u00f3n (que no son mesas auxiliares): soluciones originales entre sof\u00e1 y TV que querr\u00e1s copiar"},"content":{"rendered":"<table class=\"table table-striped table-color-200\">\n<tbody>\n<tr>\n<td>\n<ul>\n<li>Una mesa auxiliar en el sal\u00f3n no tiene por qu\u00e9 ser una mesa: ba\u00fales, bancos o m\u00f3dulos abiertos funcionan mejor en muchos casos.<\/li>\n<li>Las mejores alternativas entre sof\u00e1 y TV combinan almacenaje, ligereza visual y f\u00e1cil acceso.<\/li>\n<li>Interioristas y decoradores apuestan por piezas h\u00edbridas, m\u00f3viles y con doble uso para salones m\u00e1s vers\u00e1tiles.<\/li>\n<\/ul>\n<\/td>\n<\/tr>\n<\/tbody>\n<\/table>\n<p>La cl\u00e1sica mesita redonda junto al sof\u00e1 ya no es la \u00fanica opci\u00f3n. Hoy, una mesa auxiliar en el sal\u00f3n puede transformarse en <strong>almacenaje extra, apoyo decorativo o incluso separador visual<\/strong> sin ocupar m\u00e1s espacio del necesario. Si quieres renovar esa <strong>zona estrat\u00e9gica entre el sof\u00e1 y el televisor<\/strong> con soluciones m\u00e1s ingeniosas, en Fotocasa te lo desvelamos con ideas que funcionan de verdad, gracias a <strong>mesas de centro que, en realidad, no son mesas&#8230;<\/strong><\/p>\n","protected":false},"excerpt":{"rendered":"<p>Si buscas una mesa auxiliar en el sal\u00f3n diferente, pr\u00e1ctica y con estilo, estas ideas inesperadas sustituyen la cl\u00e1sica mesita de centro y multiplican el espacio<\/p>\n","protected":false},"author":281,"featured_media":102718,"comment_status":"open","ping_status":"closed","sticky":false,"template":"","format":"standard","meta":{"_lmt_disableupdate":"yes","_lmt_disable":"","footnotes":""},"categories":[4],"tags":[2311,10541,4677,2412],"class_list":["post-102717","post","type-post","status-publish","format-standard","has-post-thumbnail","hentry","category-decoracion","tag-decoracion","tag-decorar-mesa","tag-decorar-salon","tag-hogar"],"modified_by":"Roser Vendrell","_links":{"self":[{"href":"https:\/\/www.fotocasa.es\/fotocasa-life\/wp-json\/wp\/v2\/posts\/102717","targetHints":{"allow":["GET"]}}],"collection":[{"href":"https:\/\/www.fotocasa.es\/fotocasa-life\/wp-json\/wp\/v2\/posts"}],"about":[{"href":"https:\/\/www.fotocasa.es\/fotocasa-life\/wp-json\/wp\/v2\/types\/post"}],"author":[{"embeddable":true,"href":"https:\/\/www.fotocasa.es\/fotocasa-life\/wp-json\/wp\/v2\/users\/281"}],"replies":[{"embeddable":true,"href":"https:\/\/www.fotocasa.es\/fotocasa-life\/wp-json\/wp\/v2\/comments?post=102717"}],"version-history":[{"count":0,"href":"https:\/\/www.fotocasa.es\/fotocasa-life\/wp-json\/wp\/v2\/posts\/102717\/revisions"}],"wp:featuredmedia":[{"embeddable":true,"href":"https:\/\/www.fotocasa.es\/fotocasa-life\/wp-json\/wp\/v2\/media\/102718"}],"wp:attachment":[{"href":"https:\/\/www.fotocasa.es\/fotocasa-life\/wp-json\/wp\/v2\/media?parent=102717"}],"wp:term":[{"taxonomy":"category","embeddable":true,"href":"https:\/\/www.fotocasa.es\/fotocasa-life\/wp-json\/wp\/v2\/categories?post=102717"},{"taxonomy":"post_tag","embeddable":true,"href":"https:\/\/www.fotocasa.es\/fotocasa-life\/wp-json\/wp\/v2\/tags?post=102717"}],"curies":[{"name":"wp","href":"https:\/\/api.w.org\/{rel}","templated":true}]}}