{"id":102709,"date":"2026-04-27T09:50:43","date_gmt":"2026-04-27T07:50:43","guid":{"rendered":"https:\/\/www.fotocasa.es\/fotocasa-life\/?p=102709"},"modified":"2026-04-27T09:50:43","modified_gmt":"2026-04-27T07:50:43","slug":"el-alquiler-temporal-sigue-ganando-terreno-el-29-de-los-propietarios-se-plantea-pasar-al-alquiler-temporal-a-causa-de-las-regulaciones-de-la-ley-de-vivienda","status":"publish","type":"post","link":"https:\/\/www.fotocasa.es\/fotocasa-life\/alquiler\/el-alquiler-temporal-sigue-ganando-terreno-el-29-de-los-propietarios-se-plantea-pasar-al-alquiler-temporal-a-causa-de-las-regulaciones-de-la-ley-de-vivienda\/","title":{"rendered":"El alquiler temporal sigue ganando terreno: el 29% de los propietarios se plantea pasar al alquiler temporal a causa de las regulaciones de la Ley de Vivienda"},"content":{"rendered":"<p>Tres a\u00f1os despu\u00e9s de <a href=\"https:\/\/www.fotocasa.es\/fotocasa-life\/sector\/nueva-ley-de-vivienda\/https:\/\/www.fotocasa.es\/fotocasa-life\/sector\/nueva-ley-de-vivienda\/\">la aprobaci\u00f3n de la Ley de Vivienda<\/a>, el mercado del alquiler comienza a evidenciar cambios significativos en el comportamiento de los propietarios. Actualmente, <strong>el 29% de los arrendadores se plantean o directamente ya han pasado del alquiler de larga duraci\u00f3n al alquiler temporal<\/strong> como consecuencia directa de las regulaciones introducidas por la normativa.<br \/>\n<!--more--><\/p>\n<h2>Tendencia hacia alquileres m\u00e1s flexibles<\/h2>\n<p>En concreto, <strong>un 11% de los propietarios considera bastante probable realizar este cambio<\/strong>, un 6% lo ve totalmente probable, y un 12% asegura que ya est\u00e1 operando bajo esta modalidad hoy en d\u00eda. En conjunto, estos datos reflejan una tendencia clara <strong>hacia modelos de arrendamiento m\u00e1s flexibles<\/strong> como es <a href=\"https:\/\/www.fotocasa.es\/fotocasa-life\/alquiler\/los-contratos-de-alquiler-temporal-se-estabilizan\/\">el caso del alquiler temporal<\/a>, frente a los contratos residenciales tradicionales a largo plazo.<\/p>\n","protected":false},"excerpt":{"rendered":"<p>La Comunidad Valenciana y Andaluc\u00eda lideran el fen\u00f3meno, con m\u00e1s del 37% de propietarios oscilando hacia el alquiler temporal, seg\u00fan los datos extra\u00eddos a partir de una encuesta de Fotocasa Research realizada en febrero de 2026.<\/p>\n","protected":false},"author":182,"featured_media":102713,"comment_status":"open","ping_status":"closed","sticky":false,"template":"","format":"standard","meta":{"_lmt_disableupdate":"yes","_lmt_disable":"","footnotes":""},"categories":[2],"tags":[1859,10332,492,2760,2950,1665],"class_list":["post-102709","post","type-post","status-publish","format-standard","has-post-thumbnail","hentry","category-alquiler","tag-alquiler","tag-alquiler-temporal","tag-alquiler-vacacional","tag-andalucia","tag-comunidad-valenciana","tag-ley-de-vivienda"],"modified_by":"Joaqu\u00edn Hern\u00e1ndez","_links":{"self":[{"href":"https:\/\/www.fotocasa.es\/fotocasa-life\/wp-json\/wp\/v2\/posts\/102709","targetHints":{"allow":["GET"]}}],"collection":[{"href":"https:\/\/www.fotocasa.es\/fotocasa-life\/wp-json\/wp\/v2\/posts"}],"about":[{"href":"https:\/\/www.fotocasa.es\/fotocasa-life\/wp-json\/wp\/v2\/types\/post"}],"author":[{"embeddable":true,"href":"https:\/\/www.fotocasa.es\/fotocasa-life\/wp-json\/wp\/v2\/users\/182"}],"replies":[{"embeddable":true,"href":"https:\/\/www.fotocasa.es\/fotocasa-life\/wp-json\/wp\/v2\/comments?post=102709"}],"version-history":[{"count":0,"href":"https:\/\/www.fotocasa.es\/fotocasa-life\/wp-json\/wp\/v2\/posts\/102709\/revisions"}],"wp:featuredmedia":[{"embeddable":true,"href":"https:\/\/www.fotocasa.es\/fotocasa-life\/wp-json\/wp\/v2\/media\/102713"}],"wp:attachment":[{"href":"https:\/\/www.fotocasa.es\/fotocasa-life\/wp-json\/wp\/v2\/media?parent=102709"}],"wp:term":[{"taxonomy":"category","embeddable":true,"href":"https:\/\/www.fotocasa.es\/fotocasa-life\/wp-json\/wp\/v2\/categories?post=102709"},{"taxonomy":"post_tag","embeddable":true,"href":"https:\/\/www.fotocasa.es\/fotocasa-life\/wp-json\/wp\/v2\/tags?post=102709"}],"curies":[{"name":"wp","href":"https:\/\/api.w.org\/{rel}","templated":true}]}}