{"id":102685,"date":"2026-05-01T09:00:11","date_gmt":"2026-05-01T07:00:11","guid":{"rendered":"https:\/\/www.fotocasa.es\/fotocasa-life\/?p=102685"},"modified":"2026-05-01T09:00:11","modified_gmt":"2026-05-01T07:00:11","slug":"que-plantar-en-el-huerto-mes-a-mes-el-calendario-definitivo-para-sembrar-bien-y-cosechar-todo-el-ano","status":"publish","type":"post","link":"https:\/\/www.fotocasa.es\/fotocasa-life\/hogar\/que-plantar-en-el-huerto-mes-a-mes-el-calendario-definitivo-para-sembrar-bien-y-cosechar-todo-el-ano\/","title":{"rendered":"Qu\u00e9 plantar en el huerto mes a mes: el calendario definitivo para sembrar bien y cosechar todo el a\u00f1o"},"content":{"rendered":"<table class=\"table table-striped table-color-200\">\n<tbody>\n<tr>\n<td>\n<ul>\n<li>En invierno triunfan ajos, habas, guisantes y espinacas; en primavera llega la temporada fuerte de tomates, pimientos y calabacines.<\/li>\n<li>En verano tambi\u00e9n se planta: puerros, coles, zanahorias tard\u00edas y escarolas para el oto\u00f1o.<\/li>\n<li>\u00bfQu\u00e9 plantar en el huerto mes a mes? La fecha importa menos que el clima: en la costa mediterr\u00e1nea se adelanta la siembra y en zonas fr\u00edas suele retrasarse entre 2 y 6 semanas.<\/li>\n<\/ul>\n<\/td>\n<\/tr>\n<\/tbody>\n<\/table>\n<p>S\u00ed, se puede cosechar casi todo el a\u00f1o si eliges bien el momento de siembra. El error m\u00e1s com\u00fan en un huerto dom\u00e9stico no es regar mal: es plantar fuera de temporada. Saber qu\u00e9 plantar en el huerto mes a mes <strong>ayuda a gastar menos agua, evitar plagas y recoger m\u00e1s<\/strong>. Tanto si tienes un balc\u00f3n como un jard\u00edn, este <strong>calendario pr\u00e1ctico<\/strong> te ayudar\u00e1 a organizarte con criterio profesional. \u00bfEst\u00e1s sembrando en el mes correcto? \u00a1En Fotocasa te lo aclaramos!<\/p>\n<p><img loading=\"lazy\" decoding=\"async\" class=\"aligncenter wp-image-102703 size-full\" src=\"https:\/\/www.fotocasa.es\/fotocasa-life\/wp-content\/uploads\/2026\/05\/infografia-que-plantar-en-mi-huerto-mes-a-mes-calendario-siembra.png\" alt=\"Infograf\u00eda sobre qu\u00e9 plantar en mi huerto mes a mes con calendario por estaciones, tama\u00f1o de macetas y errores comunes en huerto urbano.\" width=\"800\" height=\"2000\" title=\"-\" srcset=\"https:\/\/www.fotocasa.es\/fotocasa-life\/wp-content\/uploads\/2026\/05\/infografia-que-plantar-en-mi-huerto-mes-a-mes-calendario-siembra.png 800w, https:\/\/www.fotocasa.es\/fotocasa-life\/wp-content\/uploads\/2026\/05\/infografia-que-plantar-en-mi-huerto-mes-a-mes-calendario-siembra-120x300.png 120w, https:\/\/www.fotocasa.es\/fotocasa-life\/wp-content\/uploads\/2026\/05\/infografia-que-plantar-en-mi-huerto-mes-a-mes-calendario-siembra-410x1024.png 410w, https:\/\/www.fotocasa.es\/fotocasa-life\/wp-content\/uploads\/2026\/05\/infografia-que-plantar-en-mi-huerto-mes-a-mes-calendario-siembra-60x150.png 60w, https:\/\/www.fotocasa.es\/fotocasa-life\/wp-content\/uploads\/2026\/05\/infografia-que-plantar-en-mi-huerto-mes-a-mes-calendario-siembra-768x1920.png 768w, https:\/\/www.fotocasa.es\/fotocasa-life\/wp-content\/uploads\/2026\/05\/infografia-que-plantar-en-mi-huerto-mes-a-mes-calendario-siembra-614x1536.png 614w\" sizes=\"auto, (max-width: 800px) 100vw, 800px\" \/><\/p>\n","protected":false},"excerpt":{"rendered":"<p>Si buscas qu\u00e9 plantar en el huerto mes a mes, esta gu\u00eda actualizada te revela qu\u00e9 sembrar en cada estaci\u00f3n, cu\u00e1ndo hacerlo y c\u00f3mo sacar m\u00e1s partido a tu terraza, balc\u00f3n o jard\u00edn<\/p>\n","protected":false},"author":281,"featured_media":102686,"comment_status":"open","ping_status":"closed","sticky":false,"template":"","format":"standard","meta":{"_lmt_disableupdate":"yes","_lmt_disable":"","footnotes":""},"categories":[2285],"tags":[2412,4108,5852],"class_list":["post-102685","post","type-post","status-publish","format-standard","has-post-thumbnail","hentry","category-hogar","tag-hogar","tag-huerto-urbano","tag-plantas-de-huerto"],"modified_by":"Roser Vendrell","_links":{"self":[{"href":"https:\/\/www.fotocasa.es\/fotocasa-life\/wp-json\/wp\/v2\/posts\/102685","targetHints":{"allow":["GET"]}}],"collection":[{"href":"https:\/\/www.fotocasa.es\/fotocasa-life\/wp-json\/wp\/v2\/posts"}],"about":[{"href":"https:\/\/www.fotocasa.es\/fotocasa-life\/wp-json\/wp\/v2\/types\/post"}],"author":[{"embeddable":true,"href":"https:\/\/www.fotocasa.es\/fotocasa-life\/wp-json\/wp\/v2\/users\/281"}],"replies":[{"embeddable":true,"href":"https:\/\/www.fotocasa.es\/fotocasa-life\/wp-json\/wp\/v2\/comments?post=102685"}],"version-history":[{"count":0,"href":"https:\/\/www.fotocasa.es\/fotocasa-life\/wp-json\/wp\/v2\/posts\/102685\/revisions"}],"wp:featuredmedia":[{"embeddable":true,"href":"https:\/\/www.fotocasa.es\/fotocasa-life\/wp-json\/wp\/v2\/media\/102686"}],"wp:attachment":[{"href":"https:\/\/www.fotocasa.es\/fotocasa-life\/wp-json\/wp\/v2\/media?parent=102685"}],"wp:term":[{"taxonomy":"category","embeddable":true,"href":"https:\/\/www.fotocasa.es\/fotocasa-life\/wp-json\/wp\/v2\/categories?post=102685"},{"taxonomy":"post_tag","embeddable":true,"href":"https:\/\/www.fotocasa.es\/fotocasa-life\/wp-json\/wp\/v2\/tags?post=102685"}],"curies":[{"name":"wp","href":"https:\/\/api.w.org\/{rel}","templated":true}]}}