{"id":102683,"date":"2026-04-27T08:50:48","date_gmt":"2026-04-27T06:50:48","guid":{"rendered":"https:\/\/www.fotocasa.es\/fotocasa-life\/?p=102683"},"modified":"2026-04-27T08:50:48","modified_gmt":"2026-04-27T06:50:48","slug":"1-de-cada-4-caseros-con-contratos-que-vencen-este-ano-planea-vender-su-vivienda","status":"publish","type":"post","link":"https:\/\/www.fotocasa.es\/fotocasa-life\/alquiler\/1-de-cada-4-caseros-con-contratos-que-vencen-este-ano-planea-vender-su-vivienda\/","title":{"rendered":"1 de cada 4 caseros con contratos que vencen este a\u00f1o planea vender su vivienda"},"content":{"rendered":"<table class=\"table table-striped table-color-200\">\n<tbody>\n<tr>\n<td>\n<ul>\n<li>El 24% de los caseros cuyo contrato de alquiler vence este a\u00f1o planea vender su vivienda cuando termine el v\u00ednculo contractual, seg\u00fan el informe <strong>\u00abPerspectivas para el mercado del arrendamiento 2026\u00bb de Fotocasa Research a partir de una encuesta de febrero de 2026<\/strong>.<\/li>\n<li>El 34% de los arrendadores prev\u00e9 sacar la vivienda del alquiler tradicional -para venderla, pasarla al alquiler por habitaciones o destinarla al alquiler vacacional\u2014, seg\u00fan el mismo informe.<\/li>\n<li>El 58% de los propietarios planea subir precios o buscar inquilinos con mayor capacidad econ\u00f3mica, de acuerdo a la encuesta de Fotocasa.<\/li>\n<\/ul>\n<\/td>\n<\/tr>\n<\/tbody>\n<\/table>\n<p>El mercado del alquiler podr\u00eda enfrentarse a nuevos cambios en los pr\u00f3ximos meses. Una parte relevante de los propietarios cuyo contrato vence este a\u00f1o ya anticipa que modificar\u00e1 el destino de sus viviendas cuando terminen los contratos actuales de arrendamiento.<\/p>\n<p>El <strong>24% de los propietarios planea vender su vivienda<\/strong> cuando finalice el contrato de alquiler vigente, seg\u00fan el informe \u00abPerspectivas para el mercado del arrendamiento 2026\u00bb de Fotocasa Research a partir de una encuesta de febrero de 2026.<\/p>\n<p>Adem\u00e1s, otros propietarios prev\u00e9n retirar esos inmuebles del alquiler residencial tradicional para destinarlos a otros usos, como el alquiler por habitaciones o el alquiler vacacional.<\/p>\n<h2>El 34% de los caseros retirar\u00e1 su vivienda del alquiler tradicional al acabar el contrato<\/h2>\n<p>El <strong>34% de los arrendadores cuyo contrato vence este a\u00f1o asegura que <a href=\"https:\/\/www.fotocasa.es\/fotocasa-life\/alquiler\/mas-de-un-tercio-de-los-contratos-que-vencen-en-un-ano-saldran-del-mercado-de-alquiler-de-larga-duracion\/\">retirar\u00e1 su vivienda del mercado tradicional<\/a><\/strong> cuando finalice el contrato actual, seg\u00fan el informe \u00abPerspectivas para el mercado del arrendamiento 2026\u00bb de Fotocasa Research a partir de una encuesta de febrero de 2026.<\/p>\n","protected":false},"excerpt":{"rendered":"<p>El 24% de los propietarios cuyos inquilinos vencen contrato este a\u00f1o prev\u00e9 vender el inmueble cuando finalice el arrendamiento y un 34% sacar\u00e1 la vivienda del alquiler tradicional, seg\u00fan el informe \u00abPerspectivas para el mercado del arrendamiento 2026\u00bb de Fotocasa Research<\/p>\n","protected":false},"author":284,"featured_media":102684,"comment_status":"open","ping_status":"closed","sticky":false,"template":"","format":"standard","meta":{"_lmt_disableupdate":"yes","_lmt_disable":"","footnotes":""},"categories":[2],"tags":[1859,13415,4109,2302],"class_list":["post-102683","post","type-post","status-publish","format-standard","has-post-thumbnail","hentry","category-alquiler","tag-alquiler","tag-caseros","tag-precios","tag-vivienda"],"modified_by":"Joaqu\u00edn Hern\u00e1ndez","_links":{"self":[{"href":"https:\/\/www.fotocasa.es\/fotocasa-life\/wp-json\/wp\/v2\/posts\/102683","targetHints":{"allow":["GET"]}}],"collection":[{"href":"https:\/\/www.fotocasa.es\/fotocasa-life\/wp-json\/wp\/v2\/posts"}],"about":[{"href":"https:\/\/www.fotocasa.es\/fotocasa-life\/wp-json\/wp\/v2\/types\/post"}],"author":[{"embeddable":true,"href":"https:\/\/www.fotocasa.es\/fotocasa-life\/wp-json\/wp\/v2\/users\/284"}],"replies":[{"embeddable":true,"href":"https:\/\/www.fotocasa.es\/fotocasa-life\/wp-json\/wp\/v2\/comments?post=102683"}],"version-history":[{"count":0,"href":"https:\/\/www.fotocasa.es\/fotocasa-life\/wp-json\/wp\/v2\/posts\/102683\/revisions"}],"wp:featuredmedia":[{"embeddable":true,"href":"https:\/\/www.fotocasa.es\/fotocasa-life\/wp-json\/wp\/v2\/media\/102684"}],"wp:attachment":[{"href":"https:\/\/www.fotocasa.es\/fotocasa-life\/wp-json\/wp\/v2\/media?parent=102683"}],"wp:term":[{"taxonomy":"category","embeddable":true,"href":"https:\/\/www.fotocasa.es\/fotocasa-life\/wp-json\/wp\/v2\/categories?post=102683"},{"taxonomy":"post_tag","embeddable":true,"href":"https:\/\/www.fotocasa.es\/fotocasa-life\/wp-json\/wp\/v2\/tags?post=102683"}],"curies":[{"name":"wp","href":"https:\/\/api.w.org\/{rel}","templated":true}]}}