{"id":102681,"date":"2026-04-27T08:23:31","date_gmt":"2026-04-27T06:23:31","guid":{"rendered":"https:\/\/www.fotocasa.es\/fotocasa-life\/?p=102681"},"modified":"2026-04-27T08:23:31","modified_gmt":"2026-04-27T06:23:31","slug":"que-medidas-esta-tomando-la-union-europea-para-luchar-contra-la-crisis-de-la-vivienda","status":"publish","type":"post","link":"https:\/\/www.fotocasa.es\/fotocasa-life\/sector\/que-medidas-esta-tomando-la-union-europea-para-luchar-contra-la-crisis-de-la-vivienda\/","title":{"rendered":"\u00bfQu\u00e9 medidas est\u00e1 tomando la Uni\u00f3n Europea para luchar contra la crisis de la vivienda?"},"content":{"rendered":"<table class=\"table table-striped table-color-200\">\n<tbody>\n<tr>\n<td>\n<ul>\n<li>Las principales causas de la crisis de la vivienda son la falta de inmuebles y el aumento de los precios.<\/li>\n<li>La Uni\u00f3n Europea (UE) ha puesto en marcha varias medidas, como un plan para invertir 10.000 millones de euros en edificaci\u00f3n de nuevas viviendas a trav\u00e9s del BEI.<\/li>\n<li>La UE ha solicitado a los pa\u00edses miembros que dupliquen el gasto en vivienda asequible.<\/li>\n<\/ul>\n<\/td>\n<\/tr>\n<\/tbody>\n<\/table>\n<p>Europa est\u00e1 sufriendo una crisis de la vivienda <strong>provocada por la falta de inmuebles y el consecuente aumento de los precios<\/strong>. En la Uni\u00f3n Europea, los precios de la vivienda han aumentado un 53 % de media entre 2015 y 2024, seg\u00fan Eurostat.<\/p>\n<p>Para combatir la situaci\u00f3n actual, <strong>la UE ha presentado un plan para invertir 10.000 millones de euros en la construcci\u00f3n de nuevas viviendas<\/strong> y ha pedido a los Estados miembros que dupliquen su financiaci\u00f3n en vivienda asequible. Adem\u00e1s, se espera que la UE apruebe medidas a lo largo de 2026 pensadas para reducir el impacto de los alquileres temporales y para agilizar la concesi\u00f3n de licencias para construir viviendas.<\/p>\n<p>En Fotocasa<strong> analizamos las medidas que ha puesto en marcha la Uni\u00f3n Europea<\/strong> para combatir la crisis de la vivienda que afecta al Viejo Continente.<\/p>\n<h2>\u00bfQu\u00e9 iniciativas ha puesto en marcha la UE para frenar la crisis de la vivienda?<\/h2>\n<p>Partiendo de la base de que la vivienda es competencia de cada estado, la UE ha puesto en marcha algunas medidas para combatir<a href=\"https:\/\/www.fotocasa.es\/fotocasa-life\/sector\/hay-una-crisis-de-la-vivienda-en-europa-el-parlamento-europeo-dice-que-si\/\"><strong> la crisis de la vivienda que amenaza Europa<\/strong><\/a>. De hecho, la Uni\u00f3n ha decidido adoptar un papel m\u00e1s protag\u00f3nico en el sector de la vivienda.<\/p>\n","protected":false},"excerpt":{"rendered":"<p>La UE ha puesto en marcha varias medidas para combatir la crisis de la vivienda y se esperan nuevas iniciativas a lo largo de 2026.<\/p>\n","protected":false},"author":283,"featured_media":102682,"comment_status":"open","ping_status":"closed","sticky":false,"template":"","format":"standard","meta":{"_lmt_disableupdate":"yes","_lmt_disable":"","footnotes":""},"categories":[2327],"tags":[4489,2184,13808,11957,286,7802],"class_list":["post-102681","post","type-post","status-publish","format-standard","has-post-thumbnail","hentry","category-sector","tag-alquilar","tag-comprar","tag-crisis-de-la-vivienda","tag-sector","tag-union-europea","tag-vivienda-asequible"],"modified_by":"Javier Mezcua","_links":{"self":[{"href":"https:\/\/www.fotocasa.es\/fotocasa-life\/wp-json\/wp\/v2\/posts\/102681","targetHints":{"allow":["GET"]}}],"collection":[{"href":"https:\/\/www.fotocasa.es\/fotocasa-life\/wp-json\/wp\/v2\/posts"}],"about":[{"href":"https:\/\/www.fotocasa.es\/fotocasa-life\/wp-json\/wp\/v2\/types\/post"}],"author":[{"embeddable":true,"href":"https:\/\/www.fotocasa.es\/fotocasa-life\/wp-json\/wp\/v2\/users\/283"}],"replies":[{"embeddable":true,"href":"https:\/\/www.fotocasa.es\/fotocasa-life\/wp-json\/wp\/v2\/comments?post=102681"}],"version-history":[{"count":0,"href":"https:\/\/www.fotocasa.es\/fotocasa-life\/wp-json\/wp\/v2\/posts\/102681\/revisions"}],"wp:featuredmedia":[{"embeddable":true,"href":"https:\/\/www.fotocasa.es\/fotocasa-life\/wp-json\/wp\/v2\/media\/102682"}],"wp:attachment":[{"href":"https:\/\/www.fotocasa.es\/fotocasa-life\/wp-json\/wp\/v2\/media?parent=102681"}],"wp:term":[{"taxonomy":"category","embeddable":true,"href":"https:\/\/www.fotocasa.es\/fotocasa-life\/wp-json\/wp\/v2\/categories?post=102681"},{"taxonomy":"post_tag","embeddable":true,"href":"https:\/\/www.fotocasa.es\/fotocasa-life\/wp-json\/wp\/v2\/tags?post=102681"}],"curies":[{"name":"wp","href":"https:\/\/api.w.org\/{rel}","templated":true}]}}