{"id":102645,"date":"2026-04-29T09:00:27","date_gmt":"2026-04-29T07:00:27","guid":{"rendered":"https:\/\/www.fotocasa.es\/fotocasa-life\/?p=102645"},"modified":"2026-04-29T09:00:27","modified_gmt":"2026-04-29T07:00:27","slug":"combien-de-temps-rester-espagne","status":"publish","type":"post","link":"https:\/\/www.fotocasa.es\/fotocasa-life\/compraventa\/combien-de-temps-rester-espagne\/?lang=fr","title":{"rendered":"Combien de temps puis-je rester en Espagne au maximum en 2026 ?"},"content":{"rendered":"<table class=\"table table-striped table-color-200\">\n<tbody>\n<tr>\n<td>\n<ul>\n<li><strong>Tourisme :<\/strong> Les citoyens <strong>non-communautaires<\/strong> ont une limite de <strong>90 jours par semestre<\/strong> ; ceux de l&#8217;<strong>UE<\/strong> peuvent rester <strong>jusqu&#8217;\u00e0 3 mois sans formalit\u00e9s pr\u00e9alables<\/strong>.<\/li>\n<li><strong>R\u00e9sidence fiscale :<\/strong> S\u00e9journer <strong>plus de 183 jours<\/strong> calendaires en Espagne est le principal indicateur pour \u00eatre consid\u00e9r\u00e9 comme r\u00e9sident fiscal par l&#8217;<strong>Agencia Tributaria<\/strong>.<\/li>\n<li><strong>Golden Visa :<\/strong> Depuis 2026, ce visa par investissement immobilier <strong>n&#8217;est plus une voie valide pour obtenir la r\u00e9sidence sur le territoire espagnol.<\/strong><\/li>\n<\/ul>\n<\/td>\n<\/tr>\n<\/tbody>\n<\/table>\n<p data-path-to-node=\"8\">De nombreux \u00e9trangers se demandent combien de temps ils peuvent s\u00e9journer l\u00e9galement sur le territoire espagnol. La r\u00e9ponse varie consid\u00e9rablement en fonction de votre pays d&#8217;origine et du motif de votre s\u00e9jour.<\/p>\n<p data-path-to-node=\"9\">Depuis <b data-path-to-node=\"9\" data-index-in-node=\"6\">Fotocasa Life<\/b>, nous expliquons les diff\u00e9rences qui s&#8217;appliquent aux citoyens de l&#8217;Union europ\u00e9enne et aux ressortissants de pays tiers, les d\u00e9lais fix\u00e9s par la loi et les d\u00e9marches que vous devez effectuer pour ne pas vous retrouver en situation irr\u00e9guli\u00e8re. Nous aborderons de la c\u00e9l\u00e8bre <strong>\u00abr\u00e8gle des 90 jours\u00bb<\/strong> aux autorisations de travail, jusqu&#8217;\u00e0 la fin du <strong>Golden Visa<\/strong>.<\/p>\n<p data-path-to-node=\"10\">Savez-vous exactement quel jour expire votre permis de s\u00e9jour en Espagne ?<\/p>\n<h2 data-path-to-node=\"11\">Combien de temps un touriste peut-il rester en Espagne en 2026 ?<\/h2>\n<p data-path-to-node=\"3\"><strong>Les citoyens de l&#8217;Union europ\u00e9enne peuvent rester jusqu&#8217;\u00e0 90 jours sans effectuer de d\u00e9marches, <\/strong>tandis que les<strong> voyageurs non-communautaires sont soumis \u00e0 la \u00abr\u00e8gle des 90 jours\u00bb par semestre.<\/strong><\/p>\n<p data-path-to-node=\"4\">Cette distinction est fondamentale pour \u00e9viter des situations d&#8217;irr\u00e9gularit\u00e9 migratoire. Il est important de pr\u00e9ciser que certaines d\u00e9marches comme <a href=\"https:\/\/www.fotocasa.es\/fotocasa-life\/acheter\/acheter-maison-en-espagne-etranger-non-resident\/?lang=fr\">acheter une maison en Espagne<\/a> ne permettent pas de prolonger ce d\u00e9lai.<\/p>\n<p data-path-to-node=\"4\">Pour calculer correctement votre s\u00e9jour et ne pas d\u00e9passer la limite, il est recommand\u00e9 d&#8217;utiliser le <a href=\"https:\/\/ec.europa.eu\/assets\/home\/visa-calculator\/calculator.htm?lang=fr\" target=\"_blank\" rel=\"noopener\">calculateur officiel de la Commission europ\u00e9enne pour l&#8217;Espace Schengen<\/a>.<\/p>\n<p data-path-to-node=\"4\">Ci-dessous, nous d\u00e9taillons les d\u00e9lais selon l&#8217;origine du voyageur :<\/p>\n<h3 data-path-to-node=\"5\">Citoyens de l&#8217;UE, de l&#8217;EEE et de la Suisse<\/h3>\n<p data-path-to-node=\"6\">Selon le <b data-path-to-node=\"6\" data-index-in-node=\"9\">Real Decreto 240\/2007<\/b> (D\u00e9cret royal 240\/2007), si vous appartenez \u00e0 un pays de l&#8217;Union europ\u00e9enne, de l&#8217;Espace \u00e9conomique europ\u00e9en ou \u00e0 la Suisse, vous avez le droit de circuler et de r\u00e9sider librement en Espagne pour une p\u00e9riode allant jusqu&#8217;\u00e0 <b data-path-to-node=\"6\" data-index-in-node=\"196\">trois meses<\/b> (90 jours). Pendant cette p\u00e9riode, <strong>vous n&#8217;avez besoin d&#8217;aucune autorisation sp\u00e9ciale ni d&#8217;enregistrement<\/strong> ; il suffit d&#8217;avoir votre passeport ou votre Carte Nationale d&#8217;Identit\u00e9 (CNI) en vigueur.<\/p>\n<h3 data-path-to-node=\"7\">Citoyens hors Union europ\u00e9enne (Non-communautaires)<\/h3>\n<p data-path-to-node=\"8\">Pour les voyageurs provenant de pays tiers (comme les \u00c9tats-Unis, le Royaume-Uni ou la plupart des pays d&#8217;Am\u00e9rique latine), le s\u00e9jour est r\u00e9gi par le Code fronti\u00e8res Schengen et la \u00abr\u00e8gle des 90 jours\u00bb s&#8217;applique. Ces touristes peuvent s\u00e9journer en Espagne (et dans le reste de l&#8217;espace Schengen) un <b data-path-to-node=\"8\" data-index-in-node=\"275\">maximum de 90 jours sur toute p\u00e9riode de 180 jours<\/b>.<\/p>\n","protected":false},"excerpt":{"rendered":"<p>Fotocasa est le portail immobilier expert si vous recherchez votre logement en Espagne et souhaitez dissiper vos doutes en mati\u00e8re de logement<\/p>\n","protected":false},"author":282,"featured_media":102652,"comment_status":"open","ping_status":"closed","sticky":false,"template":"","format":"standard","meta":{"_lmt_disableupdate":"yes","_lmt_disable":"","footnotes":""},"categories":[3,4285],"tags":[13702,13698,13701,13700,14823,13699,13693,14737,13695],"class_list":["post-102645","post","type-post","status-publish","format-standard","has-post-thumbnail","hentry","category-compraventa","category-consultorio","tag-acheter","tag-acheter-en-espagne","tag-doutes-logement","tag-experts-en-logement-en-espagne","tag-foreign","tag-marche-achat-logement-espagne","tag-marche-immobilier","tag-residencia-espana","tag-vivre-en-espagne"],"modified_by":"Patricia Andr\u00e9s","_links":{"self":[{"href":"https:\/\/www.fotocasa.es\/fotocasa-life\/wp-json\/wp\/v2\/posts\/102645","targetHints":{"allow":["GET"]}}],"collection":[{"href":"https:\/\/www.fotocasa.es\/fotocasa-life\/wp-json\/wp\/v2\/posts"}],"about":[{"href":"https:\/\/www.fotocasa.es\/fotocasa-life\/wp-json\/wp\/v2\/types\/post"}],"author":[{"embeddable":true,"href":"https:\/\/www.fotocasa.es\/fotocasa-life\/wp-json\/wp\/v2\/users\/282"}],"replies":[{"embeddable":true,"href":"https:\/\/www.fotocasa.es\/fotocasa-life\/wp-json\/wp\/v2\/comments?post=102645"}],"version-history":[{"count":0,"href":"https:\/\/www.fotocasa.es\/fotocasa-life\/wp-json\/wp\/v2\/posts\/102645\/revisions"}],"wp:featuredmedia":[{"embeddable":true,"href":"https:\/\/www.fotocasa.es\/fotocasa-life\/wp-json\/wp\/v2\/media\/102652"}],"wp:attachment":[{"href":"https:\/\/www.fotocasa.es\/fotocasa-life\/wp-json\/wp\/v2\/media?parent=102645"}],"wp:term":[{"taxonomy":"category","embeddable":true,"href":"https:\/\/www.fotocasa.es\/fotocasa-life\/wp-json\/wp\/v2\/categories?post=102645"},{"taxonomy":"post_tag","embeddable":true,"href":"https:\/\/www.fotocasa.es\/fotocasa-life\/wp-json\/wp\/v2\/tags?post=102645"}],"curies":[{"name":"wp","href":"https:\/\/api.w.org\/{rel}","templated":true}]}}