{"id":10263,"date":"2016-01-12T16:20:56","date_gmt":"2016-01-12T15:20:56","guid":{"rendered":"https:\/\/www.fotocasa.es\/fotocasa-life\/?p=10263"},"modified":"2020-11-27T11:28:12","modified_gmt":"2020-11-27T10:28:12","slug":"el-euribor-podria-cerrar-2016-en-el-01-y-volver-a-positivo-en-2017","status":"publish","type":"post","link":"https:\/\/www.fotocasa.es\/fotocasa-life\/hipotecas-finanzas\/el-euribor-podria-cerrar-2016-en-el-01-y-volver-a-positivo-en-2017\/","title":{"rendered":"El Eur\u00edbor podr\u00eda cerrar 2016 en el -0,1% y volver a positivo en 2017"},"content":{"rendered":"<p>El Eur\u00edbor, \u00edndice al que est\u00e1n referenciadas la mayor\u00eda de las <a href=\"https:\/\/www.fotocasa.es\/fotocasa-life\/hipotecas-finanzas\/cinco-aspectos-a-tener-en-cuenta-antes-de-contratar-una-hipoteca\/\"><strong>hipotecas espa\u00f1olas<\/strong>,<\/a> podr\u00eda cerrar el ejercicio en el -0,1% y volver al positivo en 2017, seg\u00fan el departamento de an\u00e1lisis de Bankinter, que advierte de que esta situaci\u00f3n \u00abhar\u00e1 la vida realmente dif\u00edcil a los bancos\u00bb, especialmente a aquellos que est\u00e1n enfocados en banca minorista y \u00abcarentes de factores estrat\u00e9gicos diferenciales\u00bb.<\/p>\n<p>Los expertos se\u00f1alan que <strong>las perspectivas de la <a href=\"https:\/\/www.fotocasa.es\/fotocasa-life\/hipotecas-finanzas\/el-banco-de-espana-confirma-el-minimo-historico-del-euribor\/\">evoluci\u00f3n del Eur\u00edbor<\/a> hay que contemplarlas en el contexto \u00abduradero\u00bb de bajos tipos de inter\u00e9s pr\u00f3ximos a cero<\/strong>, con tipos oficiales de dinero en la Eurozona que continuar\u00e1n en la tasa actual (0,05%) en los pr\u00f3ximos a\u00f1os y las medidas aplicadas por el Banco Central Europeo (BCE), que se mantendr\u00e1n o profundizar\u00e1n.<\/p>\n<p>\u00abTodos estos factores <strong>hacen probable que no tardemos en tener el Eur\u00edbor a 12 meses en negativo<\/strong>, lo que har\u00e1 la vida realmente dif\u00edcil a los bancos, al menos a aquellos enfocados en banca minorista y carentes de factores estrat\u00e9gicos diferenciales\u00bb, apuntan.<\/p>\n<p>Con este contexto, los analistas de Bankinter entienden que <strong>un Eur\u00edbor cercano a cero o incluso en tasas negativas<\/strong> \u00abpermitir\u00e1 que la <strong>financiaci\u00f3n no sea un obst\u00e1culo<\/strong> para la sostenibilidad del ciclo econ\u00f3mico expansivo\u00bb actual.<\/p>\n<p>En cuanto al cr\u00e9dito al sector privado, Bankinter estima que el cr\u00e9dito a empresas crecer\u00e1 en t\u00e9rminos netos en 2016 y 2017 y las <a href=\"https:\/\/www.fotocasa.es\/fotocasa-life\/hipotecas-finanzas\/reactivacion-del-mercado-hipotecario-en-2016\/\"><strong>hipotecas nuevas<\/strong><\/a> compensar\u00e1n \u00aben buena medida\u00bb las que se amorticen en 2016 y tambi\u00e9n crecer\u00e1n en t\u00e9rminos netos en 2017.<\/p>\n<p><strong>Suelo en el 0,04%<\/strong><\/p>\n<p>Estas opiniones contrastan con las ofrecidas a Europa Press por el analista de XTB Jaime D\u00edez, quien ve un futuro incierto para el \u00edndice en 2016 y augura que su suelo se podr\u00eda encontrar en niveles cercanos al 0,04% durante el primer tercio del a\u00f1o para pasar a un rango de lateralidad y posterior subida con el paso de los meses.<\/p>\n<p>Desde su punto de vista, \u00abel &#8216;objetivo&#8217; del 0,00% se desvaneci\u00f3\u00bb cuando el presidente del BCE, Mario Draghi, \u00abno sac\u00f3 toda su artiller\u00eda el 3 de diciembre\u00bb. \u00abActualmente parece dif\u00edcil que vaya a tener que sacarla en 2016\u00bb, adelanta.<\/p>\n<p>No obstante, este experto s\u00ed coincide con Bankinter en que los bajos niveles del \u00edndice permitir\u00e1n que este a\u00f1o exista una <a href=\"https:\/\/www.fotocasa.es\/fotocasa-life\/hipotecas\/los-prestamos-a-los-hogares-crecen-al-mayor-ritmo-en-cuatro-anos\"><strong>mayor facilidad para asumir nuevos cr\u00e9ditos<\/strong><\/a>, tanto por parte de familias como de empresas, lo que contribuir\u00e1 a la dinamizaci\u00f3n de la econom\u00eda.<\/p>\n<p>El Eur\u00edbor cerr\u00f3 el ejercicio 2015 en el <a href=\"https:\/\/www.fotocasa.es\/fotocasa-life\/hipotecas-finanzas\/el-euribor-cierra-diciembre-en-el-0059-nuevo-minimo-historico\/\"><strong>m\u00ednimo hist\u00f3rico del 0,059%<\/strong><\/a>, acumulando una ca\u00edda anual del 80%, la mayor de la \u00faltima d\u00e9cada.<\/p>\n<p>&nbsp;<\/p>\n","protected":false},"excerpt":{"rendered":"<p>El Eur\u00edbor, \u00edndice al que est\u00e1n referenciadas la mayor\u00eda de las hipotecas espa\u00f1olas, podr\u00eda cerrar el ejercicio en el -0,1% y volver al positivo en 2017, seg\u00fan el departamento de an\u00e1lisis de Bankinter, que advierte de que esta situaci\u00f3n \u00abhar\u00e1 la vida realmente dif\u00edcil a los bancos\u00bb, especialmente a aquellos que est\u00e1n enfocados en banca&#8230;<\/p>\n","protected":false},"author":3,"featured_media":10265,"comment_status":"open","ping_status":"open","sticky":false,"template":"","format":"standard","meta":{"_lmt_disableupdate":"yes","_lmt_disable":"","footnotes":""},"categories":[6],"tags":[118,135,136,1862,216],"class_list":["post-10263","post","type-post","status-publish","format-standard","has-post-thumbnail","hentry","category-hipotecas-finanzas","tag-economia","tag-estudios","tag-euribor","tag-hipotecas","tag-prestamos-hipotecarios"],"modified_by":"Albert PC","_links":{"self":[{"href":"https:\/\/www.fotocasa.es\/fotocasa-life\/wp-json\/wp\/v2\/posts\/10263","targetHints":{"allow":["GET"]}}],"collection":[{"href":"https:\/\/www.fotocasa.es\/fotocasa-life\/wp-json\/wp\/v2\/posts"}],"about":[{"href":"https:\/\/www.fotocasa.es\/fotocasa-life\/wp-json\/wp\/v2\/types\/post"}],"author":[{"embeddable":true,"href":"https:\/\/www.fotocasa.es\/fotocasa-life\/wp-json\/wp\/v2\/users\/3"}],"replies":[{"embeddable":true,"href":"https:\/\/www.fotocasa.es\/fotocasa-life\/wp-json\/wp\/v2\/comments?post=10263"}],"version-history":[{"count":0,"href":"https:\/\/www.fotocasa.es\/fotocasa-life\/wp-json\/wp\/v2\/posts\/10263\/revisions"}],"wp:featuredmedia":[{"embeddable":true,"href":"https:\/\/www.fotocasa.es\/fotocasa-life\/wp-json\/wp\/v2\/media\/10265"}],"wp:attachment":[{"href":"https:\/\/www.fotocasa.es\/fotocasa-life\/wp-json\/wp\/v2\/media?parent=10263"}],"wp:term":[{"taxonomy":"category","embeddable":true,"href":"https:\/\/www.fotocasa.es\/fotocasa-life\/wp-json\/wp\/v2\/categories?post=10263"},{"taxonomy":"post_tag","embeddable":true,"href":"https:\/\/www.fotocasa.es\/fotocasa-life\/wp-json\/wp\/v2\/tags?post=10263"}],"curies":[{"name":"wp","href":"https:\/\/api.w.org\/{rel}","templated":true}]}}