{"id":102619,"date":"2026-04-29T08:00:31","date_gmt":"2026-04-29T06:00:31","guid":{"rendered":"https:\/\/www.fotocasa.es\/fotocasa-life\/?p=102619"},"modified":"2026-04-29T08:00:31","modified_gmt":"2026-04-29T06:00:31","slug":"donde-poner-la-airfryer-en-una-cocina-pequena-9-ideas-con-estilo-para-tener-la-encimera-despejada","status":"publish","type":"post","link":"https:\/\/www.fotocasa.es\/fotocasa-life\/hogar\/donde-poner-la-airfryer-en-una-cocina-pequena-9-ideas-con-estilo-para-tener-la-encimera-despejada\/","title":{"rendered":"\u00bfD\u00f3nde poner la airfryer en una cocina peque\u00f1a? 9 ideas con estilo para tener la encimera despejada"},"content":{"rendered":"<table class=\"table table-striped table-color-200\">\n<tbody>\n<tr>\n<td>\n<ul>\n<li>En una esquina de la encimera, en la despensa, en una balda&#8230; Encontrar el sitio ideal d\u00f3nde poner la airfryer en una cocina peque\u00f1a depende de la ventilaci\u00f3n, el enchufe y el uso diario que le des.<\/li>\n<li>Hay soluciones ingeniosas, m\u00f3viles o integradas, para liberar superficie de trabajo y que la cocina resulte m\u00e1s pr\u00e1ctica.<\/li>\n<li>Ordenar mejor los peque\u00f1os electrodom\u00e9sticos, agrup\u00e1ndolos por uso, hace que la cocina parezca m\u00e1s grande.<\/li>\n<\/ul>\n<\/td>\n<\/tr>\n<\/tbody>\n<\/table>\n<p>Este peque\u00f1o electrodom\u00e9stico de cocci\u00f3n ya forma parte de muchas casas pero, cuando faltan metros, surge la gran pregunta: <strong>\u00bfd\u00f3nde poner la airfryer en una cocina peque\u00f1a sin que invada la encimera?<\/strong> Entre cafetera, tostadora y despensa, cada cent\u00edmetro cuenta. La buena noticia es que existen soluciones est\u00e9ticas y f\u00e1ciles de aplicar para convivir con ella sin renunciar al orden ni al estilo.<strong> En Fotocasa Life te damos las mejores ideas para incluirla<\/strong> sin que distorsione el espacio de trabajo.<\/p>\n","protected":false},"excerpt":{"rendered":"<p>Si te preguntas d\u00f3nde poner la airfryer en una cocina peque\u00f1a, estas 9 soluciones pr\u00e1cticas y decorativas te ayudar\u00e1n a ganar espacio y mantener la encimera ordenada<\/p>\n","protected":false},"author":281,"featured_media":102620,"comment_status":"open","ping_status":"closed","sticky":false,"template":"","format":"standard","meta":{"_lmt_disableupdate":"yes","_lmt_disable":"","footnotes":""},"categories":[2285],"tags":[18,4289,2311,2412,6455],"class_list":["post-102619","post","type-post","status-publish","format-standard","has-post-thumbnail","hentry","category-hogar","tag-almacenaje","tag-cocina","tag-decoracion","tag-hogar","tag-orden-en-la-cocina"],"modified_by":"Roser Vendrell","_links":{"self":[{"href":"https:\/\/www.fotocasa.es\/fotocasa-life\/wp-json\/wp\/v2\/posts\/102619","targetHints":{"allow":["GET"]}}],"collection":[{"href":"https:\/\/www.fotocasa.es\/fotocasa-life\/wp-json\/wp\/v2\/posts"}],"about":[{"href":"https:\/\/www.fotocasa.es\/fotocasa-life\/wp-json\/wp\/v2\/types\/post"}],"author":[{"embeddable":true,"href":"https:\/\/www.fotocasa.es\/fotocasa-life\/wp-json\/wp\/v2\/users\/281"}],"replies":[{"embeddable":true,"href":"https:\/\/www.fotocasa.es\/fotocasa-life\/wp-json\/wp\/v2\/comments?post=102619"}],"version-history":[{"count":0,"href":"https:\/\/www.fotocasa.es\/fotocasa-life\/wp-json\/wp\/v2\/posts\/102619\/revisions"}],"wp:featuredmedia":[{"embeddable":true,"href":"https:\/\/www.fotocasa.es\/fotocasa-life\/wp-json\/wp\/v2\/media\/102620"}],"wp:attachment":[{"href":"https:\/\/www.fotocasa.es\/fotocasa-life\/wp-json\/wp\/v2\/media?parent=102619"}],"wp:term":[{"taxonomy":"category","embeddable":true,"href":"https:\/\/www.fotocasa.es\/fotocasa-life\/wp-json\/wp\/v2\/categories?post=102619"},{"taxonomy":"post_tag","embeddable":true,"href":"https:\/\/www.fotocasa.es\/fotocasa-life\/wp-json\/wp\/v2\/tags?post=102619"}],"curies":[{"name":"wp","href":"https:\/\/api.w.org\/{rel}","templated":true}]}}