{"id":102570,"date":"2026-04-28T08:00:10","date_gmt":"2026-04-28T06:00:10","guid":{"rendered":"https:\/\/www.fotocasa.es\/fotocasa-life\/?p=102570"},"modified":"2026-04-28T08:00:10","modified_gmt":"2026-04-28T06:00:10","slug":"cuando-pagan-las-ayudas-de-alquiler-en-cataluna-en-2026-plazos-reales-y-ayudas-activas","status":"publish","type":"post","link":"https:\/\/www.fotocasa.es\/fotocasa-life\/subvenciones\/cuando-pagan-las-ayudas-de-alquiler-en-cataluna-en-2026-plazos-reales-y-ayudas-activas\/","title":{"rendered":"Cu\u00e1ndo pagan las ayudas de alquiler en Catalu\u00f1a en 2026: plazos reales y ayudas activas"},"content":{"rendered":"<table class=\"table table-striped table-color-200\">\n<tbody>\n<tr>\n<td>\n<ul>\n<li>En Catalu\u00f1a no hay una fecha \u00fanica de pago: las ayudas se abonan tras la resoluci\u00f3n favorable de cada solicitud, seg\u00fan la Ag\u00e8ncia de l\u2019Habitatge de Catalunya.<\/li>\n<li>La ayuda al alquiler para personas de 36 a 64 a\u00f1os abri\u00f3 del <strong>14 al 30 de abril de 2026<\/strong>.<\/li>\n<li>En 2026 siguen vigentes l\u00edneas para j\u00f3venes, mayores de 65 a\u00f1os y prestaciones de especial urgencia, seg\u00fan la Generalitat de Catalunya.<\/li>\n<\/ul>\n<\/td>\n<\/tr>\n<\/tbody>\n<\/table>\n<p>La duda es recurrente cada a\u00f1o: \u00bfcu\u00e1ndo pagan las ayudas de alquiler en Catalu\u00f1a? En 2026 la Generalitat mantiene varias subvenciones para facilitar el pago de la renta, pero<strong> cada programa tiene su propio calendario<\/strong>. Eso significa que no existe una fecha universal de ingreso. Lo importante es saber <strong>qu\u00e9 ayuda has pedido, en qu\u00e9 fase est\u00e1 el expediente y qu\u00e9 plazos maneja la administraci\u00f3n<\/strong>. En Fotocasa repasamos los datos oficiales y actualizados.<\/p>\n","protected":false},"excerpt":{"rendered":"<p>Si te preguntas cu\u00e1ndo pagan las ayudas de alquiler en Catalu\u00f1a, repasamos las convocatorias oficiales de 2026, qu\u00e9 ayudas siguen activas y cu\u00e1ndo suele llegar el pago seg\u00fan cada expediente<\/p>\n","protected":false},"author":281,"featured_media":102572,"comment_status":"open","ping_status":"closed","sticky":false,"template":"","format":"standard","meta":{"_lmt_disableupdate":"yes","_lmt_disable":"","footnotes":""},"categories":[11834],"tags":[1859,4559,11835,14513],"class_list":["post-102570","post","type-post","status-publish","format-standard","has-post-thumbnail","hentry","category-subvenciones","tag-alquiler","tag-ayudas-alquiler","tag-ayudas-y-subvenciones","tag-catalunya"],"modified_by":"Agustina Battioli","_links":{"self":[{"href":"https:\/\/www.fotocasa.es\/fotocasa-life\/wp-json\/wp\/v2\/posts\/102570","targetHints":{"allow":["GET"]}}],"collection":[{"href":"https:\/\/www.fotocasa.es\/fotocasa-life\/wp-json\/wp\/v2\/posts"}],"about":[{"href":"https:\/\/www.fotocasa.es\/fotocasa-life\/wp-json\/wp\/v2\/types\/post"}],"author":[{"embeddable":true,"href":"https:\/\/www.fotocasa.es\/fotocasa-life\/wp-json\/wp\/v2\/users\/281"}],"replies":[{"embeddable":true,"href":"https:\/\/www.fotocasa.es\/fotocasa-life\/wp-json\/wp\/v2\/comments?post=102570"}],"version-history":[{"count":0,"href":"https:\/\/www.fotocasa.es\/fotocasa-life\/wp-json\/wp\/v2\/posts\/102570\/revisions"}],"wp:featuredmedia":[{"embeddable":true,"href":"https:\/\/www.fotocasa.es\/fotocasa-life\/wp-json\/wp\/v2\/media\/102572"}],"wp:attachment":[{"href":"https:\/\/www.fotocasa.es\/fotocasa-life\/wp-json\/wp\/v2\/media?parent=102570"}],"wp:term":[{"taxonomy":"category","embeddable":true,"href":"https:\/\/www.fotocasa.es\/fotocasa-life\/wp-json\/wp\/v2\/categories?post=102570"},{"taxonomy":"post_tag","embeddable":true,"href":"https:\/\/www.fotocasa.es\/fotocasa-life\/wp-json\/wp\/v2\/tags?post=102570"}],"curies":[{"name":"wp","href":"https:\/\/api.w.org\/{rel}","templated":true}]}}