{"id":10253,"date":"2016-01-13T10:45:22","date_gmt":"2016-01-13T09:45:22","guid":{"rendered":"https:\/\/www.fotocasa.es\/fotocasa-life\/?p=10253"},"modified":"2020-11-27T11:28:12","modified_gmt":"2020-11-27T10:28:12","slug":"la-pah-exige-al-nuevo-congreso-que-legisle-con-urgencia","status":"publish","type":"post","link":"https:\/\/www.fotocasa.es\/fotocasa-life\/hipotecas-finanzas\/la-pah-exige-al-nuevo-congreso-que-legisle-con-urgencia\/","title":{"rendered":"La PAH exige \u00abcon urgencia\u00bb una soluci\u00f3n para acabar con los desahucios"},"content":{"rendered":"<p>La Plataforma de Afectados por las Hipotecas (PAH) ha enviado una carta abierta a los diputados electos en el nuevo Congreso para exigirles que legislen \u00abcon urgencia\u00bb una soluci\u00f3n para <strong>acabar con los desahucios<\/strong> que pase por sus cinco propuestas \u00abde m\u00ednimos\u00bb. Esto es, <strong>daci\u00f3n en pago retroactiva<\/strong>, <strong>alquileres asequibles<\/strong>, <strong>paralizar los desahucios<\/strong>, <strong>viviendas sociales p\u00fablicas<\/strong> y <strong>suministros garantizados frente a la pobreza energ\u00e9tica<\/strong>.<\/p>\n<p>En su misiva, la plataforma advierte de que no reconocer\u00e1 la \u00ablegitimidad de ning\u00fan Gobierno que no legisle estas demandas en el primer pleno del Congreso\u00bb tras su constituci\u00f3n, que tendr\u00e1 lugar el mi\u00e9rcoles 13 de enero, y exige que cualquier pacto para investir al nuevo presidente recoja \u00ablas cinco de la PAH\u00bb.<\/p>\n<p>\u00abEl deber de cada uno de ustedes, diputados, deber\u00eda ser representar a esa gran mayor\u00eda social que aspira a que<strong> la pr\u00f3xima generaci\u00f3n jam\u00e1s tenga que sufrir ni un solo <a href=\"https:\/\/www.fotocasa.es\/fotocasa-life\/hipotecas-finanzas\/como-actuar-ante-una-ejecucion-hipotecaria\/\">desahucio<\/a><\/strong>. Demuestren que han llegado para hacer valer el sentido com\u00fan y el futuro de todas las familias. Interpelen a sus partidos, fu\u00e9rcenlos a un compromiso f\u00e9rreo con las cinco demandas de la PAH\u00bb, contin\u00faa la carta.<\/p>\n<p>E insiste en su interpelaci\u00f3n a los parlamentarios, que tienen \u00abla soluci\u00f3n en sus manos\u00bb y que deber\u00edan considerar \u00abinaceptable\u00bb cualquier pacto de legislatura que no est\u00e9 vinculado al \u00abcumplimiento del art\u00edculo 47 de la Constituci\u00f3n\u00bb. <strong>\u00abNo permitan que el nuevo Congreso no legisle para detener esta sangr\u00eda de una vez por todas<\/strong>. La soluci\u00f3n est\u00e1 frente a ustedes, ahora s\u00f3lo es cuesti\u00f3n de su voluntad pol\u00edtica\u00bb, apostilla.<\/p>\n<p><strong>\u00abNo pararemos\u00bb<\/strong><\/p>\n<p><strong><img loading=\"lazy\" decoding=\"async\" class=\"aligncenter wp-image-10254 size-large\" src=\"https:\/\/www.fotocasa.es\/fotocasa-life\/wp-content\/uploads\/2016\/01\/Vivienda_cerrada-676x420.jpg\" alt=\"Vivienda_cerrada\" width=\"676\" height=\"420\" title=\"-\"><\/strong><\/p>\n<p>Adem\u00e1s, la Plataforma avisa de que<strong> no \u00abparar\u00e1\u00bb en sus reivindicaciones y \u00abse\u00f1alizar\u00e1 a todo el que se interponga en la protecci\u00f3n\u00bb de los derechos ciudadanos<\/strong> y en la consecuci\u00f3n de unas propuestas \u00abtotalmente necesarias y realizables\u00bb como son las que ellos plantean y que s\u00f3lo Unidad Popular-IU y Podemos incluyeron en su programa electoral, seg\u00fan recuerdan.<\/p>\n<p>\u00abAhora llega el momento de la verdad. Se ha formado un nuevo Congreso y cada diputado debe decidir qu\u00e9 escoge. <strong>No se trata \u00fanicamente de <a href=\"https:\/\/www.fotocasa.es\/fotocasa-life\/hipotecas-finanzas\/los-desahucios-de-inmuebles-caen-en-el-tercer-trimestre\/\">paralizar los desahucios<\/a><\/strong>, se trata de conquistas, en may\u00fasculas, <strong>el Derecho a la Vivienda<\/strong>\u00ab, reivindica.<\/p>\n<p>Un derecho que pasa por dar una soluci\u00f3n a las m\u00e1s de 650.000 familias que han sufrido lanzamientos hipotecarios desde 2007, a quienes ahora sufren desahucios de sus viviendas en alquiler y que ya suponen el <strong>51% del total de los procedimientos<\/strong> y al <strong>17% de la poblaci\u00f3n que sufre pobreza energ\u00e9tica<\/strong>, seg\u00fan recuerda la <a href=\"https:\/\/afectadosporlahipoteca.com\/\" target=\"_blank\" rel=\"noopener noreferrer\"><strong>PAH<\/strong><\/a>.<\/p>\n","protected":false},"excerpt":{"rendered":"<p>La Plataforma de Afectados por las Hipotecas (PAH) ha enviado una carta abierta a los diputados electos en el nuevo Congreso para exigirles que legislen \u00abcon urgencia\u00bb una soluci\u00f3n para acabar con los desahucios que pase por sus cinco propuestas \u00abde m\u00ednimos\u00bb. Esto es, daci\u00f3n en pago retroactiva, alquileres asequibles, paralizar los desahucios, viviendas sociales&#8230;<\/p>\n","protected":false},"author":3,"featured_media":10256,"comment_status":"open","ping_status":"open","sticky":false,"template":"","format":"standard","meta":{"_lmt_disableupdate":"yes","_lmt_disable":"","footnotes":""},"categories":[6],"tags":[358,359,2015],"class_list":["post-10253","post","type-post","status-publish","format-standard","has-post-thumbnail","hentry","category-hipotecas-finanzas","tag-desahucios","tag-ejecucion-hipotecaria","tag-pah"],"modified_by":"Albert PC","_links":{"self":[{"href":"https:\/\/www.fotocasa.es\/fotocasa-life\/wp-json\/wp\/v2\/posts\/10253","targetHints":{"allow":["GET"]}}],"collection":[{"href":"https:\/\/www.fotocasa.es\/fotocasa-life\/wp-json\/wp\/v2\/posts"}],"about":[{"href":"https:\/\/www.fotocasa.es\/fotocasa-life\/wp-json\/wp\/v2\/types\/post"}],"author":[{"embeddable":true,"href":"https:\/\/www.fotocasa.es\/fotocasa-life\/wp-json\/wp\/v2\/users\/3"}],"replies":[{"embeddable":true,"href":"https:\/\/www.fotocasa.es\/fotocasa-life\/wp-json\/wp\/v2\/comments?post=10253"}],"version-history":[{"count":0,"href":"https:\/\/www.fotocasa.es\/fotocasa-life\/wp-json\/wp\/v2\/posts\/10253\/revisions"}],"wp:featuredmedia":[{"embeddable":true,"href":"https:\/\/www.fotocasa.es\/fotocasa-life\/wp-json\/wp\/v2\/media\/10256"}],"wp:attachment":[{"href":"https:\/\/www.fotocasa.es\/fotocasa-life\/wp-json\/wp\/v2\/media?parent=10253"}],"wp:term":[{"taxonomy":"category","embeddable":true,"href":"https:\/\/www.fotocasa.es\/fotocasa-life\/wp-json\/wp\/v2\/categories?post=10253"},{"taxonomy":"post_tag","embeddable":true,"href":"https:\/\/www.fotocasa.es\/fotocasa-life\/wp-json\/wp\/v2\/tags?post=10253"}],"curies":[{"name":"wp","href":"https:\/\/api.w.org\/{rel}","templated":true}]}}