{"id":102285,"date":"2026-04-27T08:30:21","date_gmt":"2026-04-27T06:30:21","guid":{"rendered":"https:\/\/www.fotocasa.es\/fotocasa-life\/?p=102285"},"modified":"2026-04-27T08:30:21","modified_gmt":"2026-04-27T06:30:21","slug":"puedo-plantar-o-talar-arboles-en-el-jardin-lo-que-dice-la-ley-en-espana-y-las-multas-que-puedes-evitar","status":"publish","type":"post","link":"https:\/\/www.fotocasa.es\/fotocasa-life\/hogar\/puedo-plantar-o-talar-arboles-en-el-jardin-lo-que-dice-la-ley-en-espana-y-las-multas-que-puedes-evitar\/","title":{"rendered":"\u00bfPuedo plantar o talar \u00e1rboles en el jard\u00edn? Lo que dice la ley en Espa\u00f1a (y las multas que puedes evitar)"},"content":{"rendered":"<table class=\"table table-striped table-color-200\">\n<tbody>\n<tr>\n<td>\n<ul>\n<li>Plantar o talar \u00e1rboles en el jard\u00edn es legal en Espa\u00f1a, pero requiere cumplir la normativa municipal y auton\u00f3mica y, en muchos casos, pedir autorizaci\u00f3n previa.<\/li>\n<li>Existen especies protegidas y limitaciones seg\u00fan el tipo de suelo y la \u00e9poca del a\u00f1o, especialmente por biodiversidad y riesgo de incendios.<\/li>\n<li>Las sanciones pueden superar los 200.000 \u20ac en casos graves de tala ilegal, seg\u00fan legislaci\u00f3n ambiental auton\u00f3mica.<\/li>\n<\/ul>\n<\/td>\n<\/tr>\n<\/tbody>\n<\/table>\n<p>\u00bfQuieres plantar un \u00e1rbol o quitar uno que te molesta en tu jard\u00edn? Antes de hacerlo, hay algo que debes saber: no siempre es tan sencillo como parece. En Espa\u00f1a, incluso en tu propia casa, <strong>el arbolado puede estar protegido y sujeto a normas que implican permisos, restricciones y posibles sanciones<\/strong>. Antes de coger la motosierra, en Fotocasa te contamos todo lo que implica plantar o talar \u00e1rboles en el jard\u00edn.<\/p>\n","protected":false},"excerpt":{"rendered":"<p>Todo lo que debes saber sobre plantar o talar \u00e1rboles en el jard\u00edn en Espa\u00f1a en 2026: normativa aplicable, permisos necesarios, especies protegidas y sanciones<\/p>\n","protected":false},"author":281,"featured_media":102286,"comment_status":"open","ping_status":"closed","sticky":false,"template":"","format":"standard","meta":{"_lmt_disableupdate":"yes","_lmt_disable":"","footnotes":""},"categories":[2285],"tags":[2820,2412,2960],"class_list":["post-102285","post","type-post","status-publish","format-standard","has-post-thumbnail","hentry","category-hogar","tag-casas-con-jardin","tag-hogar","tag-jardines"],"modified_by":"Roser Vendrell","_links":{"self":[{"href":"https:\/\/www.fotocasa.es\/fotocasa-life\/wp-json\/wp\/v2\/posts\/102285","targetHints":{"allow":["GET"]}}],"collection":[{"href":"https:\/\/www.fotocasa.es\/fotocasa-life\/wp-json\/wp\/v2\/posts"}],"about":[{"href":"https:\/\/www.fotocasa.es\/fotocasa-life\/wp-json\/wp\/v2\/types\/post"}],"author":[{"embeddable":true,"href":"https:\/\/www.fotocasa.es\/fotocasa-life\/wp-json\/wp\/v2\/users\/281"}],"replies":[{"embeddable":true,"href":"https:\/\/www.fotocasa.es\/fotocasa-life\/wp-json\/wp\/v2\/comments?post=102285"}],"version-history":[{"count":0,"href":"https:\/\/www.fotocasa.es\/fotocasa-life\/wp-json\/wp\/v2\/posts\/102285\/revisions"}],"wp:featuredmedia":[{"embeddable":true,"href":"https:\/\/www.fotocasa.es\/fotocasa-life\/wp-json\/wp\/v2\/media\/102286"}],"wp:attachment":[{"href":"https:\/\/www.fotocasa.es\/fotocasa-life\/wp-json\/wp\/v2\/media?parent=102285"}],"wp:term":[{"taxonomy":"category","embeddable":true,"href":"https:\/\/www.fotocasa.es\/fotocasa-life\/wp-json\/wp\/v2\/categories?post=102285"},{"taxonomy":"post_tag","embeddable":true,"href":"https:\/\/www.fotocasa.es\/fotocasa-life\/wp-json\/wp\/v2\/tags?post=102285"}],"curies":[{"name":"wp","href":"https:\/\/api.w.org\/{rel}","templated":true}]}}