{"id":102283,"date":"2026-04-28T09:00:57","date_gmt":"2026-04-28T07:00:57","guid":{"rendered":"https:\/\/www.fotocasa.es\/fotocasa-life\/?p=102283"},"modified":"2026-04-28T09:00:57","modified_gmt":"2026-04-28T07:00:57","slug":"mapa-de-espana-precios-de-vivienda-seguridad-y-servicios","status":"publish","type":"post","link":"https:\/\/www.fotocasa.es\/fotocasa-life\/compraventa\/mapa-de-espana-precios-de-vivienda-seguridad-y-servicios\/","title":{"rendered":"Mapa de Espa\u00f1a: precios de vivienda, seguridad y servicios en 2026"},"content":{"rendered":"<table class=\"table table-striped table-color-200\">\n<tbody>\n<tr>\n<td>\n<ul>\n<li>El <strong>precio de la vivienda en Espa\u00f1a alcanza los 3.013 \u20ac\/m\u00b2<\/strong> en marzo de 2026, lo que sit\u00faa el coste de un<strong> piso medio de 80 m\u00b2 en 241.040 \u20ac<\/strong> (Fuente: \u00cdndice Inmobiliario Fotocasa).<\/li>\n<li>Las provincias de<strong> Teruel, C\u00e1ceres y Lugo presentan los \u00edndices de criminalidad m\u00e1s bajos del pa\u00eds<\/strong>, con una media de 21 delitos por cada 1.000 habitantes (Fuente: Balance de Criminalidad del Ministerio del Interior, a\u00f1o 2025).<\/li>\n<li>La<strong> demanda extranjera representa el 13,52% de las compras totales<\/strong>, concentr\u00e1ndose especialmente en Alicante, donde casi la mitad de las operaciones (42,9%) son internacionales (Fuente: Estad\u00edstica Registral Inmobiliaria 4T 2025).<\/li>\n<\/ul>\n<\/td>\n<\/tr>\n<\/tbody>\n<\/table>\n<p data-path-to-node=\"3\">\u00bfCu\u00e1l es el mejor lugar para vivir en Espa\u00f1a? Hemos analizado el mapa de Espa\u00f1a cruzando los \u00faltimos datos de criminalidad, transporte y precios de mercado para encontrar los <strong>verdaderos refugios inmobiliarios de este a\u00f1o.<\/strong><\/p>\n<p data-path-to-node=\"3\">Desde las playas premiadas por la IA hasta los lugares mejor conectados por avi\u00f3n: esto es todo lo que necesitas saber antes de elegir tu pr\u00f3ximo destino.<\/p>\n<p data-path-to-node=\"6\"><strong>\u00bfSab\u00edas que hay provincias donde puedes comprar cuatro casas por el precio de una sola en Baleares manteniendo una conectividad de primer nivel?<\/strong><\/p>\n<h2 data-path-to-node=\"18\">\u00bfC\u00f3mo se divide el mapa de Espa\u00f1a por comunidades y provincias en 2026?<\/h2>\n<p><iframe id=\"datawrapper-chart-L6oGN\" style=\"width: 0; min-width: 100% !important; border: none;\" title=\"Las provincias de Espa\u00f1a\" src=\"https:\/\/datawrapper.dwcdn.net\/L6oGN\/1\/\" height=\"771\" frameborder=\"0\" scrolling=\"no\" aria-label=\"Mapa coropl\u00e9tico\" data-external=\"1\"><\/iframe><script type=\"text\/javascript\">window.addEventListener(\"message\",function(a){if(void 0!==a.data[\"datawrapper-height\"]){var e=document.querySelectorAll(\"iframe\");for(var t in a.data[\"datawrapper-height\"])for(var r,i=0;r=e[i];i++)if(r.contentWindow===a.source){var d=a.data[\"datawrapper-height\"][t]+\"px\";r.style.height=d}}});<\/script><\/p>\n<p data-path-to-node=\"19\"><em>Mapa de provincias de Espa\u00f1a &#8211; Fotocasa<\/em><\/p>\n<p data-path-to-node=\"19\">Espa\u00f1a se organiza territorialmente en <b data-path-to-node=\"19\" data-index-in-node=\"39\">17 comunidades aut\u00f3nomas, dos ciudades aut\u00f3nomas (Ceuta y Melilla) y un total de 50 provincias<\/b>. Esta estructura marca grandes diferencias en el estilo de vida: desde el dinamismo de <b data-path-to-node=\"2,0\" data-index-in-node=\"221\">Madrid, como capital y centro neur\u00e1lgico<\/b>, y el peso econ\u00f3mico de metr\u00f3polis como <b data-path-to-node=\"2,0\" data-index-in-node=\"302\">Barcelona<\/b>, hasta el atractivo internacional de los <b data-path-to-node=\"2,0\" data-index-in-node=\"353\">archipi\u00e9lagos Baleares y Canarias<\/b>. Adem\u00e1s, existen grandes variaciones en el<a href=\"https:\/\/www.fotocasa.es\/fotocasa-life\/compraventa\/conoce-el-precio-de-la-vivienda-en-venta-este-mes\/\"> precio de la vivienda.\u00a0<\/a><\/p>\n<p data-path-to-node=\"19\">Para entender el mapa espa\u00f1ol, hay que saber que es un pa\u00eds marcado por la diversidad y la autonom\u00eda: cada comunidad aut\u00f3noma tiene sus propias <b data-path-to-node=\"2,1\" data-index-in-node=\"133\">competencias en \u00e1reas clave como vivienda, sanidad o educaci\u00f3n<\/b>, lo que influye directamente en los impuestos y tr\u00e1mites legales de cada regi\u00f3n. Adem\u00e1s, esta riqueza se refleja en su diversidad cultural e idiom\u00e1tica, con varias regiones donde el <b data-path-to-node=\"2,1\" data-index-in-node=\"378\">castellano convive con lenguas cooficiales<\/b> (catal\u00e1n, valenciano, gallego o euskera), un factor que dota a cada territorio de una identidad propia y \u00fanica.<\/p>\n<h3 data-path-to-node=\"22\">Mapa del norte de Espa\u00f1a: clima oce\u00e1nico y estabilidad<\/h3>\n<p data-path-to-node=\"23\">En la franja cant\u00e1brica y el noroeste, el mapa destaca por el predominio del clima oce\u00e1nico, con temperaturas suaves y precipitaciones regulares. Provincias como <b data-path-to-node=\"23\" data-index-in-node=\"162\">Lugo (21,7 delitos\/1.000 hab)<\/b> u <b data-path-to-node=\"23\" data-index-in-node=\"194\">Ourense<\/b> no solo ofrecen paisajes verdes, sino que se sit\u00faan entre las m\u00e1s seguras del pa\u00eds seg\u00fan los balances de criminalidad de 2025.<\/p>\n<h3 data-path-to-node=\"24\">Mapa del sur de Espa\u00f1a: sol y dinamismo<\/h3>\n<p data-path-to-node=\"25\">Hacia el sur, el clima mediterr\u00e1neo y el subtropical (en zonas de costa) impulsan una actividad inmobiliaria fren\u00e9tica. Provincias como <b data-path-to-node=\"25\" data-index-in-node=\"136\">M\u00e1laga<\/b> o <b data-path-to-node=\"25\" data-index-in-node=\"145\">C\u00e1diz<\/b> combinan una alta conectividad con un estilo de vida volcado al exterior, aunque con precios que reflejan esa alta demanda.<\/p>\n<h2 data-path-to-node=\"26\">\u00bfCu\u00e1nto cuesta comprar una vivienda en cada una de las provincias de Espa\u00f1a en marzo de 2026?<\/h2>\n<p><iframe id=\"datawrapper-chart-McfLV\" style=\"width: 0; min-width: 100% !important; border: none;\" title=\"\u00bfCu\u00e1nto cuesta comprar una casa en Espa\u00f1a?\" src=\"https:\/\/datawrapper.dwcdn.net\/McfLV\/1\/\" height=\"653\" frameborder=\"0\" scrolling=\"no\" aria-label=\"Mapa coropl\u00e9tico\" data-external=\"1\"><\/iframe><script type=\"text\/javascript\">window.addEventListener(\"message\",function(a){if(void 0!==a.data[\"datawrapper-height\"]){var e=document.querySelectorAll(\"iframe\");for(var t in a.data[\"datawrapper-height\"])for(var r,i=0;r=e[i];i++)if(r.contentWindow===a.source){var d=a.data[\"datawrapper-height\"][t]+\"px\";r.style.height=d}}});<\/script><\/p>\n<p data-path-to-node=\"27\"><em>Mapa de precio de la vivienda en Espa\u00f1a &#8211; Fotocasa<\/em><\/p>\n<p data-path-to-node=\"27\"><a href=\"https:\/\/www.fotocasa.es\/fotocasa-life\/quiero-comprar-casa\/\">Comprar una vivienda en Espa\u00f1a<\/a> cuesta, de media, <b data-path-to-node=\"27\" data-index-in-node=\"77\">3.013 \u20ac\/m\u00b2 en Marzo de 2026<\/b>, seg\u00fan los datos del \u00cdndice Inmobiliario de Fotocasa. Sin embargo,<strong> el precio var\u00eda much\u00edsimo seg\u00fan la zona<\/strong>. Como vemos en el mapa, no es lo mismo comprar en el centro de Madrid que en el interior de Castilla-La Mancha.<\/p>\n<p data-path-to-node=\"5\">Para que te hagas una idea real, hemos calculado <strong>cu\u00e1nto cuesta un piso est\u00e1ndar de 80 metros cuadrados<\/strong> en los dos extremos del mercado: las provincias m\u00e1s caras y las m\u00e1s baratas.<\/p>\n<p data-path-to-node=\"6\">En t\u00e9rminos generales, el mercado espa\u00f1ol se divide en dos velocidades muy marcadas. Las <b data-path-to-node=\"6\" data-index-in-node=\"89\">zonas m\u00e1s caras<\/b> se concentran en los<strong> archipi\u00e9lagos, Madrid, Barcelona y el Pa\u00eds Vasco<\/strong>, donde la presi\u00f3n del turismo y la escasez de oferta disparan los precios. Por el contrario, las <b data-path-to-node=\"6\" data-index-in-node=\"272\">zonas m\u00e1s baratas<\/b> se encuentran habitualmente en el <strong>interior peninsular<\/strong>, en provincias como Ja\u00e9n o Ciudad Real, donde es posible acceder a una vivienda con una inversi\u00f3n mucho menor sin renunciar a una buena calidad de vida.<\/p>\n<h3>Las 5 provincias m\u00e1s caras para comprar casa en Espa\u00f1a en Marzo de 2026 (datos de Fotocasa)<\/h3>\n<table class=\"table table-striped table-color-100\">\n<tbody>\n<tr>\n<th>Provincia<\/th>\n<th>Precio m\u00b2<\/th>\n<th>Piso 80 m\u00b2<\/th>\n<\/tr>\n<tr>\n<td style=\"padding: 10px; border: 1px solid #dddddd;\"><strong>Illes Balears<\/strong><\/td>\n<td style=\"padding: 10px; text-align: center; border: 1px solid #dddddd;\">5.395 \u20ac\/m\u00b2<\/td>\n<td style=\"padding: 10px; text-align: center; border: 1px solid #dddddd;\">431.574 \u20ac<\/td>\n<\/tr>\n<tr>\n<td style=\"padding: 10px; border: 1px solid #dddddd;\"><strong>Madrid<\/strong><\/td>\n<td style=\"padding: 10px; text-align: center; border: 1px solid #dddddd;\">5.372 \u20ac\/m\u00b2<\/td>\n<td style=\"padding: 10px; text-align: center; border: 1px solid #dddddd;\">429.791 \u20ac<\/td>\n<\/tr>\n<tr>\n<td style=\"padding: 10px; border: 1px solid #dddddd;\"><strong>M\u00e1laga<\/strong><\/td>\n<td style=\"padding: 10px; text-align: center; border: 1px solid #dddddd;\">4.490 \u20ac\/m\u00b2<\/td>\n<td style=\"padding: 10px; text-align: center; border: 1px solid #dddddd;\">359.218 \u20ac<\/td>\n<\/tr>\n<tr>\n<td style=\"padding: 10px; border: 1px solid #dddddd;\"><strong>Gipuzkoa<\/strong><\/td>\n<td style=\"padding: 10px; text-align: center; border: 1px solid #dddddd;\">4.458 \u20ac\/m\u00b2<\/td>\n<td style=\"padding: 10px; text-align: center; border: 1px solid #dddddd;\">356.658 \u20ac<\/td>\n<\/tr>\n<tr>\n<td style=\"padding: 10px; border: 1px solid #dddddd;\"><strong>Santa Cruz de Tenerife<\/strong><\/td>\n<td style=\"padding: 10px; text-align: center; border: 1px solid #dddddd;\">3.725 \u20ac\/m\u00b2<\/td>\n<td style=\"padding: 10px; text-align: center; border: 1px solid #dddddd;\">298.033 \u20ac<\/td>\n<\/tr>\n<\/tbody>\n<\/table>\n<p><em>Fuente: \u00cdndice Inmobiliario Fotocasa. Precios para marzo de 2026.<\/em><\/p>\n<h3>Las 5 provincias m\u00e1s baratas para comprar casa en Espa\u00f1a en Marzo de 2026 (datos de Fotocasa)<\/h3>\n<table class=\"table table-striped table-color-100\">\n<tbody>\n<tr>\n<th>Provincia<\/th>\n<th>Precio m\u00b2<\/th>\n<th>Piso 80 m\u00b2<\/th>\n<\/tr>\n<tr>\n<td style=\"padding: 10px; border: 1px solid #dddddd;\"><strong>Ja\u00e9n<\/strong><\/td>\n<td style=\"padding: 10px; text-align: center; border: 1px solid #dddddd;\">1.071 \u20ac\/m\u00b2<\/td>\n<td style=\"padding: 10px; text-align: center; border: 1px solid #dddddd;\">85.712 \u20ac<\/td>\n<\/tr>\n<tr>\n<td style=\"padding: 10px; border: 1px solid #dddddd;\"><strong>Ciudad Real<\/strong><\/td>\n<td style=\"padding: 10px; text-align: center; border: 1px solid #dddddd;\">1.077 \u20ac\/m\u00b2<\/td>\n<td style=\"padding: 10px; text-align: center; border: 1px solid #dddddd;\">86.166 \u20ac<\/td>\n<\/tr>\n<tr>\n<td style=\"padding: 10px; border: 1px solid #dddddd;\"><strong>Teruel<\/strong><\/td>\n<td style=\"padding: 10px; text-align: center; border: 1px solid #dddddd;\">1.132 \u20ac\/m\u00b2<\/td>\n<td style=\"padding: 10px; text-align: center; border: 1px solid #dddddd;\">90.564 \u20ac<\/td>\n<\/tr>\n<tr>\n<td style=\"padding: 10px; border: 1px solid #dddddd;\"><strong>Zamora<\/strong><\/td>\n<td style=\"padding: 10px; text-align: center; border: 1px solid #dddddd;\">1.213 \u20ac\/m\u00b2<\/td>\n<td style=\"padding: 10px; text-align: center; border: 1px solid #dddddd;\">97.069 \u20ac<\/td>\n<\/tr>\n<tr>\n<td style=\"padding: 10px; border: 1px solid #dddddd;\"><strong>Toledo<\/strong><\/td>\n<td style=\"padding: 10px; text-align: center; border: 1px solid #dddddd;\">1.249 \u20ac\/m\u00b2<\/td>\n<td style=\"padding: 10px; text-align: center; border: 1px solid #dddddd;\">99.938 \u20ac<\/td>\n<\/tr>\n<\/tbody>\n<\/table>\n<p><em>Fuente: \u00cdndice Inmobiliario Fotocasa. Precios para marzo de 2026.<\/em><\/p>\n<h2>Mapa de playas de Espa\u00f1a: \u00bfcu\u00e1les son las mejores playas de Espa\u00f1a seg\u00fan la IA?<\/h2>\n<div id=\"attachment_102716\" style=\"width: 1034px\" class=\"wp-caption aligncenter\"><img loading=\"lazy\" decoding=\"async\" aria-describedby=\"caption-attachment-102716\" class=\"wp-image-102716 size-large\" src=\"https:\/\/www.fotocasa.es\/fotocasa-life\/wp-content\/uploads\/2026\/04\/GettyImages-2161792429-1-1024x759.jpg\" alt=\"mapa costas espa\u00f1a\" width=\"1024\" height=\"759\" title=\"-\" srcset=\"https:\/\/www.fotocasa.es\/fotocasa-life\/wp-content\/uploads\/2026\/04\/GettyImages-2161792429-1-1024x759.jpg 1024w, https:\/\/www.fotocasa.es\/fotocasa-life\/wp-content\/uploads\/2026\/04\/GettyImages-2161792429-1-300x222.jpg 300w, https:\/\/www.fotocasa.es\/fotocasa-life\/wp-content\/uploads\/2026\/04\/GettyImages-2161792429-1-150x111.jpg 150w, https:\/\/www.fotocasa.es\/fotocasa-life\/wp-content\/uploads\/2026\/04\/GettyImages-2161792429-1-768x569.jpg 768w, https:\/\/www.fotocasa.es\/fotocasa-life\/wp-content\/uploads\/2026\/04\/GettyImages-2161792429-1-1536x1139.jpg 1536w, https:\/\/www.fotocasa.es\/fotocasa-life\/wp-content\/uploads\/2026\/04\/GettyImages-2161792429-1-2048x1519.jpg 2048w\" sizes=\"auto, (max-width: 1024px) 100vw, 1024px\" \/><p id=\"caption-attachment-102716\" class=\"wp-caption-text\">Mapa costas Espa\u00f1a &#8211; Getty Images<\/p><\/div>\n<p data-path-to-node=\"32\">La <b data-path-to-node=\"2\" data-index-in-node=\"31\">Playa de Ses Illetes<\/b>, en Formentera, es la mejor playa de Espa\u00f1a en 2026, seg\u00fan la IA\u00a0 ChatGpt. Destaca por sus aguas turquesas y su arena blanca que nada tienen que envidiar al Caribe. Le siguen\u00a0 la <b data-path-to-node=\"2\" data-index-in-node=\"229\">Playa de Bolonia<\/b> en C\u00e1diz, famosa por su duna salvaje y ruinas romanas, y la <b data-path-to-node=\"2\" data-index-in-node=\"306\">Playa de las Catedrales<\/b> en Lugo, un monumento natural de arcos de piedra que solo emerge con la marea baja.<\/p>\n<p data-path-to-node=\"3\">Espa\u00f1a posee <strong>una de las geograf\u00edas costeras m\u00e1s envidiables del mundo con casi 8.000 km de litoral,<\/strong> distribuidos en cuatro grandes \u00e1reas:<\/p>\n<ul>\n<li>\n<p data-path-to-node=\"4,0,0\"><b data-path-to-node=\"4,0,0\" data-index-in-node=\"0\">Costa Cant\u00e1brica:<\/b> Paisajes verdes y acantilados (Norte).<\/p>\n<\/li>\n<li>\n<p data-path-to-node=\"4,1,0\"><b data-path-to-node=\"4,1,0\" data-index-in-node=\"0\">Costa Atl\u00e1ntica:<\/b> Playas salvajes y dunas (Galicia y C\u00e1diz).<\/p>\n<\/li>\n<li>\n<p data-path-to-node=\"4,2,0\"><b data-path-to-node=\"4,2,0\" data-index-in-node=\"0\">Costa Mediterr\u00e1nea:<\/b> Calas de roca y grandes arenales (Este y Sur).<\/p>\n<\/li>\n<li>\n<p data-path-to-node=\"4,3,0\"><b data-path-to-node=\"4,3,0\" data-index-in-node=\"0\">Archipi\u00e9lagos:<\/b> Para\u00edsos volc\u00e1nicos (Canarias) y aguas cristalinas (Baleares).<\/p>\n<\/li>\n<\/ul>\n<h3 data-path-to-node=\"5\"><b data-path-to-node=\"5\" data-index-in-node=\"0\">Ranking: Las 20 mejores playas de Espa\u00f1a en 2026 seg\u00fan la IA<\/b><\/h3>\n<table class=\"table table-striped table-color-200\">\n<tbody>\n<tr>\n<th>Puesto<\/th>\n<th>Playa<\/th>\n<th style=\"padding: 12px; text-align: center; border: 1px solid #dddddd;\">Provincia<\/th>\n<\/tr>\n<tr>\n<td style=\"padding: 8px; border: 1px solid #dddddd;\">1\u00ba<\/td>\n<td style=\"padding: 8px; border: 1px solid #dddddd;\"><strong>Playa de Ses Illetes<\/strong><\/td>\n<td style=\"padding: 8px; text-align: center; border: 1px solid #dddddd;\">Illes Balears<\/td>\n<\/tr>\n<tr>\n<td style=\"padding: 8px; border: 1px solid #dddddd;\">2\u00ba<\/td>\n<td style=\"padding: 8px; border: 1px solid #dddddd;\"><strong>Playa de Bolonia<\/strong><\/td>\n<td style=\"padding: 8px; text-align: center; border: 1px solid #dddddd;\">C\u00e1diz<\/td>\n<\/tr>\n<tr>\n<td style=\"padding: 8px; border: 1px solid #dddddd;\">3\u00ba<\/td>\n<td style=\"padding: 8px; border: 1px solid #dddddd;\"><strong>Playa de las Catedrales<\/strong><\/td>\n<td style=\"padding: 8px; text-align: center; border: 1px solid #dddddd;\">Lugo<\/td>\n<\/tr>\n<tr>\n<td style=\"padding: 8px; border: 1px solid #dddddd;\">4\u00ba<\/td>\n<td style=\"padding: 8px; border: 1px solid #dddddd;\">Cala Macarella<\/td>\n<td style=\"padding: 8px; text-align: center; border: 1px solid #dddddd;\">Illes Balears<\/td>\n<\/tr>\n<tr>\n<td style=\"padding: 8px; border: 1px solid #dddddd;\">5\u00ba<\/td>\n<td style=\"padding: 8px; border: 1px solid #dddddd;\">Playa de Rodas<\/td>\n<td style=\"padding: 8px; text-align: center; border: 1px solid #dddddd;\">Pontevedra<\/td>\n<\/tr>\n<tr>\n<td style=\"padding: 8px; border: 1px solid #dddddd;\">6\u00ba<\/td>\n<td style=\"padding: 8px; border: 1px solid #dddddd;\">Cala Comte<\/td>\n<td style=\"padding: 8px; text-align: center; border: 1px solid #dddddd;\">Illes Balears<\/td>\n<\/tr>\n<tr>\n<td style=\"padding: 8px; border: 1px solid #dddddd;\">7\u00ba<\/td>\n<td style=\"padding: 8px; border: 1px solid #dddddd;\">Playa de Cofete<\/td>\n<td style=\"padding: 8px; text-align: center; border: 1px solid #dddddd;\">Las Palmas<\/td>\n<\/tr>\n<tr>\n<td style=\"padding: 8px; border: 1px solid #dddddd;\">8\u00ba<\/td>\n<td style=\"padding: 8px; border: 1px solid #dddddd;\">Playa de la Concha<\/td>\n<td style=\"padding: 8px; text-align: center; border: 1px solid #dddddd;\">Guip\u00fazcoa<\/td>\n<\/tr>\n<tr>\n<td style=\"padding: 8px; border: 1px solid #dddddd;\">9\u00ba<\/td>\n<td style=\"padding: 8px; border: 1px solid #dddddd;\">Cala Mitjana<\/td>\n<td style=\"padding: 8px; text-align: center; border: 1px solid #dddddd;\">Illes Balears<\/td>\n<\/tr>\n<tr>\n<td style=\"padding: 8px; border: 1px solid #dddddd;\">10\u00ba<\/td>\n<td style=\"padding: 8px; border: 1px solid #dddddd;\">Playa de Muro<\/td>\n<td style=\"padding: 8px; text-align: center; border: 1px solid #dddddd;\">Illes Balears<\/td>\n<\/tr>\n<tr>\n<td style=\"padding: 8px; border: 1px solid #dddddd;\">11\u00ba<\/td>\n<td style=\"padding: 8px; border: 1px solid #dddddd;\">Cala Sa Boadella<\/td>\n<td style=\"padding: 8px; text-align: center; border: 1px solid #dddddd;\">Girona<\/td>\n<\/tr>\n<tr>\n<td style=\"padding: 8px; border: 1px solid #dddddd;\">12\u00ba<\/td>\n<td style=\"padding: 8px; border: 1px solid #dddddd;\">Playa de los Genoveses<\/td>\n<td style=\"padding: 8px; text-align: center; border: 1px solid #dddddd;\">Almer\u00eda<\/td>\n<\/tr>\n<tr>\n<td style=\"padding: 8px; border: 1px solid #dddddd;\">13\u00ba<\/td>\n<td style=\"padding: 8px; border: 1px solid #dddddd;\">Cala Saladeta<\/td>\n<td style=\"padding: 8px; text-align: center; border: 1px solid #dddddd;\">Illes Balears<\/td>\n<\/tr>\n<tr>\n<td style=\"padding: 8px; border: 1px solid #dddddd;\">14\u00ba<\/td>\n<td style=\"padding: 8px; border: 1px solid #dddddd;\">Playa de Papagayo<\/td>\n<td style=\"padding: 8px; text-align: center; border: 1px solid #dddddd;\">Las Palmas<\/td>\n<\/tr>\n<tr>\n<td style=\"padding: 8px; border: 1px solid #dddddd;\">15\u00ba<\/td>\n<td style=\"padding: 8px; border: 1px solid #dddddd;\">Cala Aiguablava<\/td>\n<td style=\"padding: 8px; text-align: center; border: 1px solid #dddddd;\">Girona<\/td>\n<\/tr>\n<tr>\n<td style=\"padding: 8px; border: 1px solid #dddddd;\">16\u00ba<\/td>\n<td style=\"padding: 8px; border: 1px solid #dddddd;\">Zahara de los Atunes<\/td>\n<td style=\"padding: 8px; text-align: center; border: 1px solid #dddddd;\">C\u00e1diz<\/td>\n<\/tr>\n<tr>\n<td style=\"padding: 8px; border: 1px solid #dddddd;\">17\u00ba<\/td>\n<td style=\"padding: 8px; border: 1px solid #dddddd;\">Cala Pola<\/td>\n<td style=\"padding: 8px; text-align: center; border: 1px solid #dddddd;\">Girona<\/td>\n<\/tr>\n<tr>\n<td style=\"padding: 8px; border: 1px solid #dddddd;\">18\u00ba<\/td>\n<td style=\"padding: 8px; border: 1px solid #dddddd;\">Playa de Oyambre<\/td>\n<td style=\"padding: 8px; text-align: center; border: 1px solid #dddddd;\">Cantabria<\/td>\n<\/tr>\n<tr>\n<td style=\"padding: 8px; border: 1px solid #dddddd;\">19\u00ba<\/td>\n<td style=\"padding: 8px; border: 1px solid #dddddd;\">Cala Pregonda<\/td>\n<td style=\"padding: 8px; text-align: center; border: 1px solid #dddddd;\">Illes Balears<\/td>\n<\/tr>\n<tr>\n<td style=\"padding: 8px; border: 1px solid #dddddd;\">20\u00ba<\/td>\n<td style=\"padding: 8px; border: 1px solid #dddddd;\">Maspalomas<\/td>\n<td style=\"padding: 8px; text-align: center; border: 1px solid #dddddd;\">Las Palmas<\/td>\n<\/tr>\n<\/tbody>\n<\/table>\n<p data-path-to-node=\"32\"><em>Fuente: ChatGpt. Datos consultados en abril 2026.<\/em><\/p>\n<h2 data-path-to-node=\"32\">El mapa de la tranquilidad en Espa\u00f1a: \u00bfcu\u00e1les son las provincias m\u00e1s seguras para vivir?<\/h2>\n<p><iframe loading=\"lazy\" id=\"datawrapper-chart-Dcas9\" style=\"border: none;\" title=\"Las provincias m\u00e1s seguras de Espa\u00f1a\" src=\"https:\/\/datawrapper.dwcdn.net\/Dcas9\/1\/\" width=\"800\" height=\"642\" frameborder=\"0\" scrolling=\"no\" aria-label=\"Mapa coropl\u00e9tico\" data-external=\"1\"><\/iframe><\/p>\n<p><em>Mapa de seguridad en Espa\u00f1a &#8211; Fotocasa<\/em><\/p>\n<p data-path-to-node=\"27\">Vivir en una zona segura es la prioridad n\u00famero uno para muchas familias. Si cruzamos los datos de poblaci\u00f3n con el \u00faltimo <a href=\"https:\/\/estadisticasdecriminalidad.ses.mir.es\/publico\/portalestadistico\/balances\" target=\"_blank\" rel=\"noopener\">Balance de Criminalidad del Ministerio del Interior<\/a> (a\u00f1o 2025), vemos que el interior de Espa\u00f1a y algunas provincias del norte son aut\u00e9nticos refugios de paz.<\/p>\n<p data-path-to-node=\"28\">\n","protected":false},"excerpt":{"rendered":"<p>Analizamos el mapa de Espa\u00f1a para tu pr\u00f3xima mudanza, cruzando el precio del metro cuadrado con los \u00edndices de seguridad y las mejores conexiones de transporte.<\/p>\n","protected":false},"author":282,"featured_media":102429,"comment_status":"open","ping_status":"closed","sticky":false,"template":"","format":"standard","meta":{"_lmt_disableupdate":"yes","_lmt_disable":"","footnotes":""},"categories":[3],"tags":[13015,1860,1290,14729,8929,207,14730,2548,7338],"class_list":["post-102283","post","type-post","status-publish","format-standard","has-post-thumbnail","hentry","category-compraventa","tag-compra-de-vivienda-por-extranjeros","tag-compraventa","tag-inversion-inmobiliaria","tag-mapa-de-espana","tag-mejores-playas-de-espana","tag-precio-de-la-vivienda","tag-provincias-de-espana","tag-seguridad","tag-vivir-en-espana"],"modified_by":"Agustina Battioli","_links":{"self":[{"href":"https:\/\/www.fotocasa.es\/fotocasa-life\/wp-json\/wp\/v2\/posts\/102283","targetHints":{"allow":["GET"]}}],"collection":[{"href":"https:\/\/www.fotocasa.es\/fotocasa-life\/wp-json\/wp\/v2\/posts"}],"about":[{"href":"https:\/\/www.fotocasa.es\/fotocasa-life\/wp-json\/wp\/v2\/types\/post"}],"author":[{"embeddable":true,"href":"https:\/\/www.fotocasa.es\/fotocasa-life\/wp-json\/wp\/v2\/users\/282"}],"replies":[{"embeddable":true,"href":"https:\/\/www.fotocasa.es\/fotocasa-life\/wp-json\/wp\/v2\/comments?post=102283"}],"version-history":[{"count":0,"href":"https:\/\/www.fotocasa.es\/fotocasa-life\/wp-json\/wp\/v2\/posts\/102283\/revisions"}],"wp:featuredmedia":[{"embeddable":true,"href":"https:\/\/www.fotocasa.es\/fotocasa-life\/wp-json\/wp\/v2\/media\/102429"}],"wp:attachment":[{"href":"https:\/\/www.fotocasa.es\/fotocasa-life\/wp-json\/wp\/v2\/media?parent=102283"}],"wp:term":[{"taxonomy":"category","embeddable":true,"href":"https:\/\/www.fotocasa.es\/fotocasa-life\/wp-json\/wp\/v2\/categories?post=102283"},{"taxonomy":"post_tag","embeddable":true,"href":"https:\/\/www.fotocasa.es\/fotocasa-life\/wp-json\/wp\/v2\/tags?post=102283"}],"curies":[{"name":"wp","href":"https:\/\/api.w.org\/{rel}","templated":true}]}}