{"id":102244,"date":"2026-04-27T09:57:23","date_gmt":"2026-04-27T07:57:23","guid":{"rendered":"https:\/\/www.fotocasa.es\/fotocasa-life\/?p=102244"},"modified":"2026-04-27T09:58:08","modified_gmt":"2026-04-27T07:58:08","slug":"15-muebles-de-ikea-que-son-para-siempre-y-que-pegan-con-tu-estilo-si-o-si","status":"publish","type":"post","link":"https:\/\/www.fotocasa.es\/fotocasa-life\/inspiracion\/15-muebles-de-ikea-que-son-para-siempre-y-que-pegan-con-tu-estilo-si-o-si\/","title":{"rendered":"15 muebles de IKEA que son para siempre y que pegan con tu estilo s\u00ed o s\u00ed"},"content":{"rendered":"<p style=\"text-align: right;\">Contenido patrocinado<\/p>\n<p>Da igual si vives en un piso de estudiantes o en una casa familiar: hay piezas que encajan siempre. En IKEA, muchos de los dise\u00f1os est\u00e1n pensados para durar a\u00f1os, adaptarse a distintos espacios y sobrevivir a mudanzas, cambios de estilo y nuevas etapas de vida.<\/p>\n<p>Hoy te traemos 15 muebles y accesorios IKEA que son para siempre, por su resistencia, su funcionalidad y su capacidad de encajar con cualquier estilo decorativo.<\/p>\n<h2>1. L\u00e1mpara de pie para proyectar luz indirecta<\/h2>\n<p>La l\u00e1mpara de pie T\u00c5GARP 9,99\u20ac es una<strong> soluci\u00f3n b\u00e1sica para iluminar salones, dormitorios o zonas de lectura<\/strong>. Su dise\u00f1o minimalista permite integrarla f\u00e1cilmente en <strong>distintos estilos decorativos<\/strong>: desde <a href=\"https:\/\/www.fotocasa.es\/fotocasa-life\/hogar\/decoracion\/muebles-imprescindibles-de-ikea-para-pisos-compartidos\/\"><strong>decorar pisos compartidos<\/strong><\/a> modernos o n\u00f3rdicos hasta casas de estilo cl\u00e1sico.<\/p>\n<div id=\"attachment_102321\" style=\"width: 4010px\" class=\"wp-caption aligncenter\"><img loading=\"lazy\" decoding=\"async\" aria-describedby=\"caption-attachment-102321\" class=\"size-full wp-image-102321\" src=\"https:\/\/www.fotocasa.es\/fotocasa-life\/wp-content\/uploads\/2026\/04\/PE810276.jpg\" alt=\"L\u00e1mpara IKEA\" width=\"4000\" height=\"4000\" title=\"-\" srcset=\"https:\/\/www.fotocasa.es\/fotocasa-life\/wp-content\/uploads\/2026\/04\/PE810276.jpg 4000w, https:\/\/www.fotocasa.es\/fotocasa-life\/wp-content\/uploads\/2026\/04\/PE810276-300x300.jpg 300w, https:\/\/www.fotocasa.es\/fotocasa-life\/wp-content\/uploads\/2026\/04\/PE810276-1024x1024.jpg 1024w, https:\/\/www.fotocasa.es\/fotocasa-life\/wp-content\/uploads\/2026\/04\/PE810276-150x150.jpg 150w, https:\/\/www.fotocasa.es\/fotocasa-life\/wp-content\/uploads\/2026\/04\/PE810276-768x768.jpg 768w, https:\/\/www.fotocasa.es\/fotocasa-life\/wp-content\/uploads\/2026\/04\/PE810276-1536x1536.jpg 1536w, https:\/\/www.fotocasa.es\/fotocasa-life\/wp-content\/uploads\/2026\/04\/PE810276-2048x2048.jpg 2048w\" sizes=\"auto, (max-width: 4000px) 100vw, 4000px\" \/><p id=\"caption-attachment-102321\" class=\"wp-caption-text\">Fuente: IKEA<\/p><\/div>\n<h2>2. Espejo con dise\u00f1o atemporal que no pasa de moda<\/h2>\n<p>El espejo NISSEDAL 29,99\u20ac destaca por su b\u00e1sico y dise\u00f1o atemporal. Funciona bien en <strong>recibidores, dormitorios o ba\u00f1os, y puede colocarse en vertical u horizontal<\/strong>, por lo que si te cansas, puedes recolocarlo en cualquier estancia.<\/p>\n<div id=\"attachment_102324\" style=\"width: 4010px\" class=\"wp-caption aligncenter\"><img loading=\"lazy\" decoding=\"async\" aria-describedby=\"caption-attachment-102324\" class=\"size-full wp-image-102324\" src=\"https:\/\/www.fotocasa.es\/fotocasa-life\/wp-content\/uploads\/2026\/04\/PE949297.jpg\" alt=\"Espejo IKEA\" width=\"4000\" height=\"4000\" title=\"-\" srcset=\"https:\/\/www.fotocasa.es\/fotocasa-life\/wp-content\/uploads\/2026\/04\/PE949297.jpg 4000w, https:\/\/www.fotocasa.es\/fotocasa-life\/wp-content\/uploads\/2026\/04\/PE949297-300x300.jpg 300w, https:\/\/www.fotocasa.es\/fotocasa-life\/wp-content\/uploads\/2026\/04\/PE949297-1024x1024.jpg 1024w, https:\/\/www.fotocasa.es\/fotocasa-life\/wp-content\/uploads\/2026\/04\/PE949297-150x150.jpg 150w, https:\/\/www.fotocasa.es\/fotocasa-life\/wp-content\/uploads\/2026\/04\/PE949297-768x768.jpg 768w, https:\/\/www.fotocasa.es\/fotocasa-life\/wp-content\/uploads\/2026\/04\/PE949297-1536x1536.jpg 1536w, https:\/\/www.fotocasa.es\/fotocasa-life\/wp-content\/uploads\/2026\/04\/PE949297-2048x2048.jpg 2048w\" sizes=\"auto, (max-width: 4000px) 100vw, 4000px\" \/><p id=\"caption-attachment-102324\" class=\"wp-caption-text\">Fuente: IKEA<\/p><\/div>\n<h2>3. Baldas para decorar paredes con recuerdos<\/h2>\n<p>Las paredes pueden convertirse en una galer\u00eda de recuerdos con los estantes para cuadros MOSSLANDA 4,99\u20ac. Este accesorio permite colocar fotograf\u00edas, l\u00e1minas o peque\u00f1os objetos decorativos en <strong><a href=\"https:\/\/www.fotocasa.es\/fotocasa-life\/hogar\/como-preparar-habitacion-bebe\/\">habitaciones para beb\u00e9s<\/a>, juveniles, dormitorios de matrimonio, salones&#8230;<\/strong> Es uno de los productos m\u00e1s vers\u00e1tiles de IKEA.<\/p>\n<div id=\"attachment_102320\" style=\"width: 4510px\" class=\"wp-caption aligncenter\"><img loading=\"lazy\" decoding=\"async\" aria-describedby=\"caption-attachment-102320\" class=\"size-full wp-image-102320\" src=\"https:\/\/www.fotocasa.es\/fotocasa-life\/wp-content\/uploads\/2026\/04\/PE763740.jpg\" alt=\"baldas IKEA\" width=\"4500\" height=\"4500\" title=\"-\" srcset=\"https:\/\/www.fotocasa.es\/fotocasa-life\/wp-content\/uploads\/2026\/04\/PE763740.jpg 4500w, https:\/\/www.fotocasa.es\/fotocasa-life\/wp-content\/uploads\/2026\/04\/PE763740-300x300.jpg 300w, https:\/\/www.fotocasa.es\/fotocasa-life\/wp-content\/uploads\/2026\/04\/PE763740-1024x1024.jpg 1024w, https:\/\/www.fotocasa.es\/fotocasa-life\/wp-content\/uploads\/2026\/04\/PE763740-150x150.jpg 150w, https:\/\/www.fotocasa.es\/fotocasa-life\/wp-content\/uploads\/2026\/04\/PE763740-768x768.jpg 768w, https:\/\/www.fotocasa.es\/fotocasa-life\/wp-content\/uploads\/2026\/04\/PE763740-1536x1536.jpg 1536w, https:\/\/www.fotocasa.es\/fotocasa-life\/wp-content\/uploads\/2026\/04\/PE763740-2048x2048.jpg 2048w\" sizes=\"auto, (max-width: 4500px) 100vw, 4500px\" \/><p id=\"caption-attachment-102320\" class=\"wp-caption-text\">Fuente: IKEA<\/p><\/div>\n<h2>4. Mueble exterior que tambi\u00e9n funciona dentro de casa<\/h2>\n<p>El mueble de almacenaje SUNDS\u00d6 69,99\u20ac es una <strong>opci\u00f3n resistente para terrazas, balcones o galer\u00edas<\/strong>. Su estructura met\u00e1lica y baldas regulables permiten <strong><a href=\"https:\/\/www.fotocasa.es\/fotocasa-life\/hogar\/donde-guardar-los-utensilios-de-limpieza-en-un-piso-pequeno\/\">guardar herramientas o productos de limpieza<\/a> <\/strong>para mantenerlo todo organizado.<\/p>\n<div id=\"attachment_102327\" style=\"width: 4010px\" class=\"wp-caption aligncenter\"><img loading=\"lazy\" decoding=\"async\" aria-describedby=\"caption-attachment-102327\" class=\"size-full wp-image-102327\" src=\"https:\/\/www.fotocasa.es\/fotocasa-life\/wp-content\/uploads\/2026\/04\/PE964162.jpg\" alt=\"Mueble exterior IKEA\" width=\"4000\" height=\"4000\" title=\"-\" srcset=\"https:\/\/www.fotocasa.es\/fotocasa-life\/wp-content\/uploads\/2026\/04\/PE964162.jpg 4000w, https:\/\/www.fotocasa.es\/fotocasa-life\/wp-content\/uploads\/2026\/04\/PE964162-300x300.jpg 300w, https:\/\/www.fotocasa.es\/fotocasa-life\/wp-content\/uploads\/2026\/04\/PE964162-1024x1024.jpg 1024w, https:\/\/www.fotocasa.es\/fotocasa-life\/wp-content\/uploads\/2026\/04\/PE964162-150x150.jpg 150w, https:\/\/www.fotocasa.es\/fotocasa-life\/wp-content\/uploads\/2026\/04\/PE964162-768x768.jpg 768w, https:\/\/www.fotocasa.es\/fotocasa-life\/wp-content\/uploads\/2026\/04\/PE964162-1536x1536.jpg 1536w, https:\/\/www.fotocasa.es\/fotocasa-life\/wp-content\/uploads\/2026\/04\/PE964162-2048x2048.jpg 2048w\" sizes=\"auto, (max-width: 4000px) 100vw, 4000px\" \/><p id=\"caption-attachment-102327\" class=\"wp-caption-text\">Fuente: IKEA<\/p><\/div>\n<h2>5. L\u00e1mpara hecha de fibras naturales para un efecto c\u00e1lido<\/h2>\n<p>La iluminaci\u00f3n te ayuda a crear ambientes m\u00e1s acogedores <strong>sin necesidad de hacer grandes cambios<\/strong>. La pantalla TORARED 14,99\u20ac, est\u00e1 fabricada con fibras naturales trenzadas, lo que suaviza la luz y aporta un efecto c\u00e1lido. <strong>Encaja especialmente bien en salones y dormitorios<\/strong> donde se busca una est\u00e9tica relajada y natural.<\/p>\n<div id=\"attachment_102330\" style=\"width: 4663px\" class=\"wp-caption aligncenter\"><img loading=\"lazy\" decoding=\"async\" aria-describedby=\"caption-attachment-102330\" class=\"size-full wp-image-102330\" src=\"https:\/\/www.fotocasa.es\/fotocasa-life\/wp-content\/uploads\/2026\/04\/PH167120.jpg\" alt=\"L\u00e1mpara IKEA\" width=\"4653\" height=\"4385\" title=\"-\" srcset=\"https:\/\/www.fotocasa.es\/fotocasa-life\/wp-content\/uploads\/2026\/04\/PH167120.jpg 4653w, https:\/\/www.fotocasa.es\/fotocasa-life\/wp-content\/uploads\/2026\/04\/PH167120-300x283.jpg 300w, https:\/\/www.fotocasa.es\/fotocasa-life\/wp-content\/uploads\/2026\/04\/PH167120-1024x965.jpg 1024w, https:\/\/www.fotocasa.es\/fotocasa-life\/wp-content\/uploads\/2026\/04\/PH167120-150x141.jpg 150w, https:\/\/www.fotocasa.es\/fotocasa-life\/wp-content\/uploads\/2026\/04\/PH167120-768x724.jpg 768w, https:\/\/www.fotocasa.es\/fotocasa-life\/wp-content\/uploads\/2026\/04\/PH167120-1536x1448.jpg 1536w, https:\/\/www.fotocasa.es\/fotocasa-life\/wp-content\/uploads\/2026\/04\/PH167120-2048x1930.jpg 2048w\" sizes=\"auto, (max-width: 4653px) 100vw, 4653px\" \/><p id=\"caption-attachment-102330\" class=\"wp-caption-text\">Fuente: IKEA<\/p><\/div>\n<h2>6. Alfombra para que cualquier estancia sea acogedora<\/h2>\n<p>La alfombra STOENSE 49,99\u20ac destaca por su pelo denso y suave y es perfecta para mejorar la sensaci\u00f3n de confort al caminar descalzo. <strong>Su dise\u00f1o neutro permite integrarla f\u00e1cilmente en salones, dormitorios juveniles o de matrimonio.<\/strong><\/p>\n<div id=\"attachment_102329\" style=\"width: 5684px\" class=\"wp-caption aligncenter\"><img loading=\"lazy\" decoding=\"async\" aria-describedby=\"caption-attachment-102329\" class=\"size-full wp-image-102329\" src=\"https:\/\/www.fotocasa.es\/fotocasa-life\/wp-content\/uploads\/2026\/04\/PE976766.jpg\" alt=\"Alfombra IKEA\" width=\"5674\" height=\"5674\" title=\"-\" srcset=\"https:\/\/www.fotocasa.es\/fotocasa-life\/wp-content\/uploads\/2026\/04\/PE976766.jpg 5674w, https:\/\/www.fotocasa.es\/fotocasa-life\/wp-content\/uploads\/2026\/04\/PE976766-300x300.jpg 300w, https:\/\/www.fotocasa.es\/fotocasa-life\/wp-content\/uploads\/2026\/04\/PE976766-1024x1024.jpg 1024w, https:\/\/www.fotocasa.es\/fotocasa-life\/wp-content\/uploads\/2026\/04\/PE976766-150x150.jpg 150w, https:\/\/www.fotocasa.es\/fotocasa-life\/wp-content\/uploads\/2026\/04\/PE976766-768x768.jpg 768w, https:\/\/www.fotocasa.es\/fotocasa-life\/wp-content\/uploads\/2026\/04\/PE976766-1536x1536.jpg 1536w, https:\/\/www.fotocasa.es\/fotocasa-life\/wp-content\/uploads\/2026\/04\/PE976766-2048x2048.jpg 2048w\" sizes=\"auto, (max-width: 5674px) 100vw, 5674px\" \/><p id=\"caption-attachment-102329\" class=\"wp-caption-text\">Fuente: IKEA<\/p><\/div>\n<h2>7. Cama que se adapta seg\u00fan tus invitados<\/h2>\n<p>En <a href=\"https:\/\/www.fotocasa.es\/fotocasa-life\/hogar\/decoracion\/25-ideas-de-ikea-para-organizar-mejor-un-piso-pequeno-con-espacios-multifuncionales\/\"><strong>viviendas peque\u00f1as o habitaciones multifuncionales<\/strong><\/a>, <strong>los muebles adaptables son clave<\/strong>. La cama extensible GLAMBERGET 299\u20ac permite modificar su tama\u00f1o de individual a matrimonio seg\u00fan la cantidad de invitados que tengas aloj\u00e1ndose en casa. Adem\u00e1s, incorpora espacio de almacenaje y est\u00e1 fabricada en madera maciza de pino.<\/p>\n<div id=\"attachment_102325\" style=\"width: 4448px\" class=\"wp-caption aligncenter\"><img loading=\"lazy\" decoding=\"async\" aria-describedby=\"caption-attachment-102325\" class=\"size-full wp-image-102325\" src=\"https:\/\/www.fotocasa.es\/fotocasa-life\/wp-content\/uploads\/2026\/04\/PE958252-1.jpg\" alt=\"cama IKEA\" width=\"4438\" height=\"4438\" title=\"-\" srcset=\"https:\/\/www.fotocasa.es\/fotocasa-life\/wp-content\/uploads\/2026\/04\/PE958252-1.jpg 4438w, https:\/\/www.fotocasa.es\/fotocasa-life\/wp-content\/uploads\/2026\/04\/PE958252-1-300x300.jpg 300w, https:\/\/www.fotocasa.es\/fotocasa-life\/wp-content\/uploads\/2026\/04\/PE958252-1-1024x1024.jpg 1024w, https:\/\/www.fotocasa.es\/fotocasa-life\/wp-content\/uploads\/2026\/04\/PE958252-1-150x150.jpg 150w, https:\/\/www.fotocasa.es\/fotocasa-life\/wp-content\/uploads\/2026\/04\/PE958252-1-768x768.jpg 768w, https:\/\/www.fotocasa.es\/fotocasa-life\/wp-content\/uploads\/2026\/04\/PE958252-1-1536x1536.jpg 1536w, https:\/\/www.fotocasa.es\/fotocasa-life\/wp-content\/uploads\/2026\/04\/PE958252-1-2048x2048.jpg 2048w\" sizes=\"auto, (max-width: 4438px) 100vw, 4438px\" \/><p id=\"caption-attachment-102325\" class=\"wp-caption-text\">Fuente: IKEA<\/p><\/div>\n<h2>8. Planta artificial para quien no le gusta la jardiner\u00eda<\/h2>\n<p>La planta artificial FEKJA 2,99\u20ac es una alternativa pr\u00e1ctica para <strong>a\u00f1adir un toque verde a estanter\u00edas, mesas o rincones sin necesidad de cuidados<\/strong>. Su dise\u00f1o busca imitar al m\u00e1ximo el aspecto natural.<\/p>\n<div id=\"attachment_102339\" style=\"width: 4093px\" class=\"wp-caption aligncenter\"><img loading=\"lazy\" decoding=\"async\" aria-describedby=\"caption-attachment-102339\" class=\"size-full wp-image-102339\" src=\"https:\/\/www.fotocasa.es\/fotocasa-life\/wp-content\/uploads\/2026\/04\/PE797858.jpg\" alt=\"planta artificial IKEA\" width=\"4083\" height=\"5445\" title=\"-\" srcset=\"https:\/\/www.fotocasa.es\/fotocasa-life\/wp-content\/uploads\/2026\/04\/PE797858.jpg 4083w, https:\/\/www.fotocasa.es\/fotocasa-life\/wp-content\/uploads\/2026\/04\/PE797858-225x300.jpg 225w, https:\/\/www.fotocasa.es\/fotocasa-life\/wp-content\/uploads\/2026\/04\/PE797858-768x1024.jpg 768w, https:\/\/www.fotocasa.es\/fotocasa-life\/wp-content\/uploads\/2026\/04\/PE797858-112x150.jpg 112w, https:\/\/www.fotocasa.es\/fotocasa-life\/wp-content\/uploads\/2026\/04\/PE797858-1152x1536.jpg 1152w, https:\/\/www.fotocasa.es\/fotocasa-life\/wp-content\/uploads\/2026\/04\/PE797858-1536x2048.jpg 1536w\" sizes=\"auto, (max-width: 4083px) 100vw, 4083px\" \/><p id=\"caption-attachment-102339\" class=\"wp-caption-text\">Fuente: IKEA<\/p><\/div>\n<h2>9. Kit b\u00e1sico para ba\u00f1os peque\u00f1os de cualquier estilo<\/h2>\n<p>El mueble con lavabo NYSJ\u00d6N \/ BJ\u00d6RK\u00c5N 110\u20ac <strong>combina almacenaje y funcionalidad en una sola pieza<\/strong>, con capacidad para guardar toallas, cestos o papel higi\u00e9nico de forma ordenada.<\/p>\n<div id=\"attachment_102333\" style=\"width: 5341px\" class=\"wp-caption aligncenter\"><img loading=\"lazy\" decoding=\"async\" aria-describedby=\"caption-attachment-102333\" class=\"size-full wp-image-102333\" src=\"https:\/\/www.fotocasa.es\/fotocasa-life\/wp-content\/uploads\/2026\/04\/PH178691.jpg\" alt=\"mueble ba\u00f1o IKEA\" width=\"5331\" height=\"2912\" title=\"-\" srcset=\"https:\/\/www.fotocasa.es\/fotocasa-life\/wp-content\/uploads\/2026\/04\/PH178691.jpg 5331w, https:\/\/www.fotocasa.es\/fotocasa-life\/wp-content\/uploads\/2026\/04\/PH178691-300x164.jpg 300w, https:\/\/www.fotocasa.es\/fotocasa-life\/wp-content\/uploads\/2026\/04\/PH178691-1024x559.jpg 1024w, https:\/\/www.fotocasa.es\/fotocasa-life\/wp-content\/uploads\/2026\/04\/PH178691-150x82.jpg 150w, https:\/\/www.fotocasa.es\/fotocasa-life\/wp-content\/uploads\/2026\/04\/PH178691-768x420.jpg 768w, https:\/\/www.fotocasa.es\/fotocasa-life\/wp-content\/uploads\/2026\/04\/PH178691-1536x839.jpg 1536w, https:\/\/www.fotocasa.es\/fotocasa-life\/wp-content\/uploads\/2026\/04\/PH178691-2048x1119.jpg 2048w\" sizes=\"auto, (max-width: 5331px) 100vw, 5331px\" \/><p id=\"caption-attachment-102333\" class=\"wp-caption-text\">Fuente: IKEA<\/p><\/div>\n<h2>10. Mueble amplio para m\u00e1s almacenamiento en el sal\u00f3n<\/h2>\n<p>La combinaci\u00f3n de almacenaje L\u00c5DMAKARE 219\u20ac cuenta con puertas deslizantes en su parte inferior para optimizar el espacio y <strong>mantener una est\u00e9tica ordenada en salones o dormitorios<\/strong>. Adem\u00e1s, si combinas varias elementos L\u00c5DMAKARE puedes crear una soluci\u00f3n de almacenaje que se adapte exactamente al espacio que tengas.<\/p>\n<div id=\"attachment_102335\" style=\"width: 5010px\" class=\"wp-caption aligncenter\"><img loading=\"lazy\" decoding=\"async\" aria-describedby=\"caption-attachment-102335\" class=\"size-full wp-image-102335\" src=\"https:\/\/www.fotocasa.es\/fotocasa-life\/wp-content\/uploads\/2026\/04\/PH205362-1.jpg\" alt=\"Aparador IKEA\" width=\"5000\" height=\"5000\" title=\"-\" srcset=\"https:\/\/www.fotocasa.es\/fotocasa-life\/wp-content\/uploads\/2026\/04\/PH205362-1.jpg 5000w, https:\/\/www.fotocasa.es\/fotocasa-life\/wp-content\/uploads\/2026\/04\/PH205362-1-300x300.jpg 300w, https:\/\/www.fotocasa.es\/fotocasa-life\/wp-content\/uploads\/2026\/04\/PH205362-1-1024x1024.jpg 1024w, https:\/\/www.fotocasa.es\/fotocasa-life\/wp-content\/uploads\/2026\/04\/PH205362-1-150x150.jpg 150w, https:\/\/www.fotocasa.es\/fotocasa-life\/wp-content\/uploads\/2026\/04\/PH205362-1-768x768.jpg 768w, https:\/\/www.fotocasa.es\/fotocasa-life\/wp-content\/uploads\/2026\/04\/PH205362-1-1536x1536.jpg 1536w, https:\/\/www.fotocasa.es\/fotocasa-life\/wp-content\/uploads\/2026\/04\/PH205362-1-2048x2048.jpg 2048w\" sizes=\"auto, (max-width: 5000px) 100vw, 5000px\" \/><p id=\"caption-attachment-102335\" class=\"wp-caption-text\">Fuente: IKEA<\/p><\/div>\n<h2>11. Estanter\u00eda para separar ambientes abiertos<\/h2>\n<p>Las estanter\u00edas abiertas permiten combinar almacenaje y decoraci\u00f3n en un mismo mueble. La estanter\u00eda KALLAX 149\u20ac, es una soluci\u00f3n funcional que encaja en distintos estilos de vivienda y que puede ser<strong> perfecta como separadora de ambientes<\/strong>.<\/p>\n<div id=\"attachment_102338\" style=\"width: 609px\" class=\"wp-caption aligncenter\"><img loading=\"lazy\" decoding=\"async\" aria-describedby=\"caption-attachment-102338\" class=\"size-full wp-image-102338\" src=\"https:\/\/www.fotocasa.es\/fotocasa-life\/wp-content\/uploads\/2026\/04\/IKEA.png\" alt=\"Estanter\u00eda IKEA\" width=\"599\" height=\"797\" title=\"-\" srcset=\"https:\/\/www.fotocasa.es\/fotocasa-life\/wp-content\/uploads\/2026\/04\/IKEA.png 599w, https:\/\/www.fotocasa.es\/fotocasa-life\/wp-content\/uploads\/2026\/04\/IKEA-225x300.png 225w, https:\/\/www.fotocasa.es\/fotocasa-life\/wp-content\/uploads\/2026\/04\/IKEA-113x150.png 113w\" sizes=\"auto, (max-width: 599px) 100vw, 599px\" \/><p id=\"caption-attachment-102338\" class=\"wp-caption-text\">Fuente: IKEA<\/p><\/div>\n<h2>12. Vasos para uso diario que tambi\u00e9n son \u00abaesthetic\u00bb<\/h2>\n<p>El vaso POKAL 1,49\u20ac est\u00e1 fabricado en vidrio templado, lo que lo hace especialmente resistente. Su dise\u00f1o en color azul claro encaja tanto en <strong><a href=\"https:\/\/www.fotocasa.es\/fotocasa-life\/hogar\/decoracion\/la-checklist-de-ikea-para-equipar-tu-cocina-si-te-acabas-de-mudar\/\">cocinas modernas<\/a><\/strong> como en <strong>hogares m\u00e1s tradicionales.<\/strong><\/p>\n<div id=\"attachment_102323\" style=\"width: 4010px\" class=\"wp-caption aligncenter\"><img loading=\"lazy\" decoding=\"async\" aria-describedby=\"caption-attachment-102323\" class=\"size-full wp-image-102323\" src=\"https:\/\/www.fotocasa.es\/fotocasa-life\/wp-content\/uploads\/2026\/04\/PE925943.jpg\" alt=\"vaso IKEA\" width=\"4000\" height=\"4000\" title=\"-\" srcset=\"https:\/\/www.fotocasa.es\/fotocasa-life\/wp-content\/uploads\/2026\/04\/PE925943.jpg 4000w, https:\/\/www.fotocasa.es\/fotocasa-life\/wp-content\/uploads\/2026\/04\/PE925943-300x300.jpg 300w, https:\/\/www.fotocasa.es\/fotocasa-life\/wp-content\/uploads\/2026\/04\/PE925943-1024x1024.jpg 1024w, https:\/\/www.fotocasa.es\/fotocasa-life\/wp-content\/uploads\/2026\/04\/PE925943-150x150.jpg 150w, https:\/\/www.fotocasa.es\/fotocasa-life\/wp-content\/uploads\/2026\/04\/PE925943-768x768.jpg 768w, https:\/\/www.fotocasa.es\/fotocasa-life\/wp-content\/uploads\/2026\/04\/PE925943-1536x1536.jpg 1536w, https:\/\/www.fotocasa.es\/fotocasa-life\/wp-content\/uploads\/2026\/04\/PE925943-2048x2048.jpg 2048w\" sizes=\"auto, (max-width: 4000px) 100vw, 4000px\" \/><p id=\"caption-attachment-102323\" class=\"wp-caption-text\">Fuente: IKEA<\/p><\/div>\n<h2>13. Mesa auxiliar con bandeja extra\u00edble<\/h2>\n<p>Este tipo de mesas auxiliares son muy c\u00f3modas. La mesa GLADOM 19,99\u20ac <strong>es ligera y f\u00e1cil de mover de sitio<\/strong>, incluso, puedes utilizarla como mesita auxiliar, bandeja o soporte para objetos decorativos.<\/p>\n<div id=\"attachment_102342\" style=\"width: 3933px\" class=\"wp-caption aligncenter\"><img loading=\"lazy\" decoding=\"async\" aria-describedby=\"caption-attachment-102342\" class=\"size-full wp-image-102342\" src=\"https:\/\/www.fotocasa.es\/fotocasa-life\/wp-content\/uploads\/2026\/04\/PH172262.jpg\" alt=\"mesa centro IKEA\" width=\"3923\" height=\"4877\" title=\"-\" srcset=\"https:\/\/www.fotocasa.es\/fotocasa-life\/wp-content\/uploads\/2026\/04\/PH172262.jpg 3923w, https:\/\/www.fotocasa.es\/fotocasa-life\/wp-content\/uploads\/2026\/04\/PH172262-241x300.jpg 241w, https:\/\/www.fotocasa.es\/fotocasa-life\/wp-content\/uploads\/2026\/04\/PH172262-824x1024.jpg 824w, https:\/\/www.fotocasa.es\/fotocasa-life\/wp-content\/uploads\/2026\/04\/PH172262-121x150.jpg 121w, https:\/\/www.fotocasa.es\/fotocasa-life\/wp-content\/uploads\/2026\/04\/PH172262-768x955.jpg 768w, https:\/\/www.fotocasa.es\/fotocasa-life\/wp-content\/uploads\/2026\/04\/PH172262-1236x1536.jpg 1236w, https:\/\/www.fotocasa.es\/fotocasa-life\/wp-content\/uploads\/2026\/04\/PH172262-1647x2048.jpg 1647w\" sizes=\"auto, (max-width: 3923px) 100vw, 3923px\" \/><p id=\"caption-attachment-102342\" class=\"wp-caption-text\">Fuente: IKEA<\/p><\/div>\n<h2>14. Estanter\u00edas que funcionan en cualquier habitaci\u00f3n<\/h2>\n<p>Las soluciones abiertas de almacenaje ayudan a mantener el orden sin perder estilo. <strong>La estanter\u00eda KALLAX desde 59,99\u20ac es una de las piezas m\u00e1s vers\u00e1tiles de IKEA<\/strong> porque puede colocarse en distintas posiciones y adaptarse a salones, dormitorios o despachos. Adem\u00e1s, permite a\u00f1adir m\u00f3dulos extra para personalizarla al m\u00e1ximo.<\/p>\n<div id=\"attachment_102328\" style=\"width: 4010px\" class=\"wp-caption aligncenter\"><img loading=\"lazy\" decoding=\"async\" aria-describedby=\"caption-attachment-102328\" class=\"size-full wp-image-102328\" src=\"https:\/\/www.fotocasa.es\/fotocasa-life\/wp-content\/uploads\/2026\/04\/PE965011-2.jpg\" alt=\"Estanter\u00eda IKEA\" width=\"4000\" height=\"4000\" title=\"-\" srcset=\"https:\/\/www.fotocasa.es\/fotocasa-life\/wp-content\/uploads\/2026\/04\/PE965011-2.jpg 4000w, https:\/\/www.fotocasa.es\/fotocasa-life\/wp-content\/uploads\/2026\/04\/PE965011-2-300x300.jpg 300w, https:\/\/www.fotocasa.es\/fotocasa-life\/wp-content\/uploads\/2026\/04\/PE965011-2-1024x1024.jpg 1024w, https:\/\/www.fotocasa.es\/fotocasa-life\/wp-content\/uploads\/2026\/04\/PE965011-2-150x150.jpg 150w, https:\/\/www.fotocasa.es\/fotocasa-life\/wp-content\/uploads\/2026\/04\/PE965011-2-768x768.jpg 768w, https:\/\/www.fotocasa.es\/fotocasa-life\/wp-content\/uploads\/2026\/04\/PE965011-2-1536x1536.jpg 1536w, https:\/\/www.fotocasa.es\/fotocasa-life\/wp-content\/uploads\/2026\/04\/PE965011-2-2048x2048.jpg 2048w\" sizes=\"auto, (max-width: 4000px) 100vw, 4000px\" \/><p id=\"caption-attachment-102328\" class=\"wp-caption-text\">Fuente: IKEA<\/p><\/div>\n<h2>15. Muebles ligeros para organizar cualquier rinc\u00f3n de la casa<\/h2>\n<p>La estanter\u00eda EKENABBEN 69,99\u20ac tiene un <strong>dise\u00f1o sencillo con almacenaje abierto<\/strong> para que puedas ubicar tus cosas en segundos. Como idea, te puede quedar genial si la personalizas con accesorios de almacenaje: cajitas, archivadores, decoraci\u00f3n&#8230;<\/p>\n<div id=\"attachment_102326\" style=\"width: 4010px\" class=\"wp-caption aligncenter\"><img loading=\"lazy\" decoding=\"async\" aria-describedby=\"caption-attachment-102326\" class=\"size-full wp-image-102326\" src=\"https:\/\/www.fotocasa.es\/fotocasa-life\/wp-content\/uploads\/2026\/04\/PE963178.jpg\" alt=\"Estanter\u00eda IKEA\" width=\"4000\" height=\"4000\" title=\"-\" srcset=\"https:\/\/www.fotocasa.es\/fotocasa-life\/wp-content\/uploads\/2026\/04\/PE963178.jpg 4000w, https:\/\/www.fotocasa.es\/fotocasa-life\/wp-content\/uploads\/2026\/04\/PE963178-300x300.jpg 300w, https:\/\/www.fotocasa.es\/fotocasa-life\/wp-content\/uploads\/2026\/04\/PE963178-1024x1024.jpg 1024w, https:\/\/www.fotocasa.es\/fotocasa-life\/wp-content\/uploads\/2026\/04\/PE963178-150x150.jpg 150w, https:\/\/www.fotocasa.es\/fotocasa-life\/wp-content\/uploads\/2026\/04\/PE963178-768x768.jpg 768w, https:\/\/www.fotocasa.es\/fotocasa-life\/wp-content\/uploads\/2026\/04\/PE963178-1536x1536.jpg 1536w, https:\/\/www.fotocasa.es\/fotocasa-life\/wp-content\/uploads\/2026\/04\/PE963178-2048x2048.jpg 2048w\" sizes=\"auto, (max-width: 4000px) 100vw, 4000px\" \/><p id=\"caption-attachment-102326\" class=\"wp-caption-text\">Fuente: IKEA<\/p><\/div>\n<p>Si est\u00e1s pensando en renovar tu casa, apuesta por este tipo de piezas para crear espacios que sigan funcionando con el paso del tiempo. \u00bfCu\u00e1l de estos muebles encaja mejor en tu casa?<\/p>\n","protected":false},"excerpt":{"rendered":"<p>Estas 15 piezas de muebles y piezas de decoraci\u00f3n son 100% atemporales y encajan con casi cualquier estilo y estancia<\/p>\n","protected":false},"author":205,"featured_media":102341,"comment_status":"open","ping_status":"closed","sticky":false,"template":"","format":"standard","meta":{"_lmt_disableupdate":"no","_lmt_disable":"","footnotes":""},"categories":[2697],"tags":[2311,2412,1870],"class_list":["post-102244","post","type-post","status-publish","format-standard","has-post-thumbnail","hentry","category-inspiracion","tag-decoracion","tag-hogar","tag-ikea"],"modified_by":"Jessica Llavero","_links":{"self":[{"href":"https:\/\/www.fotocasa.es\/fotocasa-life\/wp-json\/wp\/v2\/posts\/102244","targetHints":{"allow":["GET"]}}],"collection":[{"href":"https:\/\/www.fotocasa.es\/fotocasa-life\/wp-json\/wp\/v2\/posts"}],"about":[{"href":"https:\/\/www.fotocasa.es\/fotocasa-life\/wp-json\/wp\/v2\/types\/post"}],"author":[{"embeddable":true,"href":"https:\/\/www.fotocasa.es\/fotocasa-life\/wp-json\/wp\/v2\/users\/205"}],"replies":[{"embeddable":true,"href":"https:\/\/www.fotocasa.es\/fotocasa-life\/wp-json\/wp\/v2\/comments?post=102244"}],"version-history":[{"count":0,"href":"https:\/\/www.fotocasa.es\/fotocasa-life\/wp-json\/wp\/v2\/posts\/102244\/revisions"}],"wp:featuredmedia":[{"embeddable":true,"href":"https:\/\/www.fotocasa.es\/fotocasa-life\/wp-json\/wp\/v2\/media\/102341"}],"wp:attachment":[{"href":"https:\/\/www.fotocasa.es\/fotocasa-life\/wp-json\/wp\/v2\/media?parent=102244"}],"wp:term":[{"taxonomy":"category","embeddable":true,"href":"https:\/\/www.fotocasa.es\/fotocasa-life\/wp-json\/wp\/v2\/categories?post=102244"},{"taxonomy":"post_tag","embeddable":true,"href":"https:\/\/www.fotocasa.es\/fotocasa-life\/wp-json\/wp\/v2\/tags?post=102244"}],"curies":[{"name":"wp","href":"https:\/\/api.w.org\/{rel}","templated":true}]}}